{"id":124964,"date":"2025-12-24T17:31:08","date_gmt":"2025-12-24T17:31:08","guid":{"rendered":"https:\/\/www.europesays.com\/fi\/124964\/"},"modified":"2025-12-24T17:31:08","modified_gmt":"2025-12-24T17:31:08","slug":"helena-ahti-hallbergin-pinna-alkaa-kiristya-remontin-keskella","status":"publish","type":"post","link":"https:\/\/www.europesays.com\/fi\/124964\/","title":{"rendered":"Helena Ahti-Hallbergin pinna alkaa kiristy\u00e4 remontin keskell\u00e4"},"content":{"rendered":"<p><strong class=\"typography-bold\">Helena Ahti-Hallberg remontoi miehens\u00e4 Eric Hallbergin kanssa kakkoskotiaan Espanjassa.<\/strong><\/p>\n<p><a class=\"cursor-pointer underline\" data-testid=\"internal-link\" role=\"link\" data-sentry-element=\"Link\" data-sentry-component=\"InternalLink\" data-sentry-source-file=\"InternalLink.tsx\" href=\"https:\/\/www.mtvuutiset.fi\/aihe\/helena-ahti-hallberg\/2889966\" rel=\"nofollow noopener\" target=\"_blank\"><strong class=\"typography-bold\">Helena Ahti-Hallberg<\/strong><\/a> suuntasi <a class=\"cursor-pointer underline\" data-testid=\"internal-link\" role=\"link\" data-sentry-element=\"Link\" data-sentry-component=\"InternalLink\" data-sentry-source-file=\"InternalLink.tsx\" href=\"https:\/\/www.mtvuutiset.fi\/aihe\/tanssii-tahtien-kanssa\/2839810\" rel=\"nofollow noopener\" target=\"_blank\">Tanssii T\u00e4htien Kanssa<\/a> -ohjelman p\u00e4\u00e4ttymisen j\u00e4lkeen Espanjaan jatkamaan remppahommia. Ahti-Hallberg osti miehens\u00e4 <strong class=\"typography-bold\">Eric Hallbergin<\/strong> kanssa Espanjasta <a class=\"cursor-pointer underline\" data-testid=\"internal-link\" role=\"link\" data-sentry-element=\"Link\" data-sentry-component=\"InternalLink\" data-sentry-source-file=\"InternalLink.tsx\" href=\"https:\/\/www.mtvuutiset.fi\/artikkeli\/helena-ahti-hallberg-osti-talon-espanjasta-paatettiin-unelmoimisen-sijaan-toimia\/8983006\" rel=\"nofollow noopener\" target=\"_blank\">talon viime vuonna<\/a>.\u00a0<\/p>\n<p>Ahti-Hallberg on pit\u00e4nyt someseuraajansa ajan tasalla remontin kaikista k\u00e4\u00e4nteist\u00e4, joita on matkan varrella riitt\u00e4nyt. Tanssituomari on saanut kyselyit\u00e4, joko remontti alkaa olla pian valmis.\u00a0<\/p>\n<p>\u2013 Seh\u00e4n on alkumetreill\u00e4 ja loppu h\u00e4\u00e4m\u00f6tt\u00e4\u00e4 noin kymmenen vuoden p\u00e4\u00e4st\u00e4. Ett\u00e4 semmoisella aikataululla edet\u00e4\u00e4n ja voin kertoa ett\u00e4 t\u00e4llaiselle heti, kaikki, nyt ihmiselle se on aika haastavaa, suorastaan raastavaa.\u00a0Mut m\u00e4 treenaan malttia, Ahti-Hallberg vastaa kyselij\u00f6ille.<\/p>\n<p>Lue my\u00f6s: <a class=\"cursor-pointer underline\" data-testid=\"internal-link\" role=\"link\" data-sentry-element=\"Link\" data-sentry-component=\"InternalLink\" data-sentry-source-file=\"InternalLink.tsx\" href=\"https:\/\/www.mtvuutiset.fi\/artikkeli\/helena-ahti-hallberg-joutui-pelottavaan-tilanteeseen-koira-ja-mina-selvittiin-pienin-ruhjein\/9182890\" rel=\"nofollow noopener\" target=\"_blank\">Helena Ahti-Hallberg joutui pelottavaan tilanteeseen: &#8221;Koira ja min\u00e4 selvittiin pienin ruhjein&#8221;<\/a><\/p>\n<p>Erityisesti yksi asia saa Ahti-Hallbergin tuskastumaan, nimitt\u00e4in s\u00e4hk\u00f6ongelmat.<\/p>\n<p>\u2013 Siis miettik\u00e4\u00e4, tilattu vuosi sitten, johdot vedetty talon sis\u00e4\u00e4n puoli vuotta sitten. Mittari vaan puuttuu. Toki nyt niille on saattanut tulla joku hieno uusi idea, koska tien toiselta puolen on kaivettu joku putki meid\u00e4n puolelle\u2026 Tied\u00e4 niit\u00e4, mutta v\u00e4hitellen menee hermo. Miten voi olla niin vaikeaa saattaa ty\u00f6 loppuun?<\/p>\n<p>\u2013 Onhan meill\u00e4 aurinkopaneelit jotta v\u00e4ltt\u00e4m\u00e4tt\u00f6myydet hoituu, mutta muutaman sadep\u00e4iv\u00e4n j\u00e4lkeen alkaa akut olemaan aika finaalissa. Olis ihan kiva kuunnella v\u00e4h\u00e4n musiikkia, laittaa kuuseen valot ja sen semmoista, mutta remonttiin tarvittavat valot, porat, sekoittimet sun muut ajaa kaiken v\u00e4h\u00e4p\u00e4t\u00f6isemm\u00e4n edelle.<\/p>\n<p>Jos julkaisu ei n\u00e4y, voit katsoa sen <a class=\"underline\" data-testid=\"external-link\" href=\"https:\/\/www.instagram.com\/p\/DScsAfdiNzt\/\" rel=\"noopener noreferrer nofollow\" target=\"_blank\" data-sentry-component=\"ExternalLink\" data-sentry-source-file=\"ExternalLink.tsx\">t\u00e4st\u00e4<\/a>.<\/p>\n<p>Lue my\u00f6s: <a class=\"cursor-pointer underline\" data-testid=\"internal-link\" role=\"link\" data-sentry-element=\"Link\" data-sentry-component=\"InternalLink\" data-sentry-source-file=\"InternalLink.tsx\" href=\"https:\/\/www.mtvuutiset.fi\/artikkeli\/helena-ahti-hallberg-kohtasi-sahkoongelman-espanjan-kodissaan-en-tieda-miten-tama-paattyy\/9084614\" rel=\"nofollow noopener\" target=\"_blank\">Helena Ahti-Hallberg kohtasi s\u00e4hk\u00f6ongelman Espanjan-kodissaan: &#8221;En tied\u00e4, miten t\u00e4m\u00e4 p\u00e4\u00e4ttyy&#8221;<\/a><\/p>\n<p>Ahti-Hallbergill\u00e4 on haaveena uudenlainen katto kotiin, mutta remonttiurakan edess\u00e4 on my\u00f6s sill\u00e4 saralla ollut vastoink\u00e4ymisi\u00e4.<\/p>\n<p>\u2013 Unelmana oli kaivaa vanhat katot esiin, tied\u00e4tteh\u00e4n, ne ihanat vanhat parrut ja sen semmoiset. Valitettavasti todellisuus ei aina kohtaa unelmien kanssa. Parruja kyll\u00e4 l\u00f6ytyy, mutta my\u00f6s ihmeellisi\u00e4 koteloita, puoli metri\u00e4 eri korkeudella olevia kattoja, vanhaa huonejakoa jne. T\u00e4st\u00e4 poistettiin vanhan kattovalaisimen kupu ja p\u00e4\u00e4stiin kurkkaamaan v\u00e4likattoon, pettymys.<\/p>\n<p>\u2013 Ehk\u00e4 m\u00e4 heit\u00e4n mun kattounelmat romukoppaan ja tyydyn tylsiin valkoisiin kattoihin. Tai jos edes yhdest\u00e4 huoneesta l\u00f6ytyis ne mun unelmien parrut.<\/p>\n<p>Jos julkaisu ei n\u00e4y, voit katsoa sen <a class=\"underline\" data-testid=\"external-link\" href=\"https:\/\/www.instagram.com\/p\/DSfkB8siCQ0\/\" rel=\"noopener noreferrer nofollow\" target=\"_blank\" data-sentry-component=\"ExternalLink\" data-sentry-source-file=\"ExternalLink.tsx\">t\u00e4st\u00e4<\/a>.<\/p>\n<p><script async src=\"\/\/www.instagram.com\/embed.js\"><\/script><\/p>\n","protected":false},"excerpt":{"rendered":"Helena Ahti-Hallberg remontoi miehens\u00e4 Eric Hallbergin kanssa kakkoskotiaan Espanjassa. Helena Ahti-Hallberg suuntasi Tanssii T\u00e4htien Kanssa -ohjelman p\u00e4\u00e4ttymisen j\u00e4lkeen&hellip;\n","protected":false},"author":2,"featured_media":9008,"comment_status":"","ping_status":"","sticky":false,"template":"","format":"standard","meta":{"footnotes":""},"categories":[136],"tags":[407,137,33,31,30,408,32,109],"class_list":{"0":"post-124964","1":"post","2":"type-post","3":"status-publish","4":"format-standard","5":"has-post-thumbnail","7":"category-julkkikset","8":"tag-celebrities","9":"tag-entertainment","10":"tag-fi","11":"tag-finland","12":"tag-finnish","13":"tag-julkkikset","14":"tag-suomi","15":"tag-viihde"},"share_on_mastodon":{"url":"https:\/\/pubeurope.com\/@fi\/115775739228622645","error":""},"_links":{"self":[{"href":"https:\/\/www.europesays.com\/fi\/wp-json\/wp\/v2\/posts\/124964","targetHints":{"allow":["GET"]}}],"collection":[{"href":"https:\/\/www.europesays.com\/fi\/wp-json\/wp\/v2\/posts"}],"about":[{"href":"https:\/\/www.europesays.com\/fi\/wp-json\/wp\/v2\/types\/post"}],"author":[{"embeddable":true,"href":"https:\/\/www.europesays.com\/fi\/wp-json\/wp\/v2\/users\/2"}],"replies":[{"embeddable":true,"href":"https:\/\/www.europesays.com\/fi\/wp-json\/wp\/v2\/comments?post=124964"}],"version-history":[{"count":0,"href":"https:\/\/www.europesays.com\/fi\/wp-json\/wp\/v2\/posts\/124964\/revisions"}],"wp:featuredmedia":[{"embeddable":true,"href":"https:\/\/www.europesays.com\/fi\/wp-json\/wp\/v2\/media\/9008"}],"wp:attachment":[{"href":"https:\/\/www.europesays.com\/fi\/wp-json\/wp\/v2\/media?parent=124964"}],"wp:term":[{"taxonomy":"category","embeddable":true,"href":"https:\/\/www.europesays.com\/fi\/wp-json\/wp\/v2\/categories?post=124964"},{"taxonomy":"post_tag","embeddable":true,"href":"https:\/\/www.europesays.com\/fi\/wp-json\/wp\/v2\/tags?post=124964"}],"curies":[{"name":"wp","href":"https:\/\/api.w.org\/{rel}","templated":true}]}}