{"id":124973,"date":"2025-12-24T17:44:14","date_gmt":"2025-12-24T17:44:14","guid":{"rendered":"https:\/\/www.europesays.com\/fi\/124973\/"},"modified":"2025-12-24T17:44:14","modified_gmt":"2025-12-24T17:44:14","slug":"nainen-katosi-hautausmaalla","status":"publish","type":"post","link":"https:\/\/www.europesays.com\/fi\/124973\/","title":{"rendered":"Nainen katosi hautausmaalla"},"content":{"rendered":"<p>Ihmisi\u00e4 pyydet\u00e4\u00e4n tarkistamaan pihojaan ja varastojaan.<\/p>\n<p><img decoding=\"async\" class=\"image image-show image-preview\" src=\"https:\/\/www.europesays.com\/fi\/wp-content\/uploads\/2025\/12\/bd10c09b913d187ac064d1ce56ee9889d0f6bd0d3c00f99bc36b66f87823252f.jpg\" alt=\"\"\/><img decoding=\"async\" class=\"image image-show\" src=\"https:\/\/www.europesays.com\/fi\/wp-content\/uploads\/2025\/12\/1766598254_830_bd10c09b913d187ac064d1ce56ee9889d0f6bd0d3c00f99bc36b66f87823252f.jpg\" alt=\"\"\/><\/p>\n<p>Kuva kadonneesta. POLIISI<\/p>\n<p class=\"paragraph\">I\u00e4k\u00e4s nainen on kadonnut Rauman vanhalta hautausmaalta Kaunisj\u00e4rventielt\u00e4.<\/p>\n<p class=\"paragraph\">Poliisin mukaan 76-vuotias nainen katosi noin kello 18 aikaan jouluaatonaattona tiistaina. Poliisi ja muut viranomaiset ovat etsineet naista laajasti jouluaaton vastaisena y\u00f6n\u00e4 ja aattop\u00e4iv\u00e4n\u00e4.<\/p>\n<p class=\"paragraph\">Naisesta on saatu yleis\u00f6vihjeit\u00e4, joiden seurauksena etsinn\u00e4t keskittyv\u00e4t Rauman etel\u00e4puolelle, erityisesti Kortelaan ja Unjalaan. Etsint\u00f6j\u00e4 tehd\u00e4\u00e4n lis\u00e4ksi Sampaanalan, Monnan, Koij\u00e4rven ja Vasaraisen alueilla.<\/p>\n<p class=\"paragraph\">Poliisi pyyt\u00e4\u00e4 naisesta havaintoja, ja jos sellaisia on, ne tulee ilmoittaa suoraan h\u00e4t\u00e4numeroon 112. Poliisi kehottaa paikallisia tarkistamaan omat pihansa, varastonsa ja ulkotilansa.<\/p>\n<p class=\"paragraph\">Nainen on 158 senttimetri\u00e4 pitk\u00e4. H\u00e4nell\u00e4 on tiett\u00e4v\u00e4sti yll\u00e4\u00e4n mustat farkut, vaalea pipo, vaaleanvihre\u00e4 toppatakki ja silm\u00e4lasit. Poliisin mukaan nainen k\u00e4velee reippaasti ja voi liikkua laajahkolla alueella.<\/p>\n","protected":false},"excerpt":{"rendered":"Ihmisi\u00e4 pyydet\u00e4\u00e4n tarkistamaan pihojaan ja varastojaan. Kuva kadonneesta. POLIISI I\u00e4k\u00e4s nainen on kadonnut Rauman vanhalta hautausmaalta Kaunisj\u00e4rventielt\u00e4. Poliisin&hellip;\n","protected":false},"author":2,"featured_media":124974,"comment_status":"","ping_status":"","sticky":false,"template":"","format":"standard","meta":{"footnotes":""},"categories":[12],"tags":[35,22,23,26,27,33,31,30,17,55,24,25,28,29,15,18,21,122,54,52,32,19,20,546,16],"class_list":{"0":"post-124973","1":"post","2":"type-post","3":"status-publish","4":"format-standard","5":"has-post-thumbnail","7":"category-suomi","8":"tag-24h","9":"tag-breaking-news","10":"tag-breakingnews","11":"tag-featured-news","12":"tag-featurednews","13":"tag-fi","14":"tag-finland","15":"tag-finnish","16":"tag-headlines","17":"tag-lainvalvonta","18":"tag-latest-news","19":"tag-latestnews","20":"tag-main-news","21":"tag-mainnews","22":"tag-news","23":"tag-otsikot","24":"tag-paauutiset","25":"tag-pelastaminen","26":"tag-pelastuspalvelut","27":"tag-poliisi","28":"tag-suomi","29":"tag-top-stories","30":"tag-topstories","31":"tag-turvallisuus","32":"tag-uutiset"},"share_on_mastodon":{"url":"https:\/\/pubeurope.com\/@fi\/115775790626342919","error":""},"_links":{"self":[{"href":"https:\/\/www.europesays.com\/fi\/wp-json\/wp\/v2\/posts\/124973","targetHints":{"allow":["GET"]}}],"collection":[{"href":"https:\/\/www.europesays.com\/fi\/wp-json\/wp\/v2\/posts"}],"about":[{"href":"https:\/\/www.europesays.com\/fi\/wp-json\/wp\/v2\/types\/post"}],"author":[{"embeddable":true,"href":"https:\/\/www.europesays.com\/fi\/wp-json\/wp\/v2\/users\/2"}],"replies":[{"embeddable":true,"href":"https:\/\/www.europesays.com\/fi\/wp-json\/wp\/v2\/comments?post=124973"}],"version-history":[{"count":0,"href":"https:\/\/www.europesays.com\/fi\/wp-json\/wp\/v2\/posts\/124973\/revisions"}],"wp:featuredmedia":[{"embeddable":true,"href":"https:\/\/www.europesays.com\/fi\/wp-json\/wp\/v2\/media\/124974"}],"wp:attachment":[{"href":"https:\/\/www.europesays.com\/fi\/wp-json\/wp\/v2\/media?parent=124973"}],"wp:term":[{"taxonomy":"category","embeddable":true,"href":"https:\/\/www.europesays.com\/fi\/wp-json\/wp\/v2\/categories?post=124973"},{"taxonomy":"post_tag","embeddable":true,"href":"https:\/\/www.europesays.com\/fi\/wp-json\/wp\/v2\/tags?post=124973"}],"curies":[{"name":"wp","href":"https:\/\/api.w.org\/{rel}","templated":true}]}}