{"id":124984,"date":"2025-12-24T18:08:26","date_gmt":"2025-12-24T18:08:26","guid":{"rendered":"https:\/\/www.europesays.com\/fi\/124984\/"},"modified":"2025-12-24T18:08:26","modified_gmt":"2025-12-24T18:08:26","slug":"varojen-jakaminen-sijoitetun-vapaan-oman","status":"publish","type":"post","link":"https:\/\/www.europesays.com\/fi\/124984\/","title":{"rendered":"VAROJEN JAKAMINEN SIJOITETUN VAPAAN OMAN"},"content":{"rendered":"<p>09:00 Lontoo, 11:00 Helsinki, 24.12.2025 \u2013 Afarak Group SE (\u201dAfarak\u201d tai \u201dYhti\u00f6) (LSE: AFRK, NASDAQ: AFAGR)<\/p>\n<p><b>AFARAK GROUP SE: VAROJEN JAKAMINEN SIJOITETUN VAPAAN OMAN P\u00c4\u00c4OMAN RAHASTOSTA<\/b><\/p>\n<p>Yhti\u00f6n hallitus on t\u00e4n\u00e4\u00e4n p\u00e4\u00e4tt\u00e4nyt jakaa p\u00e4\u00e4omanpalautusta 0,005 euroa osakkeelta. P\u00e4\u00e4t\u00f6s perustuu 3.6.2025 pidetyn varsinaisen yhti\u00f6kokouksen hallitukselle antamaan valtuutukseen.<\/p>\n<p>P\u00e4\u00e4omanpalautus maksetaan osakkeenomistajille, jotka ovat maksun t\u00e4sm\u00e4ytysp\u00e4iv\u00e4n\u00e4 13.2.2026 merkitty Euroclear Finland Oy:n yll\u00e4pit\u00e4m\u00e4\u00e4n Yhti\u00f6n osakasluetteloon.<\/p>\n<p>P\u00e4\u00e4omanpalautus maksetaan 20.2.2026. Maksup\u00e4iv\u00e4 Suomen ulkopuolella m\u00e4\u00e4r\u00e4ytyy p\u00e4\u00e4omanpalautuksia v\u00e4litt\u00e4vien pankkien k\u00e4yt\u00e4nt\u00f6jen mukaisesti.<\/p>\n<p>HELSINGISS\u00c4 24. JOULUKUUTA 2025<\/p>\n<p>AFARAK GROUP SE<br \/>Guy Konsbruck<br \/>Toimitusjohtaja<\/p>\n<p><b>Lis\u00e4tietoja:<\/b><\/p>\n<p>Guy Konsbruck, toimitusjohtaja, +356 2122 1566, <a href=\"https:\/\/www.globenewswire.com\/Tracker?data=Hnt3EYha1VwG91_YLoei4zeyvR5VMXHgB2uDK-ztL-H_HBmhKo-MiyupX_lj-cY_QkviTFmZiQHH9w9BxYuCXZeyHfG_27sq2uR9oSk6-LDm76HNgNgBoYAvG7s6ynpcC07cPacjw64ei_Cg5HqiE_ZUO-h_eRjx17FtC14HLpaGVni-ychHbeGfJ85U98zb0HQ4i-PuIUiOe3Qu0otNr3FBhs0NxWrbhhSaZIGH57fAXOz6BZYKHgc47_y5W56DqGXek1RYOvJYUN6NFEfB2A==\" rel=\"nofollow noopener\" target=\"_blank\" title=\"guy.konsbruck@afarak.com\">guy.konsbruck@afarak.com<\/a><\/p>\n<p>Vuosikertomukset ja muut sijoittajille annettavat tiedot ovat tarkasteltavissa Yhti\u00f6n verkkosivustolla <a href=\"https:\/\/www.globenewswire.com\/Tracker?data=sB-CFBpwg1OhsL-V9X0iAcZ7lF0I7hVBsK3nfYdQ6QEMgAySvOD_15XM_YGmGZUW7TLvdEeX8r7i8qawT8A6AkSOzfwbfT1Se68lIaqEGPU=\" rel=\"nofollow noopener\" target=\"_blank\" title=\"www.afarak.com\">www.afarak.com<\/a>.<\/p>\n<p>Afarak Group on erikoismetalliseosten valmistaja, joka tavoittelee vakaata kasvua. Yhti\u00f6ll\u00e4 on erikoismetalliliiketoimintaa Etel\u00e4-Euroopassa ja rautametalliliiketoimintaa Etel\u00e4-Afrikassa. Yhti\u00f6n osake on listattu NASDAQ Helsingiss\u00e4 (AFAGR) ja Lontoon p\u00f6rssiss\u00e4 (AFRK).<\/p>\n<p><b>Jakelu:<\/b><\/p>\n<p>NASDAQ Helsinki<br \/>Lontoon p\u00f6rssi<br \/>Keskeiset tiedotusv\u00e4lineet<\/p>\n<p><a href=\"https:\/\/www.globenewswire.com\/Tracker?data=sB-CFBpwg1OhsL-V9X0iAekLjMzZpbeZfTvHzqDvS4wUrpXm-OuVWY0YuzSXCOZJQRvx-IoWj39pbBVK_RlabCNRR6qqXlEqBD8EZlPXCvVkjyrWXPgrhrGWp_i7QiJFJpD31m8UkpmyZi-Zz0OPsH9qfTJgZ7VhmnQ74UdprPmmrDufA3ZpCoo5TLRlz09eYaEmB1KrXAiSIizkqEoT4dsZt9_XfJoXSfvneI9w4CE=\" rel=\"nofollow noopener\" target=\"_blank\" title=\"www.afarak.com\">www.afarak.com<\/a><\/p>\n<p><img decoding=\"async\" alt=\"\" src=\"https:\/\/www.europesays.com\/fi\/wp-content\/uploads\/2025\/12\/Afarak-Group-SE.png\" referrerpolicy=\"no-referrer-when-downgrade\"\/><\/p>\n","protected":false},"excerpt":{"rendered":"09:00 Lontoo, 11:00 Helsinki, 24.12.2025 \u2013 Afarak Group SE (\u201dAfarak\u201d tai \u201dYhti\u00f6) (LSE: AFRK, NASDAQ: AFAGR) AFARAK GROUP&hellip;\n","protected":false},"author":2,"featured_media":124985,"comment_status":"","ping_status":"","sticky":false,"template":"","format":"standard","meta":{"footnotes":""},"categories":[76],"tags":[22282,79,77,33,31,30,22281,32,78],"class_list":{"0":"post-124984","1":"post","2":"type-post","3":"status-publish","4":"format-standard","5":"has-post-thumbnail","7":"category-talous","8":"tag-afarak-group-se","9":"tag-business","10":"tag-economy","11":"tag-fi","12":"tag-finland","13":"tag-finnish","14":"tag-helsinki-stock-exchangeafagr","15":"tag-suomi","16":"tag-talous"},"share_on_mastodon":{"url":"https:\/\/pubeurope.com\/@fi\/115775885287501620","error":""},"_links":{"self":[{"href":"https:\/\/www.europesays.com\/fi\/wp-json\/wp\/v2\/posts\/124984","targetHints":{"allow":["GET"]}}],"collection":[{"href":"https:\/\/www.europesays.com\/fi\/wp-json\/wp\/v2\/posts"}],"about":[{"href":"https:\/\/www.europesays.com\/fi\/wp-json\/wp\/v2\/types\/post"}],"author":[{"embeddable":true,"href":"https:\/\/www.europesays.com\/fi\/wp-json\/wp\/v2\/users\/2"}],"replies":[{"embeddable":true,"href":"https:\/\/www.europesays.com\/fi\/wp-json\/wp\/v2\/comments?post=124984"}],"version-history":[{"count":0,"href":"https:\/\/www.europesays.com\/fi\/wp-json\/wp\/v2\/posts\/124984\/revisions"}],"wp:featuredmedia":[{"embeddable":true,"href":"https:\/\/www.europesays.com\/fi\/wp-json\/wp\/v2\/media\/124985"}],"wp:attachment":[{"href":"https:\/\/www.europesays.com\/fi\/wp-json\/wp\/v2\/media?parent=124984"}],"wp:term":[{"taxonomy":"category","embeddable":true,"href":"https:\/\/www.europesays.com\/fi\/wp-json\/wp\/v2\/categories?post=124984"},{"taxonomy":"post_tag","embeddable":true,"href":"https:\/\/www.europesays.com\/fi\/wp-json\/wp\/v2\/tags?post=124984"}],"curies":[{"name":"wp","href":"https:\/\/api.w.org\/{rel}","templated":true}]}}