{"id":124988,"date":"2025-12-24T18:10:20","date_gmt":"2025-12-24T18:10:20","guid":{"rendered":"https:\/\/www.europesays.com\/fi\/124988\/"},"modified":"2025-12-24T18:10:20","modified_gmt":"2025-12-24T18:10:20","slug":"kurkistimme-miten-joulua-vietetaan-korkeasaaressa","status":"publish","type":"post","link":"https:\/\/www.europesays.com\/fi\/124988\/","title":{"rendered":"Kurkistimme, miten joulua vietet\u00e4\u00e4n Korkeasaaressa"},"content":{"rendered":"<p><img decoding=\"async\" src=\"https:\/\/www.europesays.com\/fi\/wp-content\/uploads\/2025\/12\/1766599812_305_978.jpg\" alt=\"Uteliaat valkop\u00e4\u00e4sakit saavat paperiin k\u00e4\u00e4rittyj\u00e4 maissint\u00e4hki\u00e4. Herkuille persot valkop\u00e4\u00e4sakit k\u00e4yv\u00e4t joskus varkaissa my\u00f6s hoitajien taskuilla, jos siell\u00e4 on sy\u00f6t\u00e4v\u00e4\u00e4, kertoo el\u00e4intenhoitaja Sanni Parkkinen.\" class=\"_Img_1rerz_1\" style=\"aspect-ratio:1.5\" loading=\"eager\"\/><\/p>\n<p class=\"article-picture-caption\">Uteliaat valkop\u00e4\u00e4sakit saavat paperiin k\u00e4\u00e4rittyj\u00e4 maissint\u00e4hki\u00e4. Herkuille persot valkop\u00e4\u00e4sakit k\u00e4yv\u00e4t joskus varkaissa my\u00f6s hoitajien taskuilla, jos siell\u00e4 on sy\u00f6t\u00e4v\u00e4\u00e4, kertoo el\u00e4intenhoitaja Sanni Parkkinen. Kuva:\u00a0Karoliina Redsven<\/p>\n<p>Vaikka muu kaupunki hiljenee joulunviettoon, el\u00e4intarhassa rutiinit py\u00f6riv\u00e4t. HS kurkisti Korkeasaaren kulisseihin jouluaattona.<\/p>\n<p>Lue tiivistelm\u00e4<\/p>\n<p class=\"article-body mb-nof-24 px-nof-16 sndp-summary-bullet-point-font\">Korkeasaari on auki jouluaattona, ja el\u00e4imet saavat joulupaketteja ja erikoisherkkuja.<\/p>\n<p class=\"article-body mb-nof-24 px-nof-16 sndp-summary-bullet-point-font\">El\u00e4intarhan markkinointijohtaja Susanna Silvonen kertoo, ett\u00e4 talviaika on parasta aikaa vierailla, koska el\u00e4imet ovat viile\u00e4ll\u00e4 s\u00e4\u00e4ll\u00e4 aktiivisia.<\/p>\n<p class=\"article-body mb-nof-24 px-nof-16 sndp-summary-bullet-point-font\">Korkeasaaressa syntyi t\u00e4n\u00e4 vuonna muun muassa keisaritamariinin poikanen, ja el\u00e4intarha sai uuden amurinleopardinaaraan.<\/p>\n<p class=\"article-body mb-nof-24 px-nof-16\">Rapina alkaa heti, kun k\u00e4\u00e4r\u00f6t on ripustettu oksille. <a class=\"article-personlink\" href=\"https:\/\/www.hs.fi\/haku\/?query=Hubert\" rel=\"nofollow noopener\" target=\"_blank\">Hubert<\/a>, <a class=\"article-personlink\" href=\"https:\/\/www.hs.fi\/haku\/?query=Ingo\" rel=\"nofollow noopener\" target=\"_blank\">Ingo<\/a> ja <a class=\"article-personlink\" href=\"https:\/\/www.hs.fi\/haku\/?query=Bea\" rel=\"nofollow noopener\" target=\"_blank\">Bea<\/a> avaavat paperiset pussukat, joista paljastuu maissint\u00e4hki\u00e4.<\/p>\n<p class=\"article-body mb-nof-24 px-nof-16\">Valkop\u00e4\u00e4sakit pit\u00e4v\u00e4t kaikenlaisesta repimisest\u00e4, kertoo Korkeasaaren el\u00e4intenhoitaja <a class=\"article-personlink\" href=\"https:\/\/www.hs.fi\/haku\/?query=Sanni%20Parkkinen\" rel=\"nofollow noopener\" target=\"_blank\">Sanni Parkkinen<\/a>. Parkkinen on kollegoidensa kanssa askarrellut Amazonia-talon k\u00e4dellisille joulun kunniaksi lahjoja.<\/p>\n<p class=\"article-body mb-nof-24 px-nof-16\">N\u00e4iden valkop\u00e4\u00e4sakien lajitoverit el\u00e4v\u00e4t Brasilian sademetsiss\u00e4. Trooppista joulutunnelmaa on tarjolla my\u00f6s Korkeasaaressa, jossa sis\u00e4tiloissa ilmankosteus nousee 80 prosenttiin ja l\u00e4mp\u00f6tila on kuin p\u00e4iv\u00e4ntasaajalla.<\/p>\n<p class=\"article-body mb-nof-24 px-nof-16\">Seuraavaksi Parkkinen jakaa lahjat kulta- ja keisaritamariineille. Komeilla viiksill\u00e4 varustettu keisaritamariinien pariskunta sai alkusyksyst\u00e4 poikasen. Sit\u00e4 Korkeasaaren markkinointijohtaja <a class=\"article-personlink\" href=\"https:\/\/www.hs.fi\/haku\/?query=Susanna%20Silvonen\" rel=\"nofollow noopener\" target=\"_blank\">Susanna Silvonen<\/a> pit\u00e4\u00e4 yhten\u00e4 vuoden kohokohtana.<\/p>\n<p class=\"article-body mb-nof-24 px-nof-16\">\u201dAina kun suojeluohjelman lajeille tulee syntymi\u00e4, se on sellainen voitto\u201d, h\u00e4n sanoo.<\/p>\n<p><img decoding=\"async\" src=\"https:\/\/www.europesays.com\/fi\/wp-content\/uploads\/2025\/12\/1766599813_520_978.jpg\" alt=\"Keisaritamariinien perheenlis\u00e4ys on ilahduttanut el\u00e4intarhassa. Piipitt\u00e4v\u00e4\u00e4 \u00e4\u00e4nt\u00e4 pit\u00e4v\u00e4\u00e4 perhett\u00e4 kutsuttaan \u201dPiiparisiksi\u201d, naapurissa asuvia kovaa ja korkealta kirkuvia kultatamariineja \u201dKiljusiksi\u201d.\" class=\"_Img_1rerz_1\" style=\"aspect-ratio:1.5\" loading=\"eager\"\/><\/p>\n<p class=\"article-picture-caption\">Keisaritamariinien perheenlis\u00e4ys on ilahduttanut el\u00e4intarhassa. Piipitt\u00e4v\u00e4\u00e4 \u00e4\u00e4nt\u00e4 pit\u00e4v\u00e4\u00e4 perhett\u00e4 kutsuttaan \u201dPiiparisiksi\u201d, naapurissa asuvia kovaa ja korkealta kirkuvia kultatamariineja \u201dKiljusiksi\u201d. Kuva:\u00a0Karoliina Redsven<\/p>\n<p><img decoding=\"async\" src=\"https:\/\/www.europesays.com\/fi\/wp-content\/uploads\/2025\/12\/1766599815_516_978.jpg\" alt=\"1970-luvulta saakka Korkeasaaressa asunut Lennart-kilpikonna l\u00e4hti p\u00e4iv\u00e4lenkille. El\u00e4intenhoitaja Sanni Parkkinen avaa kilpikonnalle oven.\" class=\"_Img_1rerz_1\" style=\"aspect-ratio:0.6666666666666666\" loading=\"eager\"\/><\/p>\n<p class=\"article-picture-caption\">1970-luvulta saakka Korkeasaaressa asunut Lennart-kilpikonna l\u00e4hti p\u00e4iv\u00e4lenkille. El\u00e4intenhoitaja Sanni Parkkinen avaa kilpikonnalle oven. Kuva:\u00a0Karoliina Redsven<\/p>\n<p class=\"article-body mb-nof-24 px-nof-16\">Jouluaattona Korkeasaaressa on suorastaan harras tunnelma, jonka v\u00e4lill\u00e4 rikkoo leijonan karjaisu.<\/p>\n<p class=\"article-body mb-nof-24 px-nof-16\">K\u00e4vij\u00f6it\u00e4 odotetaan kymmenist\u00e4 muutamaan sataan, Silvonen kertoo. Talvikaudella arkisin ahkerimpia k\u00e4vij\u00f6it\u00e4 ovat yritysasiakkaat sek\u00e4 lapsiryhm\u00e4t kouluista ja p\u00e4iv\u00e4kodeista, viikonloppuisin saarelle saapuvat perheet.<\/p>\n<p class=\"article-body mb-nof-24 px-nof-16\">Nyt olisi kuitenkin Silvosen mukaan yksi parhaita aikoja k\u00e4yd\u00e4 katsomassa el\u00e4imi\u00e4. Viile\u00e4 s\u00e4\u00e4 saa el\u00e4imet yll\u00e4tt\u00e4v\u00e4n aktiivisiksi.<\/p>\n<p class=\"article-body mb-nof-24 px-nof-16\">Samaa mielt\u00e4 ovat yst\u00e4vykset <a class=\"article-personlink\" href=\"https:\/\/www.hs.fi\/haku\/?query=Vanessa%20Ruuskanen\" rel=\"nofollow noopener\" target=\"_blank\">Vanessa Ruuskanen<\/a> ja <a class=\"article-personlink\" href=\"https:\/\/www.hs.fi\/haku\/?query=Hanna%20Lev%C3%A4nen\" rel=\"nofollow noopener\" target=\"_blank\">Hanna Lev\u00e4nen<\/a>, jotka ovat tulleet k\u00e4ym\u00e4\u00e4n Korkeasaaressa ennen aaton muuta ohjelmaa: p\u00e4iv\u00e4unia ja herkuttelua. Kaksikko kertoo vierailevansa saaressa s\u00e4\u00e4nn\u00f6llisesti.<\/p>\n<p class=\"article-body mb-nof-24 px-nof-16\">\u201dT\u00e4m\u00e4 talviaika on parasta. Kissat ovat paljon aktiivisempia. El\u00e4imetkin ovat enemm\u00e4n esill\u00e4, kun ihmisi\u00e4 on v\u00e4hemm\u00e4n\u201d, kaksikko kertoo.<\/p>\n<p class=\"article-body mb-nof-24 px-nof-16\">Ruuskanen ja Lev\u00e4nen seuraavat, kun eritt\u00e4in uhanalaisille amurinleopardeille tuodaan isot lahjapaketit. Sis\u00e4ll\u00e4 on auton alle j\u00e4\u00e4neen mets\u00e4kauriin osia. Ruhoja ja raatoja tuodaan tarhalle vuosittain noin 250\u2013300 kappaletta paikallisten riistanhoitoyhdistysten kautta. Juuri muuta ruokaa kissapedot eiv\u00e4t tarvitsekaan.<\/p>\n<p><img decoding=\"async\" src=\"https:\/\/www.europesays.com\/fi\/wp-content\/uploads\/2025\/12\/1766599815_639_978.jpg\" alt=\"Hanna Lev\u00e4nen ja Vanessa Ruuskanen seuraavat, kuinka amurinleopardi vastaanottaa joululahjansa.\" class=\"_Img_1rerz_1\" style=\"aspect-ratio:1.5\" loading=\"eager\"\/><\/p>\n<p class=\"article-picture-caption\">Hanna Lev\u00e4nen ja Vanessa Ruuskanen seuraavat, kuinka amurinleopardi vastaanottaa joululahjansa. Kuva:\u00a0Karoliina Redsven<\/p>\n<p><img decoding=\"async\" src=\"https:\/\/www.europesays.com\/fi\/wp-content\/uploads\/2025\/12\/1766599816_584_978.jpg\" alt=\"Talvikaudella kissael\u00e4imet viihtyv\u00e4t hyvin ulkona \u2013 kunhan ei sada vett\u00e4. Tiikerien uusi silta, \u201dcatwalk\u201d, on ollut suosittu.\" class=\"_Img_1rerz_1\" style=\"aspect-ratio:1.5\" loading=\"eager\"\/><\/p>\n<p class=\"article-picture-caption\">Talvikaudella kissael\u00e4imet viihtyv\u00e4t hyvin ulkona \u2013 kunhan ei sada vett\u00e4. Tiikerien uusi silta, \u201dcatwalk\u201d, on ollut suosittu. Kuva:\u00a0Karoliina Redsven<\/p>\n<p class=\"article-body mb-nof-24 px-nof-16\">Korkeasaareen lahjoitetaan paljon muutakin: Kahvipaahtimolta saa juuttis\u00e4kkej\u00e4, joita k\u00e4ytet\u00e4\u00e4n kissapetojen virikkeist\u00e4miseen. Pelastuslaitos luovuttaa vanhoja renkaita ja letkuja, joista on my\u00f6s iloa el\u00e4imille.<\/p>\n<p class=\"article-body mb-nof-24 px-nof-16\">T\u00e4n\u00e4 jouluna kulosaarelainen kuusikauppias teki lahjoituksen, jonka ansiosta kamelit, myskih\u00e4r\u00e4t ja mets\u00e4peurat saivat joulukuusia aitauksiinsa. Myym\u00e4tt\u00e4 j\u00e4\u00e4neet joulukuuset p\u00e4\u00e4siv\u00e4t hy\u00f6tyk\u00e4ytt\u00f6\u00f6n.<\/p>\n<p class=\"article-body mb-nof-24 px-nof-16\">Myskih\u00e4rkien kuusen oksille on ripustettu porkkanaa. Omenaa n\u00e4m\u00e4 myskih\u00e4r\u00e4t saavat kerran vuodessa, ja t\u00e4m\u00e4n vuoden kiinti\u00f6 on t\u00e4ynn\u00e4. <a class=\"article-personlink\" href=\"https:\/\/www.hs.fi\/haku\/?query=Routa\" rel=\"nofollow noopener\" target=\"_blank\">Routa<\/a>, t\u00e4n\u00e4 vuonna syntynyt kili, n\u00e4ytt\u00e4\u00e4 olevan tyytyv\u00e4inen j\u00e4k\u00e4l\u00e4tarjoiluun.<\/p>\n<p class=\"article-body mb-nof-24 px-nof-16\">Kuluneena vuonna Korkeasaareen on syntynyt toivottua j\u00e4lkikasvua, mutta saatu my\u00f6s muita uusia asukkaita. Silvonen nostaa vuoden ilonaiheiden joukkoon juuri uuden amurinleopardinaaraan.<\/p>\n<p class=\"article-body mb-nof-24 px-nof-16\">Laji on yksi maailman uhanalaisimmista kissapedoista. Luonnossa niit\u00e4 el\u00e4\u00e4 noin sata, el\u00e4intarhoissa tuplasti sen verran.<\/p>\n<p class=\"article-body mb-nof-24 px-nof-16\">Korkeasaari on ollut mukana satsaamassa hankkeeseen, jossa amurinleopardeja saataisiin palautettua luontoon. Nyt hanke on j\u00e4iss\u00e4, koska Ven\u00e4j\u00e4n hy\u00f6kk\u00e4yssodan my\u00f6t\u00e4 projektia ei p\u00e4\u00e4st\u00e4 toteuttamaan Ven\u00e4j\u00e4ll\u00e4 sijaitsevassa luonnonpuistossa.<\/p>\n<p><img decoding=\"async\" src=\"https:\/\/www.europesays.com\/fi\/wp-content\/uploads\/2025\/12\/1766599817_54_978.jpg\" alt=\"Mets\u00e4peuralauma sai t\u00e4n\u00e4 vuonna t\u00e4ydennyst\u00e4 \u00c4ht\u00e4rist\u00e4. Er\u00e4s tulokkaista on lajinsa geneettisesti arvokkaimpia yksil\u00f6it\u00e4, Korkeasaaresta kerrotaan.\" class=\"_Img_1rerz_1\" style=\"aspect-ratio:1.5\" loading=\"eager\"\/><\/p>\n<p class=\"article-picture-caption\">Mets\u00e4peuralauma sai t\u00e4n\u00e4 vuonna t\u00e4ydennyst\u00e4 \u00c4ht\u00e4rist\u00e4. Er\u00e4s tulokkaista on lajinsa geneettisesti arvokkaimpia yksil\u00f6it\u00e4, Korkeasaaresta kerrotaan. Kuva:\u00a0Karoliina Redsven<\/p>\n<p><img decoding=\"async\" src=\"https:\/\/www.europesays.com\/fi\/wp-content\/uploads\/2025\/12\/1766599817_859_978.jpg\" alt=\"Korkeasaaren ty\u00f6ntekij\u00e4t koristelevan kamelien joulukuusta porkkanan- ja omenanpaloilla.\" class=\"_Img_1rerz_1\" style=\"aspect-ratio:0.6666666666666666\" loading=\"eager\"\/><\/p>\n<p class=\"article-picture-caption\">Korkeasaaren ty\u00f6ntekij\u00e4t koristelevan kamelien joulukuusta porkkanan- ja omenanpaloilla. Kuva:\u00a0Karoliina Redsven<\/p>\n<p><img decoding=\"async\" src=\"https:\/\/www.europesays.com\/fi\/wp-content\/uploads\/2025\/12\/1766599818_800_978.jpg\" alt=\"Myskih\u00e4rkien Routa-kili on t\u00e4m\u00e4n vuoden el\u00e4invauvoja. Routa oli kiinnostuneempi kivill\u00e4 hyppimisest\u00e4 kuin joulukuusiin sidotuista porkkanoista.\" class=\"_Img_1rerz_1\" style=\"aspect-ratio:1.5\" loading=\"eager\"\/><\/p>\n<p class=\"article-picture-caption\">Myskih\u00e4rkien Routa-kili on t\u00e4m\u00e4n vuoden el\u00e4invauvoja. Routa oli kiinnostuneempi kivill\u00e4 hyppimisest\u00e4 kuin joulukuusiin sidotuista porkkanoista. Kuva:\u00a0Karoliina Redsven<\/p>\n<p class=\"article-body mb-nof-24 px-nof-16\">Koska el\u00e4imi\u00e4 hoidetaan joka tapauksessa joka p\u00e4iv\u00e4, on el\u00e4intarhakin yleis\u00f6lle auki vuoden jokaisena p\u00e4iv\u00e4n\u00e4, Silvonen kertoo.<\/p>\n<p class=\"article-body mb-nof-24 px-nof-16\">Talvikaudella henkil\u00f6kuntaa Korkeasaaressa on 90. El\u00e4intarhan lis\u00e4ksi v\u00e4ke\u00e4 ty\u00f6llist\u00e4\u00e4 saarella sijaitseva villiel\u00e4insairaala, jossa hoidetaan noin 1\u202f500 el\u00e4inyksil\u00f6\u00e4 vuodessa. Siell\u00e4 talvi on hiljaista aikaa, hoidossa on l\u00e4hinn\u00e4 siilej\u00e4.<\/p>\n<p class=\"article-body mb-nof-24 px-nof-16\">Pyhist\u00e4 odotetaan rauhallisia my\u00f6s el\u00e4intarhan puolella.<\/p>\n<p class=\"article-body mb-nof-24 px-nof-16\">Jouluaaton aukiolo alkoi kymmenisen vuotta sitten. Aattona paikalla on etenkin turisteja. Silvosen mieleen on j\u00e4\u00e4nyt usean kymmenen hengen sukulaisista koostuva porukka, joka vierailee Korkeasaaressa joka aatto.<\/p>\n<p class=\"article-body mb-nof-24 px-nof-16\">Ensimm\u00e4ist\u00e4 kertaa jouluvierailulla olivat 2- ja 3-vuotiaat <a class=\"article-personlink\" href=\"https:\/\/www.hs.fi\/haku\/?query=Iris\" rel=\"nofollow noopener\" target=\"_blank\">Iris<\/a> ja <a class=\"article-personlink\" href=\"https:\/\/www.hs.fi\/haku\/?query=Milo%20Hagner\" rel=\"nofollow noopener\" target=\"_blank\">Milo Hagner<\/a> \u00e4itins\u00e4 kanssa \u2013 \u00e4idin nime\u00e4 ei t\u00e4ss\u00e4 jutussa ole, koska haastattelunauhalla el\u00e4imet huusivat niin lujaa, ett\u00e4 nimi hautautui viidakon \u00e4\u00e4nten alle.<\/p>\n<p class=\"article-body mb-nof-24 px-nof-16\">\u201dHalusimme t\u00e4n\u00e4 jouluna tehd\u00e4 jotain erilaista. Lapset halusivat erityisesti n\u00e4hd\u00e4 kaimaanin\u201d, \u00e4iti Hagner kertoo. Pahaksi onneksi kolmesti viikossa ruokailevalle kaimaanille osui jouluaatolle paastop\u00e4iv\u00e4.<\/p>\n<p class=\"article-body mb-nof-24 px-nof-16\">Taaperot seurasivat, kuinka pikkumangustit saivat hy\u00f6nteisi\u00e4 sis\u00e4lt\u00e4v\u00e4t lahjapakkauksensa. Arat pikkunis\u00e4kk\u00e4\u00e4t odottivat aikansa ennen kuin l\u00e4htiv\u00e4t etsim\u00e4\u00e4n j\u00e4ttijauhomatoja ja sirkkoja laatikoista, jotka hoitajat olivat kierr\u00e4tt\u00e4neet omista juhlistaan el\u00e4inten k\u00e4ytt\u00f6\u00f6n.<\/p>\n<p><img decoding=\"async\" src=\"https:\/\/www.europesays.com\/fi\/wp-content\/uploads\/2025\/12\/1766599819_673_978.jpg\" alt=\"\u00c4iti, Iris ja Milo Hagner ihmettelem\u00e4ss\u00e4 Korkeasaaren asukkaita.\" class=\"_Img_1rerz_1\" style=\"aspect-ratio:1.5\" loading=\"eager\"\/><\/p>\n<p class=\"article-picture-caption\">\u00c4iti, Iris ja Milo Hagner ihmettelem\u00e4ss\u00e4 Korkeasaaren asukkaita. Kuva:\u00a0Karoliina Redsven<\/p>\n<p><img decoding=\"async\" src=\"https:\/\/www.europesays.com\/fi\/wp-content\/uploads\/2025\/12\/1766599820_847_978.jpg\" alt=\"Pekka J\u00e4\u00e4skel\u00e4inen virittelee mangustien lahjapakkausta, jonka sis\u00e4ll\u00e4 on j\u00e4ttijauhomatoja. J\u00e4\u00e4skel\u00e4inen vitsailee, ettei pakkaustyyli aivan muistuta japanilaisten pakkaustaidetta.\" class=\"_Img_1rerz_1\" style=\"aspect-ratio:1.5\" loading=\"eager\"\/><\/p>\n<p class=\"article-picture-caption\">Pekka J\u00e4\u00e4skel\u00e4inen virittelee mangustien lahjapakkausta, jonka sis\u00e4ll\u00e4 on j\u00e4ttijauhomatoja. J\u00e4\u00e4skel\u00e4inen vitsailee, ettei pakkaustyyli aivan muistuta japanilaisten pakkaustaidetta. Kuva:\u00a0Karoliina Redsven<\/p>\n<p><img decoding=\"async\" src=\"https:\/\/www.europesays.com\/fi\/wp-content\/uploads\/2025\/12\/1766599820_73_978.jpg\" alt=\"Korkeasaaressa asuu 16 pikkumangustia. Hy\u00f6nteiset ovat niiden herkkua, toisinaan ne nirsoilevat kissanruoan ja kasvisten kanssa.\" class=\"_Img_1rerz_1\" style=\"aspect-ratio:1.5\" loading=\"eager\"\/><\/p>\n<p class=\"article-picture-caption\">Korkeasaaressa asuu 16 pikkumangustia. Hy\u00f6nteiset ovat niiden herkkua, toisinaan ne nirsoilevat kissanruoan ja kasvisten kanssa. Kuva:\u00a0Karoliina Redsven<\/p>\n<p class=\"article-body mb-nof-24 px-nof-16\">Kun kaikki el\u00e4imet olivat saaneet jouluherkkunsa, oli henkil\u00f6kunnankin aika siirty\u00e4 joulunviettoon l\u00e4heistens\u00e4 luokse.<\/p>\n<p class=\"article-body mb-nof-24 px-nof-16\">Silloin kamelit j\u00e4\u00e4v\u00e4t poimimaan kuusen oksille sidottuja omenoita ja porkkanoita, amurinleopardit availemaan lahjak\u00e4\u00e4reit\u00e4\u00e4n ja \u00e4\u00e4nek\u00e4s kultatamariiniperhe herkuttelemaan piparin malliseksi muotoilulla p\u00e4iv\u00e4llisell\u00e4\u00e4n.<\/p>\n","protected":false},"excerpt":{"rendered":"Uteliaat valkop\u00e4\u00e4sakit saavat paperiin k\u00e4\u00e4rittyj\u00e4 maissint\u00e4hki\u00e4. Herkuille persot valkop\u00e4\u00e4sakit k\u00e4yv\u00e4t joskus varkaissa my\u00f6s hoitajien taskuilla, jos siell\u00e4 on&hellip;\n","protected":false},"author":2,"featured_media":124989,"comment_status":"","ping_status":"","sticky":false,"template":"","format":"standard","meta":{"footnotes":""},"categories":[12],"tags":[22,23,26,27,33,31,30,17,46,24,25,28,29,15,18,21,32,19,20,16],"class_list":{"0":"post-124988","1":"post","2":"type-post","3":"status-publish","4":"format-standard","5":"has-post-thumbnail","7":"category-suomi","8":"tag-breaking-news","9":"tag-breakingnews","10":"tag-featured-news","11":"tag-featurednews","12":"tag-fi","13":"tag-finland","14":"tag-finnish","15":"tag-headlines","16":"tag-helsingin-sanomat","17":"tag-latest-news","18":"tag-latestnews","19":"tag-main-news","20":"tag-mainnews","21":"tag-news","22":"tag-otsikot","23":"tag-paauutiset","24":"tag-suomi","25":"tag-top-stories","26":"tag-topstories","27":"tag-uutiset"},"share_on_mastodon":{"url":"https:\/\/pubeurope.com\/@fi\/115775894465633254","error":""},"_links":{"self":[{"href":"https:\/\/www.europesays.com\/fi\/wp-json\/wp\/v2\/posts\/124988","targetHints":{"allow":["GET"]}}],"collection":[{"href":"https:\/\/www.europesays.com\/fi\/wp-json\/wp\/v2\/posts"}],"about":[{"href":"https:\/\/www.europesays.com\/fi\/wp-json\/wp\/v2\/types\/post"}],"author":[{"embeddable":true,"href":"https:\/\/www.europesays.com\/fi\/wp-json\/wp\/v2\/users\/2"}],"replies":[{"embeddable":true,"href":"https:\/\/www.europesays.com\/fi\/wp-json\/wp\/v2\/comments?post=124988"}],"version-history":[{"count":0,"href":"https:\/\/www.europesays.com\/fi\/wp-json\/wp\/v2\/posts\/124988\/revisions"}],"wp:featuredmedia":[{"embeddable":true,"href":"https:\/\/www.europesays.com\/fi\/wp-json\/wp\/v2\/media\/124989"}],"wp:attachment":[{"href":"https:\/\/www.europesays.com\/fi\/wp-json\/wp\/v2\/media?parent=124988"}],"wp:term":[{"taxonomy":"category","embeddable":true,"href":"https:\/\/www.europesays.com\/fi\/wp-json\/wp\/v2\/categories?post=124988"},{"taxonomy":"post_tag","embeddable":true,"href":"https:\/\/www.europesays.com\/fi\/wp-json\/wp\/v2\/tags?post=124988"}],"curies":[{"name":"wp","href":"https:\/\/api.w.org\/{rel}","templated":true}]}}