{"id":124999,"date":"2025-12-24T18:40:08","date_gmt":"2025-12-24T18:40:08","guid":{"rendered":"https:\/\/www.europesays.com\/fi\/124999\/"},"modified":"2025-12-24T18:40:08","modified_gmt":"2025-12-24T18:40:08","slug":"iran-pysaytti-oljytankkerin-persianlahdella-uutisia-lyhyesti","status":"publish","type":"post","link":"https:\/\/www.europesays.com\/fi\/124999\/","title":{"rendered":"Iran pys\u00e4ytti \u00f6ljytankkerin Persianlahdella | Uutisia lyhyesti"},"content":{"rendered":"<p class=\"aw-1gybjub aw-5vja16 kEtdKx kmuxyA yle__article__paragraph\">Alusta ep\u00e4ill\u00e4\u00e4n polttoaineen salakuljettamisesta.<\/p>\n<p class=\"aw-1gybjub aw-1p7kakr kEtdKx cEmitX yle__article__paragraph\">Iranin vallankumouskaarti pys\u00e4ytti aluevesilt\u00e4\u00e4n l\u00e4hd\u00f6ss\u00e4 olleen \u00f6ljytankkerin keskiviikkona Persianlahdella, kertoo Iranin media.<\/p>\n<p class=\"aw-1gybjub aw-1p7kakr kEtdKx cEmitX yle__article__paragraph\">Toistaiseksi ei ole tiedossa, mink\u00e4 maan lipun alla tankkeri seilasi. Miehist\u00f6 ei ollut iranilainen.<\/p>\n<p class=\"aw-1gybjub aw-1p7kakr kEtdKx cEmitX yle__article__paragraph\">Valtiontelevision mukaan aluksen ep\u00e4ill\u00e4\u00e4n olleen salakuljettamassa maasta nelj\u00e4\u00e4 miljoonaa litraa polttoainetta.<\/p>\n<p class=\"aw-1gybjub aw-1p7kakr kEtdKx cEmitX yle__article__paragraph\">Polttoaineiden v\u00e4hitt\u00e4ishinnat ovat Iranissa maailman alhaisimpia, mik\u00e4 houkuttelee salakuljettajia. Iranin joukot pys\u00e4ytt\u00e4v\u00e4t tankkereita ja muita aluksia s\u00e4\u00e4nn\u00f6llisesti.<\/p>\n<p class=\"aw-1gybjub aw-1p7kakr kEtdKx cEmitX yle__article__paragraph\">Aiemmin joulukuussa Iran pys\u00e4ytti Omaninlahdella tankkerin, jonka miehist\u00f6\u00f6n kuului intialaisia, srilankalaisia ja bangladeshilaisia. T\u00e4m\u00e4 tapahtui muutamia p\u00e4ivi\u00e4 sen j\u00e4lkeen, kun Yhdysvallat oli pys\u00e4ytt\u00e4nyt tankkerin Venezuelan rannikolla.<\/p>\n<p class=\"aw-1gybjub aw-1p7kakr kEtdKx cEmitX yle__article__paragraph\">Venezuela ja Iran ovat <a class=\"aw-iao6s4 iHOxEa yle__article__link\" href=\"https:\/\/yle.fi\/a\/74-20201020\" role=\"link\" rel=\"nofollow noopener\" target=\"_blank\">pitk\u00e4aikaisia liittolaisia<\/a>.<\/p>\n<p class=\"aw-1gybjub aw-1p7kakr kEtdKx cEmitX yle__article__paragraph\">L\u00e4hde: AFP<\/p>\n","protected":false},"excerpt":{"rendered":"Alusta ep\u00e4ill\u00e4\u00e4n polttoaineen salakuljettamisesta. Iranin vallankumouskaarti pys\u00e4ytti aluevesilt\u00e4\u00e4n l\u00e4hd\u00f6ss\u00e4 olleen \u00f6ljytankkerin keskiviikkona Persianlahdella, kertoo Iranin media. Toistaiseksi ei&hellip;\n","protected":false},"author":2,"featured_media":74,"comment_status":"","ping_status":"","sticky":false,"template":"","format":"standard","meta":{"footnotes":""},"categories":[14],"tags":[22,23,26,27,33,31,30,17,3648,992,24,25,28,29,15,5913,18,21,10958,5970,32,19,20,56,16,59,60,61],"class_list":{"0":"post-124999","1":"post","2":"type-post","3":"status-publish","4":"format-standard","5":"has-post-thumbnail","7":"category-ulkomaat","8":"tag-breaking-news","9":"tag-breakingnews","10":"tag-featured-news","11":"tag-featurednews","12":"tag-fi","13":"tag-finland","14":"tag-finnish","15":"tag-headlines","16":"tag-iran","17":"tag-lahi-ita","18":"tag-latest-news","19":"tag-latestnews","20":"tag-main-news","21":"tag-mainnews","22":"tag-news","23":"tag-oljy","24":"tag-otsikot","25":"tag-paauutiset","26":"tag-persianlahti","27":"tag-rahtilaivat","28":"tag-suomi","29":"tag-top-stories","30":"tag-topstories","31":"tag-ulkomaat","32":"tag-uutiset","33":"tag-world","34":"tag-world-news","35":"tag-worldnews"},"share_on_mastodon":{"url":"https:\/\/pubeurope.com\/@fi\/115776010706773880","error":""},"_links":{"self":[{"href":"https:\/\/www.europesays.com\/fi\/wp-json\/wp\/v2\/posts\/124999","targetHints":{"allow":["GET"]}}],"collection":[{"href":"https:\/\/www.europesays.com\/fi\/wp-json\/wp\/v2\/posts"}],"about":[{"href":"https:\/\/www.europesays.com\/fi\/wp-json\/wp\/v2\/types\/post"}],"author":[{"embeddable":true,"href":"https:\/\/www.europesays.com\/fi\/wp-json\/wp\/v2\/users\/2"}],"replies":[{"embeddable":true,"href":"https:\/\/www.europesays.com\/fi\/wp-json\/wp\/v2\/comments?post=124999"}],"version-history":[{"count":0,"href":"https:\/\/www.europesays.com\/fi\/wp-json\/wp\/v2\/posts\/124999\/revisions"}],"wp:featuredmedia":[{"embeddable":true,"href":"https:\/\/www.europesays.com\/fi\/wp-json\/wp\/v2\/media\/74"}],"wp:attachment":[{"href":"https:\/\/www.europesays.com\/fi\/wp-json\/wp\/v2\/media?parent=124999"}],"wp:term":[{"taxonomy":"category","embeddable":true,"href":"https:\/\/www.europesays.com\/fi\/wp-json\/wp\/v2\/categories?post=124999"},{"taxonomy":"post_tag","embeddable":true,"href":"https:\/\/www.europesays.com\/fi\/wp-json\/wp\/v2\/tags?post=124999"}],"curies":[{"name":"wp","href":"https:\/\/api.w.org\/{rel}","templated":true}]}}