{"id":125004,"date":"2025-12-24T18:55:14","date_gmt":"2025-12-24T18:55:14","guid":{"rendered":"https:\/\/www.europesays.com\/fi\/125004\/"},"modified":"2025-12-24T18:55:14","modified_gmt":"2025-12-24T18:55:14","slug":"il-paljastuksia-dannyn-ja-helmin-joulusta","status":"publish","type":"post","link":"https:\/\/www.europesays.com\/fi\/125004\/","title":{"rendered":"IL: Paljastuksia Dannyn ja Helmin joulusta"},"content":{"rendered":"<p>Laulaja <strong>Danny<\/strong> ja <strong>Helmi Loukasm\u00e4ki<\/strong> ovat paljastaneet Iltalehdelle millaisen joulun he aikovat viett\u00e4\u00e4. He ovat pukeutuneet lehtijulkaisun kuvaan juhlallisiin asuihin. Helmill\u00e4 on p\u00e4\u00e4ll\u00e4\u00e4n joulunvihre\u00e4 mekko ja Dannyll\u00e4 kiilt\u00e4v\u00e4 takki.<\/p>\n<p>Lue my\u00f6s: <a href=\"https:\/\/www.como.fi\/uutiset\/seiska-mukava-tieto-dannysta-ja-helmi-loukasmaesta\/\" title=\"Seiska: Mukava tieto Dannyst\u00e4 ja Helmi Loukasm\u00e4est\u00e4\" class=\"underline-custom !font-montserrat !font-bold !underline-offset-4 !decoration-4 !decoration-red-600 !text-md\" rel=\"nofollow noopener\" target=\"_blank\">Seiska: Mukava tieto Dannyst\u00e4 ja Helmi Loukasm\u00e4est\u00e4<\/a><\/p>\n<p>Lue my\u00f6s: <a href=\"https:\/\/www.como.fi\/uutiset\/seiska-danny-ja-helmi-taas-ulkomaille-muuan-naky-heratti-huomion\/\" title=\"Seiska: Danny ja Helmi taas ulkomaille \u2013 muuan n\u00e4ky her\u00e4tti huomion\" class=\"underline-custom !font-montserrat !font-bold !underline-offset-4 !decoration-4 !decoration-red-600 !text-md\" rel=\"nofollow noopener\" target=\"_blank\">Seiska: Danny ja Helmi taas ulkomaille \u2013 muuan n\u00e4ky her\u00e4tti huomion<\/a><\/p>\n<p>Danny ja Helmi palaavat Kanarialta Suomeen juuri ennen joulua.<\/p>\n<p>\u2013 Haluamme rauhallista yhdess\u00e4oloa l\u00e4heistemme kanssa, paljasti Helmi Loukasm\u00e4ki Iltalehdelle.<\/p>\n<p>\u2013 Ja ett\u00e4 perinteet jatkuvat, lis\u00e4\u00e4 Danny viel\u00e4.<\/p>\n<p>Lue my\u00f6s: <a href=\"https:\/\/www.como.fi\/uutiset\/podcast-helmi-loukasmaki-kertoo-miten-talousrahat-jaetaan\/\" title=\"Podcast: Helmi Loukasm\u00e4ki kertoo miten talousrahat jaetaan\" class=\"underline-custom !font-montserrat !font-bold !underline-offset-4 !decoration-4 !decoration-red-600 !text-md\" rel=\"nofollow noopener\" target=\"_blank\">Podcast: Helmi Loukasm\u00e4ki kertoo miten talousrahat jaetaan<\/a><\/p>\n<p>Helmi haluaisi, ett\u00e4 jouluna on lunta. Sit\u00e4 h\u00e4n saattaa p\u00e4\u00e4st\u00e4 n\u00e4kem\u00e4\u00e4n, koska h\u00e4n vierailee jouluna lumen kannalta otollisessa paikassa eli Etel\u00e4-Pohjanmaalla Ilmajoella. H\u00e4n n\u00e4kee siell\u00e4 perhett\u00e4\u00e4n.<\/p>\n<p>Danny k\u00e4y jouluna ensin lastensa luona ja liittyy sen j\u00e4lkeen Helmin seuraan. Molemmat paljastivat, millaisista jouluruuista he pit\u00e4v\u00e4t. Helmi ei sy\u00f6 kinkkua, mutta Danny sy\u00f6 ja sen lis\u00e4ksi h\u00e4n mainitsee suosikeikseen lohen ja m\u00e4din lisukkeineen. Helmin suosikkeja ovat laatikot, lohi ja m\u00e4ti.<\/p>\n<p>Iltalehden mukaan Helmi on Danny\u00e4 innokkaampi hankkimaan joululahjoja. Kaunotar aikoo ostaa niit\u00e4 my\u00f6s Kanarialta.<\/p>\n<p>Dannyll\u00e4kin on kokemusta perhejouluista<\/p>\n<p>Danny on viett\u00e4nyt aikoinaan perhejoululuja, vaikka h\u00e4n oli eroperheest\u00e4. H\u00e4nen iso\u00e4itins\u00e4 kokosi perheen jouluksi kokoon. H\u00e4n vietti perhejouluja my\u00f6s silloin, kun h\u00e4n oli yhdess\u00e4 <strong>Liisa Lipsasen<\/strong> kanssa ja heid\u00e4n lapsensa olivat pieni\u00e4.<\/p>\n<p>Dannyn lapset asuvat ymp\u00e4ri maailmaa ja h\u00e4n n\u00e4kee heit\u00e4 en\u00e4\u00e4 harvoin. Helmin suku taas asuu l\u00e4hell\u00e4 toisiaan.<\/p>\n<p>\u2013 Helmin perhejoulut ovat tiiviimpi\u00e4, ja kun et\u00e4isyys ei ole siell\u00e4 kuin pari kilometri\u00e4, niin ihmiset vierailevat toistensa luona, kertoo musiikkineuvos.<\/p>\n<p>Helmi kertoo poteneensa viime aikoina ik\u00e4v\u00e4\u00e4 kotiseudullensa. Sinne ei ole onneksi Raumalta pitk\u00e4 matka. Siell\u00e4 Danny ja Helmi taas asuvat.<\/p>\n<p>\u2013 Koko ajan tekisi mieli l\u00e4hte\u00e4 Etel\u00e4-Pohjanmaalle, toteaa Helmi.<\/p>\n<p>Dannyll\u00e4 on kolme lasta<\/p>\n<p>Danny oli Liisan kanssa naimisissa vuoteen 2005 asti. Ex-parilla on kolme yhteist\u00e4 lasta. Heist\u00e4 ensimm\u00e4inen syntyi vuonna 1972. Heid\u00e4n kaksi muuta lastaan ovat syntyneet vuosina 1976 ja 1977.<\/p>\n<p>Parin eroamisen on arveltu liittyv\u00e4n <strong>Armi Aavikkoon<\/strong>. Dannyn mukaan se johtui Liisan halusta muuttaa Ruotsiin, jonne h\u00e4n ei itse halunnut muuttaa.<\/p>\n<p>L\u00e4hde: <a href=\"https:\/\/www.iltalehti.fi\/viihdeuutiset\/a\/ae590fae-9ee9-4d7f-bada-122408ec8999\" target=\"_blank\" rel=\"noreferrer noopener nofollow\">Iltalehti<\/a><\/p>\n<p>Lue my\u00f6s: <a href=\"https:\/\/www.como.fi\/tilaa-comon-uutiskirje\/\" title=\"Tilaa Comon uutiskirje ja tied\u00e4t mist\u00e4 kahvitauolla puhutaan! Nappaa kotimaan tv-vinkit ja puheenaiheet suoraan s\u00e4hk\u00f6postiin t\u00e4st\u00e4.\" class=\"underline-custom !font-montserrat !font-bold !underline-offset-4 !decoration-4 !decoration-red-600 !text-md\" rel=\"nofollow noopener\" target=\"_blank\">Tilaa Comon uutiskirje ja tied\u00e4t mist\u00e4 kahvitauolla puhutaan! Nappaa kotimaan tv-vinkit ja puheenaiheet suoraan s\u00e4hk\u00f6postiin t\u00e4st\u00e4.<\/a><\/p>\n","protected":false},"excerpt":{"rendered":"Laulaja Danny ja Helmi Loukasm\u00e4ki ovat paljastaneet Iltalehdelle millaisen joulun he aikovat viett\u00e4\u00e4. He ovat pukeutuneet lehtijulkaisun kuvaan&hellip;\n","protected":false},"author":2,"featured_media":29817,"comment_status":"","ping_status":"","sticky":false,"template":"","format":"standard","meta":{"footnotes":""},"categories":[136],"tags":[407,137,33,31,30,408,32,109],"class_list":{"0":"post-125004","1":"post","2":"type-post","3":"status-publish","4":"format-standard","5":"has-post-thumbnail","7":"category-julkkikset","8":"tag-celebrities","9":"tag-entertainment","10":"tag-fi","11":"tag-finland","12":"tag-finnish","13":"tag-julkkikset","14":"tag-suomi","15":"tag-viihde"},"share_on_mastodon":{"url":"https:\/\/pubeurope.com\/@fi\/115776069529047225","error":""},"_links":{"self":[{"href":"https:\/\/www.europesays.com\/fi\/wp-json\/wp\/v2\/posts\/125004","targetHints":{"allow":["GET"]}}],"collection":[{"href":"https:\/\/www.europesays.com\/fi\/wp-json\/wp\/v2\/posts"}],"about":[{"href":"https:\/\/www.europesays.com\/fi\/wp-json\/wp\/v2\/types\/post"}],"author":[{"embeddable":true,"href":"https:\/\/www.europesays.com\/fi\/wp-json\/wp\/v2\/users\/2"}],"replies":[{"embeddable":true,"href":"https:\/\/www.europesays.com\/fi\/wp-json\/wp\/v2\/comments?post=125004"}],"version-history":[{"count":0,"href":"https:\/\/www.europesays.com\/fi\/wp-json\/wp\/v2\/posts\/125004\/revisions"}],"wp:featuredmedia":[{"embeddable":true,"href":"https:\/\/www.europesays.com\/fi\/wp-json\/wp\/v2\/media\/29817"}],"wp:attachment":[{"href":"https:\/\/www.europesays.com\/fi\/wp-json\/wp\/v2\/media?parent=125004"}],"wp:term":[{"taxonomy":"category","embeddable":true,"href":"https:\/\/www.europesays.com\/fi\/wp-json\/wp\/v2\/categories?post=125004"},{"taxonomy":"post_tag","embeddable":true,"href":"https:\/\/www.europesays.com\/fi\/wp-json\/wp\/v2\/tags?post=125004"}],"curies":[{"name":"wp","href":"https:\/\/api.w.org\/{rel}","templated":true}]}}