{"id":125005,"date":"2025-12-24T18:58:16","date_gmt":"2025-12-24T18:58:16","guid":{"rendered":"https:\/\/www.europesays.com\/fi\/125005\/"},"modified":"2025-12-24T18:58:16","modified_gmt":"2025-12-24T18:58:16","slug":"vuoden-2025-parhaat-tv-sarjat-11-toimituksen-suosikkia","status":"publish","type":"post","link":"https:\/\/www.europesays.com\/fi\/125005\/","title":{"rendered":"Vuoden 2025 parhaat tv-sarjat: 11 toimituksen suosikkia"},"content":{"rendered":"<p class=\"ingress\">Annan toimitus paljastaa vuoden 2025 tv-sarjasuosikkinsa.<\/p>\n<p>J\u00e4iv\u00e4tk\u00f6 t\u00e4m\u00e4n vuoden huippusarjat katsomatta? Tilanteen voit korjata vaikka joululomalla. N\u00e4m\u00e4 11 toimituksen suosikkisarjaa nimitt\u00e4in ovat katsomisen arvoisia!<\/p>\n<p>Wednesday 2. tuotantokausi (Netflix)<\/p>\n<p>Yhdysvaltalaisen kauhukomediasarja Wednesdayn toisella tuotantokaudella \u00e4lyk\u00e4s, sarkastinen ja sis\u00e4lt\u00e4 hieman kuollut\u00a0Wednesday\u00a0Addams (<strong>Jenny Ortega<\/strong>) jatkaa murhamysteerien tutkintaa.<\/p>\n<p>Netflixin kaikkien aikojen suosituimpiin tuotantoihin kuuluvan sarjan toinen tuotantokausi on j\u00e4nnitt\u00e4v\u00e4 ja hauska. Teemana siin\u00e4 on \u00e4itien ja tyt\u00e4rten v\u00e4listen suhteiden ongelmallisuus. Sarja sopii mainiosti kaikkien yhteiseksi katsottavaksi perheess\u00e4, jossa on teini-ik\u00e4isi\u00e4 lapsia.<\/p>\n<p>P\u00e4\u00e4osissa:\u00a0Jenna Ortega, Gwendoline Christie ja Catherine Zeta-Jones<\/p>\n<p><strong>Lue my\u00f6s:<\/strong> <a href=\"https:\/\/anna.fi\/ihmiset\/viihde\/ilmaiset-sarjat-yle-areenassa\" rel=\"nofollow noopener\" target=\"_blank\">N\u00e4ist\u00e4 hehkutetuista sarjoista haluat nauttia jouluna \u2013 kaikki katsottavissa ilmaiseksi Yle Areenasta!<\/a><\/p>\n<p>Only murders in the building (Disney+)<\/p>\n<p>Toinen teiniperheen yhteinen suosikki t\u00e4n\u00e4 vuonna oli Only murders in the building. Sarja on hauska ja v\u00e4h\u00e4n j\u00e4nnitt\u00e4v\u00e4 draamakomedia, jossa New Yorkin Arconia-rakennuksessa asuva dekkaritrio selvittelee mysteerisi\u00e4 murhia.<\/p>\n<p>T\u00e4htin\u00e4yttelij\u00f6it\u00e4 vilisev\u00e4st\u00e4 sarjasta n\u00e4htiin Suomessa vuonna 2025 viides tuotantokausi.<\/p>\n<p>P\u00e4\u00e4osissa: Steve Martin, Martin Short ja Selena Gomez<\/p>\n<p>Sukupolvien salaisuus (Areena)<\/p>\n<p>    <a href=\"https:\/\/anna.fi\/wp-content\/uploads\/2025\/12\/vuodenparhaatsuku-scaled.jpg\" rel=\"nofollow noopener\" target=\"_blank\"><img fetchpriority=\"high\" decoding=\"async\" alt=\"\" class=\"wp-image-688697 awpo-lqip awpo-lazy\" width=\"2560\" height=\"1707\" style=\"--aspect-ratio: 1.5\" src=\"https:\/\/www.europesays.com\/fi\/wp-content\/uploads\/2025\/12\/vuodenparhaatsuku-scaled.jpg\"\/><\/a>    <\/p>\n<p>          \u00a9 Yle        <\/p>\n<p>Sukupolvien salaisuus on tanskalainen, aavistuksen mystisi\u00e4 elementtej\u00e4 sis\u00e4lt\u00e4v\u00e4 draamasarja perheest\u00e4, jossa iso\u00e4iti tunnustaa vanhan vauvasurman.<\/p>\n<p>Sarja tutkii syyllisyytt\u00e4, h\u00e4pe\u00e4\u00e4 ja sit\u00e4, miten sukupolvien l\u00e4pi kulkeva trauma vaikuttaa ihmisiin heid\u00e4n tiet\u00e4m\u00e4tt\u00e4\u00e4n.<\/p>\n<p>P\u00e4\u00e4osissa: Ulla Henningsen, Anette St\u00f8velb\u00e6k, Rikke Eberhardt Isen, Alice Bier Zand\u00e9n, Jan Linnebjerg<\/p>\n<p>The Beast in Me (Netflix)<\/p>\n<p>The Beast in Me on koukuttava ja kiehtova j\u00e4nnityssarja, jossa kuuluisa, hieman hermoheikko kirjailija joutuu naapurinsa manipuloimaksi. T\u00e4ss\u00e4 sarjassa erityisplussat menev\u00e4t n\u00e4yttelij\u00f6ille: Oscar-palkitut <strong>Claire Danes<\/strong> ja <strong>Matthew Rhys<\/strong> loistavat rooleissaan.<\/p>\n<p>P\u00e4\u00e4osissa:\u00a0Claire Danes, Matthew Rhys ja Brittany Snow<\/p>\n<p><strong>Lue my\u00f6s:<\/strong> <a href=\"https:\/\/anna.fi\/ihmiset\/viihde\/kesan-2025-uutuuskirjat\" rel=\"nofollow noopener\" target=\"_blank\">Kes\u00e4n 2025 uutuuskirjat \u2013 n\u00e4ihin on ihana j\u00e4\u00e4d\u00e4 lomalla koukkuun<\/a><\/p>\n<p>Ciao rakas! (Areena)<\/p>\n<p>    <a href=\"https:\/\/anna.fi\/wp-content\/uploads\/2025\/12\/vuodenparhaatciao.jpg\" rel=\"nofollow noopener\" target=\"_blank\"><img loading=\"lazy\" decoding=\"async\" alt=\"\" class=\"wp-image-688689 awpo-lqip awpo-lazy\" width=\"2500\" height=\"1667\" style=\"--aspect-ratio: 1.5\" src=\"https:\/\/www.europesays.com\/fi\/wp-content\/uploads\/2025\/12\/vuodenparhaatciao.jpg\"\/><\/a>    <\/p>\n<p>          \u00a9 Janne-Pekka Manninen \/ Whatevergroup        <\/p>\n<p>Suomalais-italialaisena yhteisty\u00f6n\u00e4 tehty minisarja Ciao rakas! yhdist\u00e4\u00e4 Lapin ja Napolin. Carmine, nuori napolilainen rikollisenalku, perii isoveljens\u00e4 m\u00f6kin Lapista, mutta perimisen ehto on kova: h\u00e4nen on ensin asuttava kaksi kuukautta m\u00f6kiss\u00e4 porojen \u2013 ja poronhoitajien \u2013 keskell\u00e4. Siin\u00e4 ajassa ehtii tapahtua paljon.<\/p>\n<p>T\u00e4m\u00e4 romanttinen draama sopii kuin nen\u00e4 p\u00e4\u00e4h\u00e4n kaikille, jotka rakastavat Italiaa ja Lappia!<\/p>\n<p>P\u00e4\u00e4osissa: Erasmo Genzini, Sissi Jomppanen, Nicol\u00f3 Galasso, Gennaro Lucci, \u00c1nne M\u00e1gg\u00e1 Wigelius, Sammeli Valle<\/p>\n<p><strong>Lue my\u00f6s Kotiliesi.fi:<\/strong> <a href=\"https:\/\/kotiliesi.fi\/ihmiset\/kulttuuri\/syksyn-2025-tv-sarjat\/\" rel=\"nofollow noopener\" target=\"_blank\">10 tv-sarjaa, jotka haluat n\u00e4hd\u00e4 t\u00e4n\u00e4 syksyn\u00e4 \u2013 \u201dTer\u00e4v\u00e4\u00e4, nautittavaa laatudraamaa\u201d<\/a><\/p>\n<p>The White Lotus (HBO)<\/p>\n<p>Suosikkisarja White Lotuksen uusin eli kolmas tuotantokausi ei pet\u00e4. J\u00e4lleen seurataan eksklusiiviseen loistohotelliin saapuvia \u00f6kyrikkaita lomailijoita, joiden el\u00e4m\u00e4ss\u00e4 sattuu ja tapahtuu rikkauksista huolimatta, tai ehk\u00e4 juuri niiden takia.<\/p>\n<p>Ter\u00e4v\u00e4n yhteiskuntasatiirin ihmissuhdekuvaukset ja pinnan alla kytev\u00e4t j\u00e4nnitteet tekev\u00e4t katsomisesta huippuel\u00e4myksen.<\/p>\n<p>P\u00e4\u00e4osissa: Murray Bartlett, Connie Britton, Jennifer Coolidge<\/p>\n<p>Kun saa rakastaa (Areena)<\/p>\n<p>    <a href=\"https:\/\/anna.fi\/wp-content\/uploads\/2025\/12\/vuodenparhaatkun-scaled.jpg\" rel=\"nofollow noopener\" target=\"_blank\"><img loading=\"lazy\" decoding=\"async\" alt=\"\" class=\"wp-image-688690 awpo-lqip awpo-lazy\" width=\"2560\" height=\"1707\" style=\"--aspect-ratio: 1.5\" src=\"https:\/\/www.europesays.com\/fi\/wp-content\/uploads\/2025\/12\/vuodenparhaatkun-scaled.jpg\"\/><\/a>    <\/p>\n<p>          \u00a9 Yle        <\/p>\n<p>Kuusiosainen dokumenttisarja Kun saa rakastaa kertoo sateenkaarisenioreista, jotka kertovat rakkaudesta ja siit\u00e4 millaista on ollut, kun se on pit\u00e4nyt piilottaa ja millaista on nyt, kun ei tarvitse el\u00e4\u00e4 en\u00e4\u00e4 kaapissa.<\/p>\n<p>Sarja sis\u00e4lt\u00e4\u00e4 pohdintaa my\u00f6s siit\u00e4, millaista on vanheta yksin\u00e4isen\u00e4 homomiehen\u00e4 ja miten naispari tulee kohdatuksi tulevaisuudessa palvelutalossa. <\/p>\n<p>Adolescence (Netflix)<\/p>\n<p>13-vuotiasta poikaa syytet\u00e4\u00e4n luokkakaverinsa murhasta, ja brittil\u00e4isen perheen el\u00e4m\u00e4 pirstoutuu palasiksi. Aihepiirilt\u00e4\u00e4n raastava, kriitikoiden ja katsojien ylist\u00e4m\u00e4 Adolescence saa katsojan pohtimaan nykyajan somemaailman raadollisuutta ja sukupolvien v\u00e4list\u00e4 kuilua, joka vanhempien ja lasten v\u00e4lill\u00e4 pahimmillaan voi vallita.<\/p>\n<p>P\u00e4\u00e4osissa:\u00a0Stephen Graham, Ashley Walters ja Erin Doherty<\/p>\n<p><strong>Lue my\u00f6s:<\/strong> <a href=\"https:\/\/anna.fi\/lifestyle\/kauneus\/vuoden-2025-parhaat-kosmetiikkatuotteet\" rel=\"nofollow noopener\" target=\"_blank\">Valitsimme vuoden 2025 parhaat kosmetiikkatuotteet \u2013 mukana ihmeit\u00e4 tekev\u00e4 y\u00f6voide ja edullinen meikkivoide<\/a><\/p>\n<p>Pluribus (AppleTV+)<\/p>\n<p>Kehuttu ja post-apokalyptinen mustan komedian s\u00e4vytt\u00e4m\u00e4 tieteis- ja j\u00e4nnityssarja Pluribus kertoo yhdysvaltalaisesta naisesta, joka on mystisesti immuuni maailmassa levi\u00e4v\u00e4lle virukselle. Kyseess\u00e4 on onnellisuusvirus, joka saa sairastuneen muuttumaan rauhaa rakastaviksi optimisteiksi.<\/p>\n<p>P\u00e4\u00e4osissa: Rhea Seehorn, Carol Sturka, Karolina Wydra\u00a0<\/p>\n<p>Queen of Fucking Everything (Areena)<\/p>\n<p>    <a href=\"https:\/\/anna.fi\/wp-content\/uploads\/2025\/12\/vuodenparhaatqueen-scaled.jpg\" rel=\"nofollow noopener\" target=\"_blank\"><img loading=\"lazy\" decoding=\"async\" alt=\"\" class=\"wp-image-688692 awpo-lqip awpo-lazy\" width=\"2560\" height=\"1707\" style=\"--aspect-ratio: 1.5\" src=\"https:\/\/www.europesays.com\/fi\/wp-content\/uploads\/2025\/12\/vuodenparhaatqueen-scaled.jpg\"\/><\/a>    <\/p>\n<p>          \u00a9 Jaakko Kahilaniemi\/Tuuli Grohn \/ Rabbit Films        <\/p>\n<p><strong>Tiina Lymin<\/strong> musta komedia nousi The Queen of fucking everything\u201dpelk\u00e4st\u00e4 tv-sarjasta ilmi\u00f6ksi\u201d. Sarjassa keski-ik\u00e4inen, hyv\u00e4\u00e4n el\u00e4m\u00e4\u00e4n tottunut Linda (<strong>Laura Malmivaara)<\/strong> tulee petetyksi totaalisesti niin rakkaudessa kuin taloudellisestikin. H\u00e4pe\u00e4n ja kohtuuttomien velkojen ajamana h\u00e4n ojentaa pikkusormensa lain toiselle puolelle ja j\u00e4\u00e4 sinne.<\/p>\n<p>P\u00e4\u00e4osissa Laura Malmivaara, Kristo Salminen, Katja K\u00fcttner, Miro Lopperi, Minna Haapkyl\u00e4<\/p>\n<p>Reservatet (Netflix)<\/p>\n<p>Reservatet on huippuj\u00e4nnitt\u00e4v\u00e4 tanskalaissarja, jossa upporikkaan perheen filippiinil\u00e4inen au pair katoaa. Ennen katoamistaan h\u00e4n ehti pyyt\u00e4\u00e4 naapurilta apua. Tilannetta setviess\u00e4 moni kulissi romahtaa ja perheiden salaisuudet pulpahtavat pintaan.<\/p>\n<p>P\u00e4\u00e4osissa:\u00a0Marie Bach Hansen, Excel Busano ja Danica Curcic<\/p>\n<p>    Sinua voi kiinnostaa my\u00f6s:<\/p>\n<ol class=\"read-also__list\">\n<li>\n<p>            <img loading=\"lazy\" decoding=\"async\" class=\"card__image awpo-lqip awpo-lazy\" width=\"1260\" height=\"800\" src=\"https:\/\/www.europesays.com\/fi\/wp-content\/uploads\/2025\/12\/tosi-tv-sarjat.jpg\"\/>                <a href=\"https:\/\/anna.fi\/kategoria\/ihmiset\/viihde\" class=\"card__vignette\" rel=\"nofollow noopener\" target=\"_blank\"><br \/>\n            Viihde          <\/a><\/p>\n<p>      <a href=\"https:\/\/anna.fi\/ihmiset\/viihde\/tosi-tv-sarjat\" class=\"card__link-overlay\" rel=\"nofollow noopener\" target=\"_blank\">Kuinka hyvin muistat kotimaiset tosi-tv-sarjat ja niiden tapahtumat? Testaa hauskalla testill\u00e4!<\/a><\/p>\n<\/li>\n<li>\n<p>            <img loading=\"lazy\" decoding=\"async\" class=\"card__image awpo-lqip awpo-lazy\" width=\"2000\" height=\"1250\" src=\"https:\/\/www.europesays.com\/fi\/wp-content\/uploads\/2025\/12\/joulun-2025-lahjakirjat.jpg\"\/>                <a href=\"https:\/\/anna.fi\/kategoria\/ihmiset\/viihde\" class=\"card__vignette\" rel=\"nofollow noopener\" target=\"_blank\"><br \/>\n            Viihde          <\/a><\/p>\n<p>      <a href=\"https:\/\/anna.fi\/ihmiset\/viihde\/joulun-2025-parhaat-lahjakirjat\" class=\"card__link-overlay\" rel=\"nofollow noopener\" target=\"_blank\">Joulun 2025 parhaat lahjakirjat \u2013 n\u00e4ihin saaja ei taatusti pety<\/a><\/p>\n<\/li>\n<li>\n<p>            <img loading=\"lazy\" decoding=\"async\" class=\"card__image awpo-lqip awpo-lazy\" width=\"2121\" height=\"1326\" src=\"https:\/\/www.europesays.com\/fi\/wp-content\/uploads\/2025\/12\/arkivapaat.jpg\"\/>                <a href=\"https:\/\/anna.fi\/kategoria\/lifestyle\" class=\"card__vignette\" rel=\"nofollow noopener\" target=\"_blank\"><br \/>\n            Lifestyle          <\/a><\/p>\n<p>      <a href=\"https:\/\/anna.fi\/lifestyle\/pyhapaivat-2026\" class=\"card__link-overlay\" rel=\"nofollow noopener\" target=\"_blank\">Arkivapaita osuu vuodelle 2026 l\u00e4hes maksimim\u00e4\u00e4r\u00e4 \u2013 n\u00e4in ne sijoittuvat kalenterissa<\/a><\/p>\n<\/li>\n<\/ol>\n","protected":false},"excerpt":{"rendered":"Annan toimitus paljastaa vuoden 2025 tv-sarjasuosikkinsa. J\u00e4iv\u00e4tk\u00f6 t\u00e4m\u00e4n vuoden huippusarjat katsomatta? Tilanteen voit korjata vaikka joululomalla. N\u00e4m\u00e4 11&hellip;\n","protected":false},"author":2,"featured_media":125006,"comment_status":"","ping_status":"","sticky":false,"template":"","format":"standard","meta":{"footnotes":""},"categories":[133],"tags":[137,33,31,30,2271,32,206,139,571,156,18578,109],"class_list":{"0":"post-125005","1":"post","2":"type-post","3":"status-publish","4":"format-standard","5":"has-post-thumbnail","7":"category-televisiot","8":"tag-entertainment","9":"tag-fi","10":"tag-finland","11":"tag-finnish","12":"tag-loma","13":"tag-suomi","14":"tag-televisiot","15":"tag-tv-ohjelmat","16":"tag-tv-sarjat","17":"tag-tv","18":"tag-unelmien-joulu","19":"tag-viihde"},"share_on_mastodon":{"url":"https:\/\/pubeurope.com\/@fi\/115776082566332076","error":""},"_links":{"self":[{"href":"https:\/\/www.europesays.com\/fi\/wp-json\/wp\/v2\/posts\/125005","targetHints":{"allow":["GET"]}}],"collection":[{"href":"https:\/\/www.europesays.com\/fi\/wp-json\/wp\/v2\/posts"}],"about":[{"href":"https:\/\/www.europesays.com\/fi\/wp-json\/wp\/v2\/types\/post"}],"author":[{"embeddable":true,"href":"https:\/\/www.europesays.com\/fi\/wp-json\/wp\/v2\/users\/2"}],"replies":[{"embeddable":true,"href":"https:\/\/www.europesays.com\/fi\/wp-json\/wp\/v2\/comments?post=125005"}],"version-history":[{"count":0,"href":"https:\/\/www.europesays.com\/fi\/wp-json\/wp\/v2\/posts\/125005\/revisions"}],"wp:featuredmedia":[{"embeddable":true,"href":"https:\/\/www.europesays.com\/fi\/wp-json\/wp\/v2\/media\/125006"}],"wp:attachment":[{"href":"https:\/\/www.europesays.com\/fi\/wp-json\/wp\/v2\/media?parent=125005"}],"wp:term":[{"taxonomy":"category","embeddable":true,"href":"https:\/\/www.europesays.com\/fi\/wp-json\/wp\/v2\/categories?post=125005"},{"taxonomy":"post_tag","embeddable":true,"href":"https:\/\/www.europesays.com\/fi\/wp-json\/wp\/v2\/tags?post=125005"}],"curies":[{"name":"wp","href":"https:\/\/api.w.org\/{rel}","templated":true}]}}