{"id":125007,"date":"2025-12-24T19:01:11","date_gmt":"2025-12-24T19:01:11","guid":{"rendered":"https:\/\/www.europesays.com\/fi\/125007\/"},"modified":"2025-12-24T19:01:11","modified_gmt":"2025-12-24T19:01:11","slug":"nyt-ihminen-muuttaa-meren-syvyyksiin","status":"publish","type":"post","link":"https:\/\/www.europesays.com\/fi\/125007\/","title":{"rendered":"Nyt ihminen muuttaa meren syvyyksiin"},"content":{"rendered":"<p>Meksikonlahden merenpohjassa on ainutlaatuinen ikkuna maailmaan, josta tunnemme vasta pieni\u00e4 palasia.<\/p>\n<p>19 metri\u00e4 merenpinnan alapuolella sijaitsee vedenalainen Aquarius Reef Base -laboratorio, jossa tutkijat voivat tutkia koralliriutan vilkasta el\u00e4m\u00e4\u00e4, kuten kaloja, kasveja ja mikroskooppisia organismeja. Se on ainoa paikka maailmassa, jossa ihmiset voivat el\u00e4\u00e4 ja ty\u00f6skennell\u00e4 meren alla useita p\u00e4ivi\u00e4 kerrallaan.<\/p>\n<p>Mutta jo pian kenties entist\u00e4 useampi ihminen voi muuttaa osoitteensa v\u00e4liaikaisesti meren syvyyksiin.<\/p>\n<p>Tutkijat eri puolilla maailmaa rakentavat nimitt\u00e4in t\u00e4ytt\u00e4 vauhtia vedenalaisia tukikohtia. Suunnitelman mukaan pieni\u00e4 kaupunkeja tulee eri puolille maailman meriin satojen metrien syvyyteen.<\/p>\n<p>Ryhm\u00e4 brittil\u00e4isi\u00e4 insin\u00f6\u00f6rej\u00e4 kulkee t\u00e4ss\u00e4 eturintamassa erikoisella uudella tekniikalla, jossa heid\u00e4n itsens\u00e4 ei tarvitse tehd\u00e4 juuri mit\u00e4\u00e4n, kun kuusi robottivartta sulattaa metallia synkronoidussa tanssissa.<\/p>\n","protected":false},"excerpt":{"rendered":"Meksikonlahden merenpohjassa on ainutlaatuinen ikkuna maailmaan, josta tunnemme vasta pieni\u00e4 palasia. 19 metri\u00e4 merenpinnan alapuolella sijaitsee vedenalainen Aquarius&hellip;\n","protected":false},"author":2,"featured_media":125008,"comment_status":"","ping_status":"","sticky":false,"template":"","format":"standard","meta":{"footnotes":""},"categories":[165],"tags":[33,31,30,166,32,167],"class_list":{"0":"post-125007","1":"post","2":"type-post","3":"status-publish","4":"format-standard","5":"has-post-thumbnail","7":"category-terveys","8":"tag-fi","9":"tag-finland","10":"tag-finnish","11":"tag-health","12":"tag-suomi","13":"tag-terveys"},"share_on_mastodon":{"url":"https:\/\/pubeurope.com\/@fi\/115776093160331089","error":""},"_links":{"self":[{"href":"https:\/\/www.europesays.com\/fi\/wp-json\/wp\/v2\/posts\/125007","targetHints":{"allow":["GET"]}}],"collection":[{"href":"https:\/\/www.europesays.com\/fi\/wp-json\/wp\/v2\/posts"}],"about":[{"href":"https:\/\/www.europesays.com\/fi\/wp-json\/wp\/v2\/types\/post"}],"author":[{"embeddable":true,"href":"https:\/\/www.europesays.com\/fi\/wp-json\/wp\/v2\/users\/2"}],"replies":[{"embeddable":true,"href":"https:\/\/www.europesays.com\/fi\/wp-json\/wp\/v2\/comments?post=125007"}],"version-history":[{"count":0,"href":"https:\/\/www.europesays.com\/fi\/wp-json\/wp\/v2\/posts\/125007\/revisions"}],"wp:featuredmedia":[{"embeddable":true,"href":"https:\/\/www.europesays.com\/fi\/wp-json\/wp\/v2\/media\/125008"}],"wp:attachment":[{"href":"https:\/\/www.europesays.com\/fi\/wp-json\/wp\/v2\/media?parent=125007"}],"wp:term":[{"taxonomy":"category","embeddable":true,"href":"https:\/\/www.europesays.com\/fi\/wp-json\/wp\/v2\/categories?post=125007"},{"taxonomy":"post_tag","embeddable":true,"href":"https:\/\/www.europesays.com\/fi\/wp-json\/wp\/v2\/tags?post=125007"}],"curies":[{"name":"wp","href":"https:\/\/api.w.org\/{rel}","templated":true}]}}