{"id":125009,"date":"2025-12-24T19:02:11","date_gmt":"2025-12-24T19:02:11","guid":{"rendered":"https:\/\/www.europesays.com\/fi\/125009\/"},"modified":"2025-12-24T19:02:11","modified_gmt":"2025-12-24T19:02:11","slug":"norjan-ampumahiihtoliitto-kertoi-lisaa-bakkenin-kuolemasta","status":"publish","type":"post","link":"https:\/\/www.europesays.com\/fi\/125009\/","title":{"rendered":"Norjan ampumahiihtoliitto kertoi lis\u00e4\u00e4 Bakkenin kuolemasta"},"content":{"rendered":"<p class=\"article__paragraph\">\n      Norjan ampumahiihtoliitto tiedotti keskiviikkona, ett\u00e4 Pohjois-Italiassa hotellihuoneestaan kuolleena l\u00f6ydetyll\u00e4 norjalaisella ampumahiiht\u00e4j\u00e4ll\u00e4 Sivert Guttorm Bakkenilla oli l\u00f6yt\u00f6hetkell\u00e4 kasvoillaan happimaski.\n    <\/p>\n<p class=\"article__paragraph\">\n      Asiasta kertoi <a href=\"https:\/\/www.vg.no\/sport\/i\/k0J8M9\/skiskytterforbundet-bakken-funnet-med-hoeydemaske\" rel=\"nofollow noopener\" target=\"_blank\">Verdens Gang<\/a>. 27-vuotias Bakken l\u00f6ydettiin hotellihuoneestaan kuolleena aatonaattona Lavazessa.\n    <\/p>\n<p class=\"article__paragraph\">\n      Kest\u00e4vyysurheilijat k\u00e4ytt\u00e4v\u00e4t vuoristoharjoittelussaan happimaskia hengitysilman happipitoisuuden alentamiseen, jotta keho tuottaa enemm\u00e4n punasoluja ja siten lis\u00e4\u00e4 kest\u00e4vyytt\u00e4. Maskia k\u00e4ytet\u00e4\u00e4n usein harjoittelun aikana simuloimaan korkeutta ja v\u00e4hent\u00e4m\u00e4\u00e4n hapen saantia.\n    <\/p>\n<p class=\"article__paragraph\">\n      Pohjois-Italian Trenton maakunnassa sijaitseva Lavaze on kest\u00e4vyysurheilijoiden harjoitusleireill\u00e4 suosiossa, sill\u00e4 pikkukyl\u00e4 sijaitsee noin 1\u2009800 metrin korkeudella merenpinnasta.\n    <\/p>\n<p class=\"article__paragraph\">\n      Norjan ampumahiihtoliiton mukaan poliisi ja oikeusl\u00e4\u00e4ketieteen viranomaiset selvitt\u00e4v\u00e4t tapahtumien kulkua ja kuolinsyyt\u00e4.\n    <\/p>\n<p class=\"article__paragraph\">\n      Sivert Guttorm Bakken kilpaili ampumahiihdon maailmancupissa viel\u00e4 viime viikonloppuna Ranskan Annecy-Le Grand Bornandissa. H\u00e4n voitti kilpaurallaan yhden miesten maailmancup-kisan.\n    <\/p>\n","protected":false},"excerpt":{"rendered":"Norjan ampumahiihtoliitto tiedotti keskiviikkona, ett\u00e4 Pohjois-Italiassa hotellihuoneestaan kuolleena l\u00f6ydetyll\u00e4 norjalaisella ampumahiiht\u00e4j\u00e4ll\u00e4 Sivert Guttorm Bakkenilla oli l\u00f6yt\u00f6hetkell\u00e4 kasvoillaan happimaski.&hellip;\n","protected":false},"author":2,"featured_media":125010,"comment_status":"","ping_status":"","sticky":false,"template":"","format":"standard","meta":{"footnotes":""},"categories":[158],"tags":[33,31,30,159,32,160],"class_list":{"0":"post-125009","1":"post","2":"type-post","3":"status-publish","4":"format-standard","5":"has-post-thumbnail","7":"category-urheilu","8":"tag-fi","9":"tag-finland","10":"tag-finnish","11":"tag-sports","12":"tag-suomi","13":"tag-urheilu"},"share_on_mastodon":{"url":"https:\/\/pubeurope.com\/@fi\/115776097290985636","error":""},"_links":{"self":[{"href":"https:\/\/www.europesays.com\/fi\/wp-json\/wp\/v2\/posts\/125009","targetHints":{"allow":["GET"]}}],"collection":[{"href":"https:\/\/www.europesays.com\/fi\/wp-json\/wp\/v2\/posts"}],"about":[{"href":"https:\/\/www.europesays.com\/fi\/wp-json\/wp\/v2\/types\/post"}],"author":[{"embeddable":true,"href":"https:\/\/www.europesays.com\/fi\/wp-json\/wp\/v2\/users\/2"}],"replies":[{"embeddable":true,"href":"https:\/\/www.europesays.com\/fi\/wp-json\/wp\/v2\/comments?post=125009"}],"version-history":[{"count":0,"href":"https:\/\/www.europesays.com\/fi\/wp-json\/wp\/v2\/posts\/125009\/revisions"}],"wp:featuredmedia":[{"embeddable":true,"href":"https:\/\/www.europesays.com\/fi\/wp-json\/wp\/v2\/media\/125010"}],"wp:attachment":[{"href":"https:\/\/www.europesays.com\/fi\/wp-json\/wp\/v2\/media?parent=125009"}],"wp:term":[{"taxonomy":"category","embeddable":true,"href":"https:\/\/www.europesays.com\/fi\/wp-json\/wp\/v2\/categories?post=125009"},{"taxonomy":"post_tag","embeddable":true,"href":"https:\/\/www.europesays.com\/fi\/wp-json\/wp\/v2\/tags?post=125009"}],"curies":[{"name":"wp","href":"https:\/\/api.w.org\/{rel}","templated":true}]}}