{"id":125019,"date":"2025-12-24T19:09:07","date_gmt":"2025-12-24T19:09:07","guid":{"rendered":"https:\/\/www.europesays.com\/fi\/125019\/"},"modified":"2025-12-24T19:09:07","modified_gmt":"2025-12-24T19:09:07","slug":"hyllytetty-ohjelma-trumpin-maahanmuuttopolitiikasta-esitettiin-vahingossa-internetissa","status":"publish","type":"post","link":"https:\/\/www.europesays.com\/fi\/125019\/","title":{"rendered":"Hyllytetty ohjelma Trumpin maahanmuuttopolitiikasta esitettiin vahingossa internetiss\u00e4"},"content":{"rendered":"<p>Yhdysvallat|Kriitikoiden mukaan CBS:n p\u00e4\u00e4t\u00f6s hyllytt\u00e4\u00e4 60 Minutes-ohjelman osio liittyy kanavan omistajan suureen mediakauppaan, joka vaatii liittovaltion hyv\u00e4ksynn\u00e4n.<\/p>\n<p>Lue tiivistelm\u00e4<\/p>\n<p class=\"article-body mb-nof-24 px-nof-16 sndp-summary-bullet-point-font\">Yhdysvaltalaisen CBS-kanavan hyllytetty 60 Minutes -ohjelman osio presidentti Donald Trumpin hallinnon maahanmuuttopolitiikasta julkaistiin vahingossa internetiss\u00e4 kanadalaisen televisioyhti\u00f6n virheen takia.<\/p>\n<p class=\"article-body mb-nof-24 px-nof-16 sndp-summary-bullet-point-font\">Osio k\u00e4sitteli Yhdysvalloista karkotettuja venezuelalaisia siirtolaisia, jotka siirrettiin El Salvadorin CECOT-vankilaan, jossa he kertoivat kokeneensa kidutusta ja v\u00e4kivaltaa.<\/p>\n<p class=\"article-body mb-nof-24 px-nof-16 sndp-summary-bullet-point-font\">CBS:n p\u00e4\u00e4toimittaja Bari Weiss hyllytti osion 48 tuntia ennen esityst\u00e4 vedoten puutteelliseen uutisointiin, mutta kriitikot ep\u00e4ilev\u00e4t p\u00e4\u00e4t\u00f6ksen liittyv\u00e4n kanavan omistajan mediakauppoihin, jotka vaativat liittovaltion hyv\u00e4ksynn\u00e4n.<\/p>\n<p class=\"article-body mb-nof-24 px-nof-16\">Yll\u00e4tt\u00e4en hyllytetty CBS-uutiskanavan 60 Minutes -ohjelman osio Yhdysvaltain presidentin <a class=\"article-personlink\" href=\"https:\/\/www.hs.fi\/haku\/?query=Donald%20Trumpin\" rel=\"nofollow noopener\" target=\"_blank\">Donald Trumpin<\/a> hallinnon maahanmuuttopolitiikasta julkaistiin vahingossa verkossa. Asiasta kertovat useat yhdysvaltalaismediat.<\/p>\n<p class=\"article-body mb-nof-24 px-nof-16\">Tutkiva juttu k\u00e4sitteli Yhdysvalloista karkotettuja venezuelalaisia siirtolaisia, jotka oli siirretty El Salvadorin pahamaineiseen CECOT-vankilaan. Ohjelmassa haastatellut entiset vangit kuvasivat \u00e4\u00e4rimm\u00e4isen rajuja ja kidutukseen rinnastettavia olosuhteita.<\/p>\n<p class=\"article-body mb-nof-24 px-nof-16\">Osio her\u00e4tti jo viikonloppuna kohua, kun CBS p\u00e4\u00e4tti j\u00e4tt\u00e4\u00e4 sen julkaisematta vain hieman ennen kuin se piti esitt\u00e4\u00e4 televisiossa. Hyllytt\u00e4minen her\u00e4tti keskustelua journalismin riippumattomuudesta ja Trumpin hallinnon poliittisesta vaikutusvallasta CBS:ss\u00e4.<\/p>\n<p class=\"article-body mb-nof-24 px-nof-16\">Julkaisun takana oli kanadalaisen Global Television Networkin virhe. Hyllytetty osio julkaistiin ep\u00e4huomiossa yhti\u00f6n sovelluksessa. Virhe korjattiin nopeasti, mutta ohjelma levi\u00e4\u00e4 nyt internetiss\u00e4.<\/p>\n<p class=\"article-body mb-nof-24 px-nof-16\">Internetiss\u00e4 ep\u00e4huomiossa julkaistussa, noin 13 minuuttia pitk\u00e4ss\u00e4 osiossa kaksi venezuelalaismiest\u00e4 kertovat CBS:lle kokemuksistaan CECOT:ss\u00e4. Molemmat vangit puhuivat v\u00e4kivallasta, kidutuksesta ja muusta kaltoinkohtelusta.<\/p>\n<p class=\"article-body mb-nof-24 px-nof-16\">Uutistoimisto AP:n <a class=\"underline underline-offset-[0.12em] [text-decoration-thickness:var(--generic-link-underline-thickness)] [text-decoration-color:var(--generic-link-underline-color)] [text-decoration-skip-ink:var(--generic-link-underline-skip-ink)] break-words\" href=\"https:\/\/apnews.com\/article\/60-minutes-cecot-leak-migrants-donald-trump-fb69fbf4c92d578300b174453428d2b4\" rel=\"nofollow noopener\" target=\"_blank\">mukaan<\/a> yksi miehist\u00e4 sanoi, ett\u00e4 vankila k\u00e4ytti rangaistuskeinoina seksuaalista v\u00e4kivaltaa ja vankien erist\u00e4mist\u00e4. Toinen mies kertoi vartijoiden hakanneen h\u00e4nt\u00e4. V\u00e4kivallan seurauksena h\u00e4n oli menett\u00e4nyt hampaita.<\/p>\n<p class=\"article-body mb-nof-24 px-nof-16\">\u201dKun p\u00e4\u00e4set sinne, tied\u00e4t olevasi jo helvetiss\u00e4. Kenenk\u00e4\u00e4n ei tarvitse kertoa sit\u00e4 sinulle\u201d, h\u00e4n sanoi.<\/p>\n<p class=\"article-body mb-nof-24 px-nof-16\">Osiossa esiintyi my\u00f6s useita asiantuntijoita, jotka kyseenalaistivat nykyisen karkotusprosessin laillisuuden, erityisesti sen nopeuden takia.<\/p>\n<p class=\"article-body mb-nof-24 px-nof-16\">CBS:n oman tutkimuksen mukaan vian kahdeksan vankilaan karkotetusta miehest\u00e4 oli tuomittu Yhdysvalloissa v\u00e4kivaltarikoksista. L\u00e4hteen\u00e4 k\u00e4ytettiin Yhdysvaltain maahanmuuttoviranomaisten omaa dataa.<\/p>\n<p class=\"article-body mb-nof-24 px-nof-16\">P\u00e4\u00e4t\u00f6S hyllytyksest\u00e4 tehtiin vain 48 tuntia ennen kuin osio piti n\u00e4ytt\u00e4\u00e4 televisiossa.<\/p>\n<p class=\"article-body mb-nof-24 px-nof-16\">CBS:n teki p\u00e4\u00e4t\u00f6ksen p\u00e4\u00e4toimittaja <a class=\"article-personlink\" href=\"https:\/\/www.hs.fi\/haku\/?query=Bari%20Weissin\" rel=\"nofollow noopener\" target=\"_blank\">Bari Weissin<\/a> johdolla. Omien sanojensa mukaan h\u00e4n my\u00f6h\u00e4sti osion esitt\u00e4mist\u00e4, koska sen uutisointi oli puutteellista. Osio ei v\u00e4itetysti tuottanut tarvittavasti uutta tietoa k\u00e4sittelem\u00e4st\u00e4\u00e4n ilmi\u00f6st\u00e4 ja h\u00e4n tahtoi toimittajien saavan Trumpin hallinnon korkeiden virkamiesten n\u00e4k\u00f6kulman mukaan osioon.<\/p>\n<p class=\"article-body mb-nof-24 px-nof-16\">Weiss sanoi julkaisevansa osion mielell\u00e4\u00e4n \u201dsitten kun se on valmis\u201d.<\/p>\n<p class=\"article-body mb-nof-24 px-nof-16\">P\u00e4\u00e4t\u00f6s her\u00e4tti laajaa kritiikki\u00e4. CBS:n johtoa syytet\u00e4\u00e4n pyrkimyksest\u00e4 suojella Trumpia negatiiviselta uutisoinnilta. Osa liitti p\u00e4\u00e4t\u00f6ksen CBS:n omistavan <a class=\"article-personlink\" href=\"https:\/\/www.hs.fi\/haku\/?query=David%20Ellisonin\" rel=\"nofollow noopener\" target=\"_blank\">David Ellisonin <\/a>pyrkimyksiin ostaa Warner Bros. Discovery -kanavaa. Ellison tarvitsee kaupalle liittovaltion hyv\u00e4ksynn\u00e4n.<\/p>\n<p class=\"article-body mb-nof-24 px-nof-16\">Yksi osion tehneist\u00e4 journalisteista, <a class=\"article-personlink\" href=\"https:\/\/www.hs.fi\/haku\/?query=Sharyn%20Alfonsi\" rel=\"nofollow noopener\" target=\"_blank\">Sharyn Alfonsi<\/a>, sanoi muille 60 Minutes -ohjelman tekij\u00f6ille l\u00e4hetetyss\u00e4 s\u00e4hk\u00f6postissa, ett\u00e4 osion esitt\u00e4m\u00e4t v\u00e4itt\u00e4m\u00e4t oli faktantarkistettu ja se oli hyv\u00e4ksytetty CBS:n lakimiehill\u00e4 sek\u00e4 journalististen standardien osastolla.<\/p>\n<p class=\"article-body mb-nof-24 px-nof-16\"><a class=\"underline underline-offset-[0.12em] [text-decoration-thickness:var(--generic-link-underline-thickness)] [text-decoration-color:var(--generic-link-underline-color)] [text-decoration-skip-ink:var(--generic-link-underline-skip-ink)] break-words\" href=\"https:\/\/www.nytimes.com\/2025\/12\/21\/business\/60-minutes-trump-bari-weiss.html\" rel=\"nofollow noopener\" target=\"_blank\">The New York Timesin mukaan<\/a> Alfonsi kertoo osiossa katsojille, ett\u00e4 Yhdysvaltain kotimaan turvallisuuden virasto kielt\u00e4ytyi haastatteluista ja ohjasi kysymykset El Salvadorille.<\/p>\n<p class=\"article-body mb-nof-24 px-nof-16\">CBS:n \u201d60 Minutes\u201d -ohjelmaa katsoo keskim\u00e4\u00e4rin kymmenen miljoonaa ihmist\u00e4 viikossa. Se Minutes -ohjelma vastaa muodoltaan esimerkiksi Ylen tutkivan journalismin MOT-ohjelmaa.<\/p>\n","protected":false},"excerpt":{"rendered":"Yhdysvallat|Kriitikoiden mukaan CBS:n p\u00e4\u00e4t\u00f6s hyllytt\u00e4\u00e4 60 Minutes-ohjelman osio liittyy kanavan omistajan suureen mediakauppaan, joka vaatii liittovaltion hyv\u00e4ksynn\u00e4n. Lue&hellip;\n","protected":false},"author":2,"featured_media":125020,"comment_status":"","ping_status":"","sticky":false,"template":"","format":"standard","meta":{"footnotes":""},"categories":[5],"tags":[22,23,26,27,33,31,30,17,46,24,25,28,29,15,18,21,32,19,20,16],"class_list":{"0":"post-125019","1":"post","2":"type-post","3":"status-publish","4":"format-standard","5":"has-post-thumbnail","7":"category-otsikot","8":"tag-breaking-news","9":"tag-breakingnews","10":"tag-featured-news","11":"tag-featurednews","12":"tag-fi","13":"tag-finland","14":"tag-finnish","15":"tag-headlines","16":"tag-helsingin-sanomat","17":"tag-latest-news","18":"tag-latestnews","19":"tag-main-news","20":"tag-mainnews","21":"tag-news","22":"tag-otsikot","23":"tag-paauutiset","24":"tag-suomi","25":"tag-top-stories","26":"tag-topstories","27":"tag-uutiset"},"share_on_mastodon":{"url":"https:\/\/pubeurope.com\/@fi\/115776124534244483","error":""},"_links":{"self":[{"href":"https:\/\/www.europesays.com\/fi\/wp-json\/wp\/v2\/posts\/125019","targetHints":{"allow":["GET"]}}],"collection":[{"href":"https:\/\/www.europesays.com\/fi\/wp-json\/wp\/v2\/posts"}],"about":[{"href":"https:\/\/www.europesays.com\/fi\/wp-json\/wp\/v2\/types\/post"}],"author":[{"embeddable":true,"href":"https:\/\/www.europesays.com\/fi\/wp-json\/wp\/v2\/users\/2"}],"replies":[{"embeddable":true,"href":"https:\/\/www.europesays.com\/fi\/wp-json\/wp\/v2\/comments?post=125019"}],"version-history":[{"count":0,"href":"https:\/\/www.europesays.com\/fi\/wp-json\/wp\/v2\/posts\/125019\/revisions"}],"wp:featuredmedia":[{"embeddable":true,"href":"https:\/\/www.europesays.com\/fi\/wp-json\/wp\/v2\/media\/125020"}],"wp:attachment":[{"href":"https:\/\/www.europesays.com\/fi\/wp-json\/wp\/v2\/media?parent=125019"}],"wp:term":[{"taxonomy":"category","embeddable":true,"href":"https:\/\/www.europesays.com\/fi\/wp-json\/wp\/v2\/categories?post=125019"},{"taxonomy":"post_tag","embeddable":true,"href":"https:\/\/www.europesays.com\/fi\/wp-json\/wp\/v2\/tags?post=125019"}],"curies":[{"name":"wp","href":"https:\/\/api.w.org\/{rel}","templated":true}]}}