{"id":125027,"date":"2025-12-24T19:33:17","date_gmt":"2025-12-24T19:33:17","guid":{"rendered":"https:\/\/www.europesays.com\/fi\/125027\/"},"modified":"2025-12-24T19:33:17","modified_gmt":"2025-12-24T19:33:17","slug":"keuruun-sahko-valaissut-seutua-yli-110-vuotta-historiikki-kertoo-toista-ja-perheista","status":"publish","type":"post","link":"https:\/\/www.europesays.com\/fi\/125027\/","title":{"rendered":"Keuruun S\u00e4hk\u00f6 valaissut seutua yli 110 vuotta \u2013 historiikki kertoo t\u00f6ist\u00e4 ja perheist\u00e4"},"content":{"rendered":"<p>Keuruulaisten omistamassa yhti\u00f6ss\u00e4 energia-alan kehitt\u00e4minen on pysynyt kunnia-asiana.<\/p>\n<p class=\"article-body mb-nof-24 px-nof-16\">Keuruun S\u00e4hk\u00f6 -osakeyhti\u00f6n 110 vuodesta kertova teos El\u00e4m\u00e4\u00e4 ja Energiaa \u2013 Keuruun S\u00e4hk\u00f6 Oy 110 vuotta ilmestyi joulukuussa 2025.<\/p>\n<p class=\"article-body mb-nof-24 px-nof-16\">Toimitusjohtaja <a class=\"article-personlink\" href=\"https:\/\/www.suurkeuruu.fi\/haku\/?query=Esa%20Koivula\" rel=\"nofollow noopener\" target=\"_blank\">Esa Koivula<\/a> kertoo, ett\u00e4 vuonna 1915 perustettu yhti\u00f6 on pysynyt elinvoimaisena vuosikymmenten suhdannevaihteluista huolimatta.<\/p>\n<p>Kymmeni\u00e4 kertojia<\/p>\n","protected":false},"excerpt":{"rendered":"Keuruulaisten omistamassa yhti\u00f6ss\u00e4 energia-alan kehitt\u00e4minen on pysynyt kunnia-asiana. Keuruun S\u00e4hk\u00f6 -osakeyhti\u00f6n 110 vuodesta kertova teos El\u00e4m\u00e4\u00e4 ja Energiaa&hellip;\n","protected":false},"author":2,"featured_media":125028,"comment_status":"","ping_status":"","sticky":false,"template":"","format":"standard","meta":{"footnotes":""},"categories":[76],"tags":[79,77,33,31,30,32,171,78],"class_list":{"0":"post-125027","1":"post","2":"type-post","3":"status-publish","4":"format-standard","5":"has-post-thumbnail","7":"category-talous","8":"tag-business","9":"tag-economy","10":"tag-fi","11":"tag-finland","12":"tag-finnish","13":"tag-suomi","14":"tag-suur-keuruu","15":"tag-talous"},"share_on_mastodon":{"url":"https:\/\/pubeurope.com\/@fi\/115776219033105859","error":""},"_links":{"self":[{"href":"https:\/\/www.europesays.com\/fi\/wp-json\/wp\/v2\/posts\/125027","targetHints":{"allow":["GET"]}}],"collection":[{"href":"https:\/\/www.europesays.com\/fi\/wp-json\/wp\/v2\/posts"}],"about":[{"href":"https:\/\/www.europesays.com\/fi\/wp-json\/wp\/v2\/types\/post"}],"author":[{"embeddable":true,"href":"https:\/\/www.europesays.com\/fi\/wp-json\/wp\/v2\/users\/2"}],"replies":[{"embeddable":true,"href":"https:\/\/www.europesays.com\/fi\/wp-json\/wp\/v2\/comments?post=125027"}],"version-history":[{"count":0,"href":"https:\/\/www.europesays.com\/fi\/wp-json\/wp\/v2\/posts\/125027\/revisions"}],"wp:featuredmedia":[{"embeddable":true,"href":"https:\/\/www.europesays.com\/fi\/wp-json\/wp\/v2\/media\/125028"}],"wp:attachment":[{"href":"https:\/\/www.europesays.com\/fi\/wp-json\/wp\/v2\/media?parent=125027"}],"wp:term":[{"taxonomy":"category","embeddable":true,"href":"https:\/\/www.europesays.com\/fi\/wp-json\/wp\/v2\/categories?post=125027"},{"taxonomy":"post_tag","embeddable":true,"href":"https:\/\/www.europesays.com\/fi\/wp-json\/wp\/v2\/tags?post=125027"}],"curies":[{"name":"wp","href":"https:\/\/api.w.org\/{rel}","templated":true}]}}