{"id":125036,"date":"2025-12-24T19:49:08","date_gmt":"2025-12-24T19:49:08","guid":{"rendered":"https:\/\/www.europesays.com\/fi\/125036\/"},"modified":"2025-12-24T19:49:08","modified_gmt":"2025-12-24T19:49:08","slug":"anssi-heikkilalta-harvinainen-kuva-tassa-on-isoaitini","status":"publish","type":"post","link":"https:\/\/www.europesays.com\/fi\/125036\/","title":{"rendered":"Anssi Heikkil\u00e4lt\u00e4 harvinainen kuva: T\u00e4ss\u00e4 on iso\u00e4itini!"},"content":{"rendered":"<p>Tanssii t\u00e4htien kanssa -komistus Anssi Heikkil\u00e4 on viett\u00e4nyt joulun aikaa iso\u00e4itins\u00e4 kanssa.<\/p>\n<p>Mies on julkaissut l\u00e4heisest\u00e4\u00e4n harvinaisen kuvan.<\/p>\n<p>-Tultiin mummin kanssa toivottamaan kaikille hyv\u00e4\u00e4 ja rauhaisaa joulua, h\u00e4n kirjoittaa ja seisoo h\u00e4nt\u00e4 p\u00e4\u00e4t\u00e4 lyhemm\u00e4n mumminsa takana pit\u00e4en h\u00e4nt\u00e4 syd\u00e4mellisess\u00e4 rutistuksessaan.<\/p>\n<p>Lue my\u00f6s: <a href=\"https:\/\/www.como.fi\/uutiset\/oho-tanssii-tahtien-kanssa-anssi-heikkilan-yllatyspaluu-suomeen\/\" title=\"Oho! Tanssii t\u00e4htien kanssa -Anssi Heikkil\u00e4n yll\u00e4tyspaluu Suomeen!\" class=\"underline-custom !font-montserrat !font-bold !underline-offset-4 !decoration-4 !decoration-red-600 !text-md\" rel=\"nofollow noopener\" target=\"_blank\">Oho! Tanssii t\u00e4htien kanssa -Anssi Heikkil\u00e4n yll\u00e4tyspaluu Suomeen!<\/a><\/p>\n<p>Lue my\u00f6s: <a href=\"https:\/\/www.como.fi\/uutiset\/anssi-heikkilan-allistyttava-ilta-paasin-kokemaan-jotain-unohtumatonta\/\" title=\"Anssi Heikkil\u00e4n \u00e4llistytt\u00e4v\u00e4 ilta \u2013 \u201dP\u00e4\u00e4sin kokemaan jotain unohtumatonta\u201d\" class=\"underline-custom !font-montserrat !font-bold !underline-offset-4 !decoration-4 !decoration-red-600 !text-md\" rel=\"nofollow noopener\" target=\"_blank\">Anssi Heikkil\u00e4n \u00e4llistytt\u00e4v\u00e4 ilta \u2013 \u201dP\u00e4\u00e4sin kokemaan jotain unohtumatonta\u201d<\/a><\/p>\n<p>Lue my\u00f6s: <a href=\"https:\/\/www.como.fi\/uutiset\/anssi-heikkilan-reppuselassa-tuttu-kaunotar\/\" title=\"Anssi Heikkil\u00e4n reppusel\u00e4ss\u00e4 tuttu kaunotar\" class=\"underline-custom !font-montserrat !font-bold !underline-offset-4 !decoration-4 !decoration-red-600 !text-md\" rel=\"nofollow noopener\" target=\"_blank\">Anssi Heikkil\u00e4n reppusel\u00e4ss\u00e4 tuttu kaunotar<\/a><\/p>\n<p>Anssin iso\u00e4iti kuten Anssikin n\u00e4ytt\u00e4v\u00e4t laittaneen jalkaansa mukavat karvaiset tossut. Paikkakunnaksi p\u00e4ivitykseen on merkitty Kotka. Tanssinopettaja itse on kotkalaissyntyinen, joten juurille on palattu.<\/p>\n<p>Lue my\u00f6s: <a href=\"https:\/\/www.como.fi\/uutiset\/anssi-heikkila-avautuu-toistaan-ei-se-aina-helppoo-oo\/\" title=\"Anssi Heikkil\u00e4 avautuu t\u00f6ist\u00e4\u00e4n: \u201dEi se aina helppoo oo\u201d\" class=\"underline-custom !font-montserrat !font-bold !underline-offset-4 !decoration-4 !decoration-red-600 !text-md\" rel=\"nofollow noopener\" target=\"_blank\">Anssi Heikkil\u00e4 avautuu t\u00f6ist\u00e4\u00e4n: \u201dEi se aina helppoo oo\u201d<\/a><\/p>\n<p>Katso kuva alta. <strong><a href=\"https:\/\/www.instagram.com\/p\/DSpjx7oCmxG\/?img_index=1\" rel=\"nofollow noopener\" target=\"_blank\">Tai t\u00e4st\u00e4, ellei se n\u00e4y.<\/a><\/strong><\/p>\n<p>Lue my\u00f6s: <a href=\"https:\/\/www.como.fi\/tilaa-comon-uutiskirje\/\" title=\"Tilaa Comon uutiskirje ja tied\u00e4t mist\u00e4 kahvitauolla puhutaan! Nappaa kotimaan tv-vinkit ja puheenaiheet suoraan s\u00e4hk\u00f6postiin t\u00e4st\u00e4.\" class=\"underline-custom !font-montserrat !font-bold !underline-offset-4 !decoration-4 !decoration-red-600 !text-md\" rel=\"nofollow noopener\" target=\"_blank\">Tilaa Comon uutiskirje ja tied\u00e4t mist\u00e4 kahvitauolla puhutaan! Nappaa kotimaan tv-vinkit ja puheenaiheet suoraan s\u00e4hk\u00f6postiin t\u00e4st\u00e4.<\/a><\/p>\n<p>\t\t\t<script async src=\"\/\/www.instagram.com\/embed.js\"><\/script><\/p>\n","protected":false},"excerpt":{"rendered":"Tanssii t\u00e4htien kanssa -komistus Anssi Heikkil\u00e4 on viett\u00e4nyt joulun aikaa iso\u00e4itins\u00e4 kanssa. Mies on julkaissut l\u00e4heisest\u00e4\u00e4n harvinaisen kuvan.&hellip;\n","protected":false},"author":2,"featured_media":125037,"comment_status":"","ping_status":"","sticky":false,"template":"","format":"standard","meta":{"footnotes":""},"categories":[136],"tags":[7878,407,137,33,31,30,408,32,109],"class_list":{"0":"post-125036","1":"post","2":"type-post","3":"status-publish","4":"format-standard","5":"has-post-thumbnail","7":"category-julkkikset","8":"tag-anssi-heikkilu00e4","9":"tag-celebrities","10":"tag-entertainment","11":"tag-fi","12":"tag-finland","13":"tag-finnish","14":"tag-julkkikset","15":"tag-suomi","16":"tag-viihde"},"share_on_mastodon":{"url":"https:\/\/pubeurope.com\/@fi\/115776281885713171","error":""},"_links":{"self":[{"href":"https:\/\/www.europesays.com\/fi\/wp-json\/wp\/v2\/posts\/125036","targetHints":{"allow":["GET"]}}],"collection":[{"href":"https:\/\/www.europesays.com\/fi\/wp-json\/wp\/v2\/posts"}],"about":[{"href":"https:\/\/www.europesays.com\/fi\/wp-json\/wp\/v2\/types\/post"}],"author":[{"embeddable":true,"href":"https:\/\/www.europesays.com\/fi\/wp-json\/wp\/v2\/users\/2"}],"replies":[{"embeddable":true,"href":"https:\/\/www.europesays.com\/fi\/wp-json\/wp\/v2\/comments?post=125036"}],"version-history":[{"count":0,"href":"https:\/\/www.europesays.com\/fi\/wp-json\/wp\/v2\/posts\/125036\/revisions"}],"wp:featuredmedia":[{"embeddable":true,"href":"https:\/\/www.europesays.com\/fi\/wp-json\/wp\/v2\/media\/125037"}],"wp:attachment":[{"href":"https:\/\/www.europesays.com\/fi\/wp-json\/wp\/v2\/media?parent=125036"}],"wp:term":[{"taxonomy":"category","embeddable":true,"href":"https:\/\/www.europesays.com\/fi\/wp-json\/wp\/v2\/categories?post=125036"},{"taxonomy":"post_tag","embeddable":true,"href":"https:\/\/www.europesays.com\/fi\/wp-json\/wp\/v2\/tags?post=125036"}],"curies":[{"name":"wp","href":"https:\/\/api.w.org\/{rel}","templated":true}]}}