{"id":125042,"date":"2025-12-24T19:56:08","date_gmt":"2025-12-24T19:56:08","guid":{"rendered":"https:\/\/www.europesays.com\/fi\/125042\/"},"modified":"2025-12-24T19:56:08","modified_gmt":"2025-12-24T19:56:08","slug":"viisi-sm-liigakiekkoilijaa-valittiin-olympialaisiin-ilta-sanomat","status":"publish","type":"post","link":"https:\/\/www.europesays.com\/fi\/125042\/","title":{"rendered":"Viisi SM-liigakiekkoilijaa valittiin olympialaisiin &#8211; Ilta-Sanomat"},"content":{"rendered":"<p>Ranskan olympiajoukkueet julkaistiin.<\/p>\n<p class=\"article-body mb-nof-24 px-nof-16\">Ranskan j\u00e4\u00e4kiekkoliitto on kertonut valinnoistaan helmikuun olympiaturnaukseen.<\/p>\n<p class=\"article-body mb-nof-24 px-nof-16\">Kaikki viisi ranskalaista SM-liigan kentt\u00e4pelaajaa ovat mukana maan miesten olympiajoukkueessa.<\/p>\n<p class=\"article-body mb-nof-24 px-nof-16\">Joukkueeseen valittiin liigasta hy\u00f6kk\u00e4\u00e4j\u00e4t <a class=\"article-personlink\" href=\"https:\/\/www.is.fi\/haku\/?query=Dylan%20Fabre\" rel=\"nofollow noopener\" target=\"_blank\">Dylan Fabre<\/a> (\u00c4ss\u00e4t, 21 ottelua, 8+8), <a class=\"article-personlink\" href=\"https:\/\/www.is.fi\/haku\/?query=Charles%20Bertrand\" rel=\"nofollow noopener\" target=\"_blank\">Charles Bertrand<\/a> (Sport, 22, 9+5), <a class=\"article-personlink\" href=\"https:\/\/www.is.fi\/haku\/?query=Justin%20Addamo\" rel=\"nofollow noopener\" target=\"_blank\">Justin Addamo<\/a> (Jukurit, 33, 3+7) sek\u00e4 puolustajat <a class=\"article-personlink\" href=\"https:\/\/www.is.fi\/haku\/?query=Jules%20Boscq\" rel=\"nofollow noopener\" target=\"_blank\">Jules Boscq<\/a> (HPK, 22, 2+3) ja <a class=\"article-personlink\" href=\"https:\/\/www.is.fi\/haku\/?query=Hugo%20Gallet\" rel=\"nofollow noopener\" target=\"_blank\">Hugo Gallet<\/a> (KalPa, 21, 0+3).<\/p>\n<p class=\"article-body mb-nof-24 px-nof-16\">Fabre on parhaillaan sivussa peleist\u00e4 loukkaantumisen takia. \u00c4ss\u00e4t kertoi 17. marraskuuta, ett\u00e4 h\u00e4n on sivussa jopa kolmen kuukauden ajan, joten toipuminen kest\u00e4\u00e4 olympiaturnauksen kynnykselle.<\/p>\n<p class=\"article-body mb-nof-24 px-nof-16\">Ranska julkaisi jouluaatonaattona 24 pelaajan listan ja kertoi paljastavansa viimeisen pelaajan NHL:n kanssa sovitusti tammikuussa.<\/p>\n<p class=\"article-body mb-nof-24 px-nof-16\">Ranskan ainoa NHL-kiekkoilija on Montrealissa kiekkoileva <a class=\"article-personlink\" href=\"https:\/\/www.is.fi\/haku\/?query=Alexandre%20Texier\" rel=\"nofollow noopener\" target=\"_blank\">Alexandre Texier<\/a>, joka pelasi KalPassa kaksi kautta ennen kuin l\u00e4hti Columbus Blue Jacketsin riveihin.<\/p>\n<p class=\"article-body mb-nof-24 px-nof-16\">Joukkueen nimimiehiin lukeutuu Ranskan kaikkien aikojen kokenein NHL-pelaaja. Nyky\u00e4\u00e4n Sveitsiss\u00e4 kiekkoileva <a class=\"article-personlink\" href=\"https:\/\/www.is.fi\/haku\/?query=Pierre-Edouard%20Bellemare\" rel=\"nofollow noopener\" target=\"_blank\">Pierre-Edouard Bellemare<\/a>, 40, pelasi tasan 700 runkosarjaottelua tehoin 64+74.<\/p>\n<p class=\"article-body mb-nof-24 px-nof-16\">Pitk\u00e4\u00e4n Suomessa pelannut ja sen j\u00e4lkeenkin pohjolassa tukikohtaansa pit\u00e4nyt puolustaja <a class=\"article-personlink\" href=\"https:\/\/www.is.fi\/haku\/?query=Yohann%20Auvitu\" rel=\"nofollow noopener\" target=\"_blank\">Yohann Auvitu<\/a> tuo h\u00e4nkin NHL-kokemusta. Jyv\u00e4skyl\u00e4ss\u00e4 ensin kiekkoillut Auvitu ponnisti HIFK:sta NHL:\u00e4\u00e4n ja pelasi maailman kovimmassa sarjassa 58 ottelua (5+8).<\/p>\n<p class=\"article-body mb-nof-24 px-nof-16\">Ranskan miesten p\u00e4\u00e4valmentaja on <a class=\"article-personlink\" href=\"https:\/\/www.is.fi\/haku\/?query=Yorick%20Treille\" rel=\"nofollow noopener\" target=\"_blank\">Yorick Treille<\/a>. H\u00e4n k\u00e4vi talvella 2003 floppaamassa HIFK:ssa (5, 0+1). Aiemmin t\u00e4n\u00e4 syksyn\u00e4 Treille sai kenk\u00e4\u00e4 Genevest\u00e4 ja teki tilaa p\u00e4\u00e4valmentajan paikalle nostetulle <a class=\"article-personlink\" href=\"https:\/\/www.is.fi\/haku\/?query=Ville%20Peltoselle\" rel=\"nofollow noopener\" target=\"_blank\">Ville Peltoselle<\/a>, joka muistetaan Treillen peliajoilta Jokereista.<\/p>\n<p class=\"article-body mb-nof-24 px-nof-16\">Auroraliigan kahdesta ranskalaisesta valittiin hy\u00f6kk\u00e4\u00e4j\u00e4 <a class=\"article-personlink\" href=\"https:\/\/www.is.fi\/haku\/?query=Sehana%20Galbrun\" rel=\"nofollow noopener\" target=\"_blank\">Sehana Galbrun<\/a>, joka on tehnyt t\u00e4ll\u00e4 kaudella 22 ottelussa tehot 2+6. H\u00e4nen seuratoveriaan, HIFK:n kapteenia <a class=\"article-personlink\" href=\"https:\/\/www.is.fi\/haku\/?query=Athena%20Locatelli\" rel=\"nofollow noopener\" target=\"_blank\">Athena Locatelli<\/a> (22, 4+15) ei nimetty naisten joukkueeseen.<\/p>\n","protected":false},"excerpt":{"rendered":"Ranskan olympiajoukkueet julkaistiin. Ranskan j\u00e4\u00e4kiekkoliitto on kertonut valinnoistaan helmikuun olympiaturnaukseen. Kaikki viisi ranskalaista SM-liigan kentt\u00e4pelaajaa ovat mukana maan&hellip;\n","protected":false},"author":2,"featured_media":125043,"comment_status":"","ping_status":"","sticky":false,"template":"","format":"standard","meta":{"footnotes":""},"categories":[158],"tags":[33,31,30,34,159,32,160],"class_list":{"0":"post-125042","1":"post","2":"type-post","3":"status-publish","4":"format-standard","5":"has-post-thumbnail","7":"category-urheilu","8":"tag-fi","9":"tag-finland","10":"tag-finnish","11":"tag-ilta-sanomat","12":"tag-sports","13":"tag-suomi","14":"tag-urheilu"},"share_on_mastodon":{"url":"https:\/\/pubeurope.com\/@fi\/115776309605984759","error":""},"_links":{"self":[{"href":"https:\/\/www.europesays.com\/fi\/wp-json\/wp\/v2\/posts\/125042","targetHints":{"allow":["GET"]}}],"collection":[{"href":"https:\/\/www.europesays.com\/fi\/wp-json\/wp\/v2\/posts"}],"about":[{"href":"https:\/\/www.europesays.com\/fi\/wp-json\/wp\/v2\/types\/post"}],"author":[{"embeddable":true,"href":"https:\/\/www.europesays.com\/fi\/wp-json\/wp\/v2\/users\/2"}],"replies":[{"embeddable":true,"href":"https:\/\/www.europesays.com\/fi\/wp-json\/wp\/v2\/comments?post=125042"}],"version-history":[{"count":0,"href":"https:\/\/www.europesays.com\/fi\/wp-json\/wp\/v2\/posts\/125042\/revisions"}],"wp:featuredmedia":[{"embeddable":true,"href":"https:\/\/www.europesays.com\/fi\/wp-json\/wp\/v2\/media\/125043"}],"wp:attachment":[{"href":"https:\/\/www.europesays.com\/fi\/wp-json\/wp\/v2\/media?parent=125042"}],"wp:term":[{"taxonomy":"category","embeddable":true,"href":"https:\/\/www.europesays.com\/fi\/wp-json\/wp\/v2\/categories?post=125042"},{"taxonomy":"post_tag","embeddable":true,"href":"https:\/\/www.europesays.com\/fi\/wp-json\/wp\/v2\/tags?post=125042"}],"curies":[{"name":"wp","href":"https:\/\/api.w.org\/{rel}","templated":true}]}}