{"id":125051,"date":"2025-12-24T20:03:14","date_gmt":"2025-12-24T20:03:14","guid":{"rendered":"https:\/\/www.europesays.com\/fi\/125051\/"},"modified":"2025-12-24T20:03:14","modified_gmt":"2025-12-24T20:03:14","slug":"brasilian-ex-presidentti-vietiin-vankilasta-sairaalaan-uutisia-lyhyesti","status":"publish","type":"post","link":"https:\/\/www.europesays.com\/fi\/125051\/","title":{"rendered":"Brasilian ex-presidentti vietiin vankilasta sairaalaan | Uutisia lyhyesti"},"content":{"rendered":"<p class=\"aw-1gybjub aw-5vja16 kEtdKx kmuxyA yle__article__paragraph\">Jair Bolsonaro istuu parhaillaan 27 vuoden tuomiota vallankaappauksen yrityksest\u00e4.<\/p>\n<p><img decoding=\"async\" alt=\" Jair Bolsonaro vihre\u00e4ss\u00e4 pikeepaidassa, soliluiden v\u00e4liss\u00e4 sideharso teipill\u00e4 kiinni ihossa.\" src=\"https:\/\/www.europesays.com\/fi\/wp-content\/uploads\/2025\/12\/39-1574363694bf787cbb7c.jpeg\" class=\"aw-1l9m598 hKVVvP\"\/><\/p>\n<p>Avaa kuvien katselu<\/p>\n<p>Brasilian entinen presidentti Jair Bolsonaro poistumassa sairaalasta 14. syyskuuta suoritetun l\u00e4\u00e4ketieteellisen toimenpiteen j\u00e4lkeen. Kuva: Ton Molina \/ Getty<\/p>\n<p class=\"aw-1gybjub aw-1p7kakr kEtdKx cEmitX yle__article__paragraph\">Brasilian entinen presidentti <strong class=\"aw-ak79eh KyCXm yle__article__strong\">Jair Bolsonaro<\/strong> on p\u00e4\u00e4ssyt pois vankilasta tilap\u00e4isesti terveydentilan heikkenemisen takia.<\/p>\n<p class=\"aw-1gybjub aw-1p7kakr kEtdKx cEmitX yle__article__paragraph\">Bolsonaro vietiin keskiviikkona p\u00e4\u00e4kaupungissa Brasiliassa sijaitsevaan sairaalaan leikkaukseen, kertoo sairaalal\u00e4hde uutistoimisto AFP:lle. AFP:n toimittajat n\u00e4kiv\u00e4t mustien autojen letkan saapuvan sairaalaan.<\/p>\n<p class=\"aw-1gybjub aw-1p7kakr kEtdKx cEmitX yle__article__paragraph\">AFP:n mukaan Bolsonaro on tarkoitus leikata torstaina. Operaatiosta ja toipumisen kestosta ei ole tietoa.<\/p>\n<p class=\"aw-1gybjub aw-1p7kakr kEtdKx cEmitX yle__article__paragraph\">Bolsonaro, 70, on k\u00e4rsinyt eri terveysongelmista viime vuosina. Vuonna 2018 h\u00e4nt\u00e4 puukotettiin vatsaan presidentinvaalien kampanjoinnin aikana.<\/p>\n<p class=\"aw-1gybjub aw-1p7kakr kEtdKx cEmitX yle__article__paragraph\">Ex-presidentti on tuomittu vallankaappauksen yrityksest\u00e4 27 vuoden vankeuteen. H\u00e4n alkoi istua tuomiotaan marraskuussa.<\/p>\n<p class=\"aw-1gybjub aw-1p7kakr kEtdKx cEmitX yle__article__paragraph\">Bolsonaro on kiist\u00e4nyt syyllistyneens\u00e4 rikoksiin. H\u00e4n pit\u00e4\u00e4 tuomiotaan poliittisena ajojahtina.<\/p>\n<p class=\"aw-1gybjub aw-1p7kakr kEtdKx cEmitX yle__article__paragraph\">Viime viikolla Brasilian senaatti hyv\u00e4ksyi lakiesityksen, joka <a class=\"aw-iao6s4 iHOxEa yle__article__link\" href=\"https:\/\/yle.fi\/a\/74-20200588\" role=\"link\" rel=\"nofollow noopener\" target=\"_blank\">saattaa lyhent\u00e4\u00e4 Bolsonaron vankeutta<\/a>.<\/p>\n<p class=\"aw-1gybjub aw-1p7kakr kEtdKx cEmitX yle__article__paragraph\">L\u00e4hde: AFP<\/p>\n","protected":false},"excerpt":{"rendered":"Jair Bolsonaro istuu parhaillaan 27 vuoden tuomiota vallankaappauksen yrityksest\u00e4. Avaa kuvien katselu Brasilian entinen presidentti Jair Bolsonaro poistumassa&hellip;\n","protected":false},"author":2,"featured_media":125052,"comment_status":"","ping_status":"","sticky":false,"template":"","format":"standard","meta":{"footnotes":""},"categories":[5],"tags":[2741,6496,22,23,26,27,33,31,30,17,6495,24,25,28,29,15,1915,18,21,32,167,19,20,56,16],"class_list":{"0":"post-125051","1":"post","2":"type-post","3":"status-publish","4":"format-standard","5":"has-post-thumbnail","7":"category-otsikot","8":"tag-brasilia","9":"tag-brasilialaiset-poliitikot","10":"tag-breaking-news","11":"tag-breakingnews","12":"tag-featured-news","13":"tag-featurednews","14":"tag-fi","15":"tag-finland","16":"tag-finnish","17":"tag-headlines","18":"tag-jair-bolsonaro","19":"tag-latest-news","20":"tag-latestnews","21":"tag-main-news","22":"tag-mainnews","23":"tag-news","24":"tag-oikeus","25":"tag-otsikot","26":"tag-paauutiset","27":"tag-suomi","28":"tag-terveys","29":"tag-top-stories","30":"tag-topstories","31":"tag-ulkomaat","32":"tag-uutiset"},"share_on_mastodon":{"url":"https:\/\/pubeurope.com\/@fi\/115776337180195461","error":""},"_links":{"self":[{"href":"https:\/\/www.europesays.com\/fi\/wp-json\/wp\/v2\/posts\/125051","targetHints":{"allow":["GET"]}}],"collection":[{"href":"https:\/\/www.europesays.com\/fi\/wp-json\/wp\/v2\/posts"}],"about":[{"href":"https:\/\/www.europesays.com\/fi\/wp-json\/wp\/v2\/types\/post"}],"author":[{"embeddable":true,"href":"https:\/\/www.europesays.com\/fi\/wp-json\/wp\/v2\/users\/2"}],"replies":[{"embeddable":true,"href":"https:\/\/www.europesays.com\/fi\/wp-json\/wp\/v2\/comments?post=125051"}],"version-history":[{"count":0,"href":"https:\/\/www.europesays.com\/fi\/wp-json\/wp\/v2\/posts\/125051\/revisions"}],"wp:featuredmedia":[{"embeddable":true,"href":"https:\/\/www.europesays.com\/fi\/wp-json\/wp\/v2\/media\/125052"}],"wp:attachment":[{"href":"https:\/\/www.europesays.com\/fi\/wp-json\/wp\/v2\/media?parent=125051"}],"wp:term":[{"taxonomy":"category","embeddable":true,"href":"https:\/\/www.europesays.com\/fi\/wp-json\/wp\/v2\/categories?post=125051"},{"taxonomy":"post_tag","embeddable":true,"href":"https:\/\/www.europesays.com\/fi\/wp-json\/wp\/v2\/tags?post=125051"}],"curies":[{"name":"wp","href":"https:\/\/api.w.org\/{rel}","templated":true}]}}