{"id":125056,"date":"2025-12-24T20:22:19","date_gmt":"2025-12-24T20:22:19","guid":{"rendered":"https:\/\/www.europesays.com\/fi\/125056\/"},"modified":"2025-12-24T20:22:19","modified_gmt":"2025-12-24T20:22:19","slug":"nuorten-leijonien-daniel-nieminen-antaa-mm-kilpailuissa-nayttoja-taalajaille-urheilu","status":"publish","type":"post","link":"https:\/\/www.europesays.com\/fi\/125056\/","title":{"rendered":"Nuorten Leijonien Daniel Nieminen antaa MM-kilpailuissa n\u00e4ytt\u00f6j\u00e4 taalaj\u00e4ille | Urheilu"},"content":{"rendered":"<p>Suomen alle 20-vuotiaiden miesten j\u00e4\u00e4kiekkomaajoukkueen puolustaja Daniel Nieminen on kokenut nuorella urallaan jo paljon. Tutuiksi ovat tulleet nuorten sek\u00e4 poikien arvokilpailujen tunnekirjo ja kotoiset liigakarsinnat. Eik\u00e4 Lahden Pelicansin 19-vuotiaan lupauksen t\u00e4m\u00e4k\u00e4\u00e4n kausi ole sujunut t\u00e4ysin ongelmitta.<\/p>\n<p>\u2013\u2009Liigakausi on ollut aika vaihteleva eik\u00e4 ole ollut sellainen kuin ajattelin. On ollut vaikeita kohtia mutta my\u00f6s hyvi\u00e4 pelej\u00e4. Nousujohteisesti eteenp\u00e4in, Nieminen painotti STT:lle ennen nuorten MM-matkaa ja luotti parempaan kev\u00e4tkauteen.<\/p>\n<p>Nieminen ei kuulunut Pelicansin liigamiehist\u00f6\u00f6n viel\u00e4 silloin, kun lahtelaiset saavuttivat per\u00e4kk\u00e4iset SM-hopeat 2023 ja 2024. Pudotus noiden j\u00e4lkeen on ollut raju, ja Nieminen on samaan aikaan opetellut Liigan tavoille. Pelicans j\u00e4i viime kaudella runkosarjan toiseksi viimeiseksi, h\u00e4visi playout-pelit Jukureille ja joutui karsimaan sarjapaikastaan Jokereita vastaan. <\/p>\n<p>Pelicans pelasti liigapaikkansa voitoin 4\u20131. Nuori puolustaja Nieminen esiintyi edukseen.<\/p>\n<p>\u2013\u2009Viime kausi oli opettavainen kausi, h\u00e4n muistutti. <\/p>\n<p>Viime kauden r\u00e4pelt\u00e4j\u00e4t Jukurit ja Pelicans ovat ottaneet askeleen kohti Liigan keskikastia ja taistelevat pudotuspelipaikoista, joten oppi on mennyt perille.<\/p>\n<p>\u2013\u2009Nytkin alkukausi oli vaikea, mutta olemme menossa oikeaan suuntaan. Joukkueessa on hyv\u00e4 meininki, Nieminen alleviivasi lahtelaisten osalta.<\/p>\n<p>\t\t\t\tNashville seuraa<\/p>\n<p>Nieminen pelasi alle 18-vuotiaiden MM-kotikisoissa vuonna 2024 ja koki musertavan puoliv\u00e4lier\u00e4tappion. Tuon joukkueen runko valmistautuu nyt jo toisiin alle 20-vuotiaiden MM-kilpailuihinsa. Vuosi sitten Nieminen ja kumppanit ylsiv\u00e4t MM-hopealle. Jatkoaikatappio Yhdysvalloille oli karvas ja kokemus kasvattava.<\/p>\n<p>Nuoret Leijonat aloittaa MM-kultajahdin tapaninp\u00e4iv\u00e4n\u00e4 Yhdysvaltojen Minneapolisissa ja kohtaa alkusarjassa Tanskan, Latvian, Tshekin ja Kanadan.<\/p>\n<p>\u2013\u2009L\u00e4hdemme tavoittelemaan kultaa aina. Viime kaudellakin oli hieno turnaus. Meill\u00e4 oli tiivis porukka, ja l\u00e4hdemme taas ty\u00f6st\u00e4m\u00e4\u00e4n, ett\u00e4 saisimme joukkuehengen hyv\u00e4ksi. Meill\u00e4 on ollut hyv\u00e4 meininki jo kaikissa t\u00e4m\u00e4n kauden turnauksissa. Olemme menestyneet hyvin.<\/p>\n<p>Nieminen saattaa tulevina vuosina viihty\u00e4 Pohjois-Amerikassa pidemp\u00e4\u00e4n kuin muutaman viikon kisarupeamien ajan. Nashville Predators varasi h\u00e4net NHL:\u00e4\u00e4n viime kes\u00e4n\u00e4 kuudennella kierroksella ja on seurannut kiinnityksens\u00e4 otteita.<\/p>\n<p>\u2013\u2009Pakkivalmentajan kanssa on katsottu videop\u00e4tki\u00e4 ja soiteltu v\u00e4hint\u00e4\u00e4n kerran kuussa. Sielt\u00e4 saa hyvi\u00e4 vinkkej\u00e4 ja vinkkej\u00e4 my\u00f6s siihen, millaista peli on jenkeiss\u00e4. Uskon, ett\u00e4 he tulevat katsomaan my\u00f6s MM-kisoja, Nieminen tuumi.<\/p>\n<p>\u2013\u2009Uskon, ett\u00e4 minulla on hyv\u00e4t l\u00e4ht\u00f6kohdat siihen, ett\u00e4 voin jonain p\u00e4iv\u00e4n\u00e4 pelata NHL:ss\u00e4. Oman tekemisen taso pit\u00e4\u00e4 saada tarpeeksi korkealle ja tasaiseksi.<\/p>\n<p>NHL-tulevaisuutta silm\u00e4ll\u00e4 pit\u00e4en Nieminen on hoitanut velvollisuuksiaan kotimaassa. H\u00e4n suoritti jo varusmiespalveluksen Santahaminassa urheilujoukoissa.<\/p>\n<p>\u2013\u2009Armeijassa oli hyv\u00e4t puitteet kehitty\u00e4. Fysiikkapuoli kehittyi paljon, mutta heng\u00e4hdystauko kes\u00e4lt\u00e4 j\u00e4i pois.<\/p>\n<p>\u2013\u2009Lukio-opinnot j\u00e4iv\u00e4t tauolle armeijan takia, mutta pyrin jatkamaan niit\u00e4 nettilukiossa, 19-vuotias puolustaja kertoi.<\/p>\n","protected":false},"excerpt":{"rendered":"Suomen alle 20-vuotiaiden miesten j\u00e4\u00e4kiekkomaajoukkueen puolustaja Daniel Nieminen on kokenut nuorella urallaan jo paljon. Tutuiksi ovat tulleet nuorten&hellip;\n","protected":false},"author":2,"featured_media":125057,"comment_status":"","ping_status":"","sticky":false,"template":"","format":"standard","meta":{"footnotes":""},"categories":[158],"tags":[1144,33,31,30,1143,8475,41,6699,8750,159,32,1145,160],"class_list":{"0":"post-125056","1":"post","2":"type-post","3":"status-publish","4":"format-standard","5":"has-post-thumbnail","7":"category-urheilu","8":"tag-ammattilaisjaakiekko","9":"tag-fi","10":"tag-finland","11":"tag-finnish","12":"tag-jaakiekko","13":"tag-jukurit-hc","14":"tag-liikunta-ja-urheilu","15":"tag-minneapolis","16":"tag-pelicans","17":"tag-sports","18":"tag-suomi","19":"tag-talviurheilu","20":"tag-urheilu"},"share_on_mastodon":{"url":"https:\/\/pubeurope.com\/@fi\/115776411725492042","error":""},"_links":{"self":[{"href":"https:\/\/www.europesays.com\/fi\/wp-json\/wp\/v2\/posts\/125056","targetHints":{"allow":["GET"]}}],"collection":[{"href":"https:\/\/www.europesays.com\/fi\/wp-json\/wp\/v2\/posts"}],"about":[{"href":"https:\/\/www.europesays.com\/fi\/wp-json\/wp\/v2\/types\/post"}],"author":[{"embeddable":true,"href":"https:\/\/www.europesays.com\/fi\/wp-json\/wp\/v2\/users\/2"}],"replies":[{"embeddable":true,"href":"https:\/\/www.europesays.com\/fi\/wp-json\/wp\/v2\/comments?post=125056"}],"version-history":[{"count":0,"href":"https:\/\/www.europesays.com\/fi\/wp-json\/wp\/v2\/posts\/125056\/revisions"}],"wp:featuredmedia":[{"embeddable":true,"href":"https:\/\/www.europesays.com\/fi\/wp-json\/wp\/v2\/media\/125057"}],"wp:attachment":[{"href":"https:\/\/www.europesays.com\/fi\/wp-json\/wp\/v2\/media?parent=125056"}],"wp:term":[{"taxonomy":"category","embeddable":true,"href":"https:\/\/www.europesays.com\/fi\/wp-json\/wp\/v2\/categories?post=125056"},{"taxonomy":"post_tag","embeddable":true,"href":"https:\/\/www.europesays.com\/fi\/wp-json\/wp\/v2\/tags?post=125056"}],"curies":[{"name":"wp","href":"https:\/\/api.w.org\/{rel}","templated":true}]}}