{"id":125078,"date":"2025-12-24T20:55:11","date_gmt":"2025-12-24T20:55:11","guid":{"rendered":"https:\/\/www.europesays.com\/fi\/125078\/"},"modified":"2025-12-24T20:55:11","modified_gmt":"2025-12-24T20:55:11","slug":"olimme-vihaisia-ja-poissa-tolaltamme-brittiperheelle-pettymys-lapin-lomasta","status":"publish","type":"post","link":"https:\/\/www.europesays.com\/fi\/125078\/","title":{"rendered":"&#8221;Olimme vihaisia ja poissa tolaltamme&#8221; \u2013 Brittiperheelle pettymys \u201dLapin\u201d lomasta"},"content":{"rendered":"<p>Ylen haastattelema brittiperhe suunnitteli joululomaa Vuokatissa, jonka he alun perin luulivat olevan Lapissa. Loma peruuntui lopulta kokonaan.<\/p>\n<p><img decoding=\"async\" class=\"image image-show image-preview\" src=\"https:\/\/www.europesays.com\/fi\/wp-content\/uploads\/2025\/12\/bd140089f727b8252fd28359c57c341fd604d6b62ebafc627bfd363a98f76abe.jpg\" alt=\"\"\/><img decoding=\"async\" class=\"image image-show\" src=\"https:\/\/www.europesays.com\/fi\/wp-content\/uploads\/2025\/12\/1766609711_745_bd140089f727b8252fd28359c57c341fd604d6b62ebafc627bfd363a98f76abe.jpg\" alt=\"\"\/><\/p>\n<p>Kuvituskuvaa koiravaljakosta Saarisel\u00e4ll\u00e4, Lapissa. Tiina Somerpuro<\/p>\n<p class=\"paragraph\"><a href=\"https:\/\/yle.fi\/a\/74-20201154\" rel=\"noopener nofollow\" target=\"_blank\">Ylen<\/a> haastatteleman brittil\u00e4isen <strong>Fay Garveyn<\/strong> piti perheineen viett\u00e4\u00e4 joulua Vuokatissa Sotkamossa.<\/p>\n<p class=\"paragraph\">Kun perhe luki Facebook-keskusteluja lomakohteestaan, he tajusivat, ettei se olekaan Lapissa.<\/p>\n<p class=\"paragraph\">\u2013 Olimme vihaisia ja poissa tolaltamme.<\/p>\n<p class=\"paragraph\">Koska perhe ei marraskuussa en\u00e4\u00e4 l\u00f6yt\u00e4nyt Lapista korvaavaa matkakohdetta, he p\u00e4\u00e4ttiv\u00e4t tyyty\u00e4 alkuper\u00e4iseen suunnitelmaansa.<\/p>\n<p class=\"paragraph\">Perheen suunnitelmissa oli esimerkiksi huskyajelu. Viime perjantaina, kaksi p\u00e4iv\u00e4\u00e4 ennen lomaa, Tui l\u00e4hetti heille viestin, ett\u00e4 lunta oli paikan p\u00e4\u00e4ll\u00e4 vain v\u00e4h\u00e4n. Tui tarjosi vaihtoehdoksi muun muassa loman perumista, mutta Garveyn perhe p\u00e4\u00e4tti silti edelleen pit\u00e4yty\u00e4 suunnitelmassaan.<\/p>\n<p class=\"paragraph\">Tuilta tuli lauantaina uusi viesti, jossa kerrottiin, ett\u00e4 koko matka on peruttu lumen v\u00e4hyyden takia. Lennon olisi pit\u00e4nyt l\u00e4hte\u00e4 seuraavana aamuna kello 6.30.<\/p>\n<p class=\"paragraph\">Garvey kertoo, ett\u00e4 h\u00e4n oli tapahtuneesta hyvin vihainen ja j\u00e4rkyttynyt. Eniten h\u00e4nt\u00e4 suututti Tuin toiminta.<\/p>\n<p>TUI: Brittiasiakkaat kutsuvat \u201dLapin kokemukseksi\u201d<\/p>\n<p class=\"paragraph\">Tui-matkatoimisto todella <a href=\"https:\/\/www.iltalehti.fi\/matkajutut\/545b29a9-ef6c-4f79-94a0-d8ee6720bfa3\" rel=\"nofollow noopener\" target=\"_blank\">kertoo nettisivuillaan brittituristeille Sotkamon ja Kuusamon sijainniksi Lapin<\/a>, vaikka kumpikaan kyseisist\u00e4 paikoista ei sijaitse Suomen Lapissa. Sotkamo on Kainuun maakunnassa, Kuusamo taas Pohjois-Pohjanmaan maakunnassa.<\/p>\n<p class=\"paragraph\">Tuin nettisivuilla briteille n\u00e4kyv\u00e4ss\u00e4 \u201dLapland Holiday Deals\u201d -listauksessa on ensimm\u00e4isen\u00e4 vaihtoehtona Pallas, joka sijaitsee Lapissa. T\u00e4m\u00e4n j\u00e4lkeen listalla olevan sotkamolaisen hotellin sijainnissa lukee \u201dArktinen j\u00e4rvialue, Lappi\u201d ja kuusamolaisen hotellin per\u00e4ss\u00e4 \u201dKuusamo, Lappi\u201d.<\/p>\n<p class=\"paragraph\">Iltalehti kysyi asiasta Tuilta lokakuussa. Tuin Ruotsin-viestinn\u00e4st\u00e4 kerrottiin tuolloin, ett\u00e4 brittiasiakkaat kutsuvat kyseisi\u00e4 kohteita \u201dLapin kokemukseksi\u201d tai \u201dLapin lomaksi\u201d, vaikka kyseess\u00e4 ei ole maantieteellinen Lappi.<\/p>\n<p class=\"paragraph\">\u2013 TUI UK sis\u00e4llytt\u00e4\u00e4 Kuusamon ja Vuokatin verkkosivustollaan \u201dLapin\u201d alle, koska asiakaskokemuksen kannalta tarjonta on sama, esimerkiksi joulupukki, huskyt, porot ja niin edelleen, Tuilta vastattiin Iltalehdelle.<\/p>\n","protected":false},"excerpt":{"rendered":"Ylen haastattelema brittiperhe suunnitteli joululomaa Vuokatissa, jonka he alun perin luulivat olevan Lapissa. Loma peruuntui lopulta kokonaan. Kuvituskuvaa&hellip;\n","protected":false},"author":2,"featured_media":125079,"comment_status":"","ping_status":"","sticky":false,"template":"","format":"standard","meta":{"footnotes":""},"categories":[5],"tags":[35,22,23,2110,26,27,33,31,30,17,14442,4355,24,25,28,29,923,15,18,21,32,19,20,2793,16],"class_list":{"0":"post-125078","1":"post","2":"type-post","3":"status-publish","4":"format-standard","5":"has-post-thumbnail","7":"category-otsikot","8":"tag-24h","9":"tag-breaking-news","10":"tag-breakingnews","11":"tag-elamantapa-ja-vapaa-aika","12":"tag-featured-news","13":"tag-featurednews","14":"tag-fi","15":"tag-finland","16":"tag-finnish","17":"tag-headlines","18":"tag-kansalliset-ja-kansainvaliset-juhlapaivat","19":"tag-lapin-maakunta","20":"tag-latest-news","21":"tag-latestnews","22":"tag-main-news","23":"tag-mainnews","24":"tag-matkustaminen","25":"tag-news","26":"tag-otsikot","27":"tag-paauutiset","28":"tag-suomi","29":"tag-top-stories","30":"tag-topstories","31":"tag-turismi","32":"tag-uutiset"},"share_on_mastodon":{"url":"https:\/\/pubeurope.com\/@fi\/115776541672434954","error":""},"_links":{"self":[{"href":"https:\/\/www.europesays.com\/fi\/wp-json\/wp\/v2\/posts\/125078","targetHints":{"allow":["GET"]}}],"collection":[{"href":"https:\/\/www.europesays.com\/fi\/wp-json\/wp\/v2\/posts"}],"about":[{"href":"https:\/\/www.europesays.com\/fi\/wp-json\/wp\/v2\/types\/post"}],"author":[{"embeddable":true,"href":"https:\/\/www.europesays.com\/fi\/wp-json\/wp\/v2\/users\/2"}],"replies":[{"embeddable":true,"href":"https:\/\/www.europesays.com\/fi\/wp-json\/wp\/v2\/comments?post=125078"}],"version-history":[{"count":0,"href":"https:\/\/www.europesays.com\/fi\/wp-json\/wp\/v2\/posts\/125078\/revisions"}],"wp:featuredmedia":[{"embeddable":true,"href":"https:\/\/www.europesays.com\/fi\/wp-json\/wp\/v2\/media\/125079"}],"wp:attachment":[{"href":"https:\/\/www.europesays.com\/fi\/wp-json\/wp\/v2\/media?parent=125078"}],"wp:term":[{"taxonomy":"category","embeddable":true,"href":"https:\/\/www.europesays.com\/fi\/wp-json\/wp\/v2\/categories?post=125078"},{"taxonomy":"post_tag","embeddable":true,"href":"https:\/\/www.europesays.com\/fi\/wp-json\/wp\/v2\/tags?post=125078"}],"curies":[{"name":"wp","href":"https:\/\/api.w.org\/{rel}","templated":true}]}}