{"id":125088,"date":"2025-12-24T21:24:17","date_gmt":"2025-12-24T21:24:17","guid":{"rendered":"https:\/\/www.europesays.com\/fi\/125088\/"},"modified":"2025-12-24T21:24:17","modified_gmt":"2025-12-24T21:24:17","slug":"puola-pidatti-oman-suurlahettilaansa-korruption-vuoksi","status":"publish","type":"post","link":"https:\/\/www.europesays.com\/fi\/125088\/","title":{"rendered":"Puola pid\u00e4tti oman suurl\u00e4hettil\u00e4\u00e4ns\u00e4 korruption vuoksi"},"content":{"rendered":"<p>Puola|Suurl\u00e4hettil\u00e4st\u00e4 ep\u00e4ill\u00e4\u00e4n osallisuudesta korruptiotapaukseen, jossa yksityisen oppilaitoksen ep\u00e4ill\u00e4\u00e4n my\u00f6nt\u00e4neen tutkintotodistuksia rahaa vastaan.<\/p>\n<p class=\"article-body mb-nof-24 px-nof-16\">Puola on pid\u00e4tt\u00e4nyt oman Ranskan suurl\u00e4hettil\u00e4\u00e4ns\u00e4 ja vapauttanut h\u00e4net v\u00e4liaikaisesti teht\u00e4vist\u00e4\u00e4n, kertovat puolalaismediat.<\/p>\n<p class=\"article-body mb-nof-24 px-nof-16\">Pid\u00e4tyksen taustalla on Puolan korruptionvastainen viranomainen ja se on osa laajempaa t\u00e4ll\u00e4 viikolla alkanutta korruptiotutkintaa. Tapaukseen liittyy suurl\u00e4hettil\u00e4\u00e4n lis\u00e4ksi my\u00f6s laitaoikeistolaisen PiS-puolueen entinen kansanedustaja, sek\u00e4 pankkiiri.<\/p>\n<p class=\"article-body mb-nof-24 px-nof-16\">Suurl\u00e4hettil\u00e4st\u00e4 kutsutaan puolalaisessa uutisoinnissa ja viranomaisten julkisissa dokumenteissa vain nimell\u00e4 Jan R. Puolan Ranskan suurl\u00e4hettil\u00e4\u00e4ksi nimettiin huhtikuussa 2022 <a class=\"article-personlink\" href=\"https:\/\/www.hs.fi\/haku\/?query=Jan%20Emeryk%20Ro%C5%9Bciszewski\" rel=\"nofollow noopener\" target=\"_blank\">Jan Emeryk Ro\u015bciszewski<\/a>.<\/p>\n<p class=\"article-body mb-nof-24 px-nof-16\">Mediatietojen mukaan Ro\u015bciszewski pid\u00e4tettiin h\u00e4nen saapuessaan tiistaina aamulla Varsovan lentokent\u00e4lle.<\/p>\n<p class=\"article-body mb-nof-24 px-nof-16\">Laaja korruptiotutkinta liittyy yksityisen Collegium Humanum -oppilaitoksen my\u00f6nt\u00e4miin tutkintotodistuksiin.<\/p>\n<p class=\"article-body mb-nof-24 px-nof-16\">Tutkijoiden mukaan oppilaitos on my\u00f6nt\u00e4nyt v\u00e4\u00e4rennetty\u00e4 akateemisia asiakirjoja ja antanut ihmisille n\u00e4in sellaisia muodollisia p\u00e4tevyyksi\u00e4, joita he eiv\u00e4t todellisuudessa ole ansainneet.<\/p>\n<p class=\"article-body mb-nof-24 px-nof-16\">Oppilaitoksen silloinen rehtori ja useat ty\u00f6ntekij\u00e4t olisivat tutkijoiden mukaan my\u00f6nt\u00e4neet tutkintotodistuksia rahaa ja muuta henkil\u00f6kohtaista hy\u00f6ty\u00e4 vastaan vuodesta 2018 l\u00e4htien.<\/p>\n<p class=\"article-body mb-nof-24 px-nof-16\">Tutkintotodistusten avulla henkil\u00f6it\u00e4 on voitu nimitt\u00e4\u00e4 esimerkiksi Puolan valtion omistamien yritysten hallituksiin.<\/p>\n<p class=\"article-body mb-nof-24 px-nof-16\">Puolan valtiollisen TVP-world-uutismedian <a class=\"underline underline-offset-[0.12em] [text-decoration-thickness:var(--generic-link-underline-thickness)] [text-decoration-color:var(--generic-link-underline-color)] [text-decoration-skip-ink:var(--generic-link-underline-skip-ink)] break-words\" href=\"https:\/\/tvpworld.com\/90727709\/poland-suspends-france-envoy-amid-diploma-fraud-scandal\" rel=\"nofollow noopener\" target=\"_blank\">mukaan<\/a> sadoilla puolalaisilla virkamiehill\u00e4 on oppilaitokselta saatu maisterintutkinto.<\/p>\n<p class=\"article-body mb-nof-24 px-nof-16\">Oppilaitosta johtaa nyt pid\u00e4tetty pankkiiri. My\u00f6s pid\u00e4tetty suurl\u00e4hettil\u00e4s ja PiS puolueen entinen kansanedustaja ovat ty\u00f6skennelleet pankki-alalla. Kaikki heist\u00e4 ovat my\u00f6s ty\u00f6skennelleet Puolan suurimmalle pankille PKO:lle.<\/p>\n<p class=\"article-body mb-nof-24 px-nof-16\">Puolalaisen Rzeczpospolita-lehden <a class=\"underline underline-offset-[0.12em] [text-decoration-thickness:var(--generic-link-underline-thickness)] [text-decoration-color:var(--generic-link-underline-color)] [text-decoration-skip-ink:var(--generic-link-underline-skip-ink)] break-words\" href=\"https:\/\/www.rp.pl\/prawo-karne\/art43560241-nieoficjalnie-polski-ambasador-we-francji-znany-polityk-pis-i-bankowiec-zatrzymani-przez-cba\" rel=\"nofollow noopener\" target=\"_blank\">mukaan<\/a> Ro\u015bciszewski on kiist\u00e4nyt ikin\u00e4 opiskelleensa Collegium Humanumissa tai valmistuneensa sielt\u00e4.<\/p>\n<p class=\"article-body mb-nof-24 px-nof-16\">Tutkinnan alkamisen j\u00e4lkeen oppilaitos on muuttanut nimens\u00e4. Nyky\u00e4\u00e4n se k\u00e4ytt\u00e4\u00e4 nime\u00e4 \u201dVarsovian\u201d kauppa- ja ammattikorkeakoulu.<\/p>\n<p class=\"article-body mb-nof-24 px-nof-16\">Viime kuussa Puolan syytt\u00e4j\u00e4nvirasto pid\u00e4tti 29 ihmist\u00e4 tapaukseen liittyen. Pid\u00e4tettyjen joukossa oli muun muassa Wroc\u0142awin kaupungin pormestari.<\/p>\n","protected":false},"excerpt":{"rendered":"Puola|Suurl\u00e4hettil\u00e4st\u00e4 ep\u00e4ill\u00e4\u00e4n osallisuudesta korruptiotapaukseen, jossa yksityisen oppilaitoksen ep\u00e4ill\u00e4\u00e4n my\u00f6nt\u00e4neen tutkintotodistuksia rahaa vastaan. Puola on pid\u00e4tt\u00e4nyt oman Ranskan suurl\u00e4hettil\u00e4\u00e4ns\u00e4&hellip;\n","protected":false},"author":2,"featured_media":96697,"comment_status":"","ping_status":"","sticky":false,"template":"","format":"standard","meta":{"footnotes":""},"categories":[14],"tags":[22,23,26,27,33,31,30,17,46,24,25,28,29,15,18,21,32,19,20,56,16,59,60,61],"class_list":{"0":"post-125088","1":"post","2":"type-post","3":"status-publish","4":"format-standard","5":"has-post-thumbnail","7":"category-ulkomaat","8":"tag-breaking-news","9":"tag-breakingnews","10":"tag-featured-news","11":"tag-featurednews","12":"tag-fi","13":"tag-finland","14":"tag-finnish","15":"tag-headlines","16":"tag-helsingin-sanomat","17":"tag-latest-news","18":"tag-latestnews","19":"tag-main-news","20":"tag-mainnews","21":"tag-news","22":"tag-otsikot","23":"tag-paauutiset","24":"tag-suomi","25":"tag-top-stories","26":"tag-topstories","27":"tag-ulkomaat","28":"tag-uutiset","29":"tag-world","30":"tag-world-news","31":"tag-worldnews"},"share_on_mastodon":{"url":"https:\/\/pubeurope.com\/@fi\/115776655387704792","error":""},"_links":{"self":[{"href":"https:\/\/www.europesays.com\/fi\/wp-json\/wp\/v2\/posts\/125088","targetHints":{"allow":["GET"]}}],"collection":[{"href":"https:\/\/www.europesays.com\/fi\/wp-json\/wp\/v2\/posts"}],"about":[{"href":"https:\/\/www.europesays.com\/fi\/wp-json\/wp\/v2\/types\/post"}],"author":[{"embeddable":true,"href":"https:\/\/www.europesays.com\/fi\/wp-json\/wp\/v2\/users\/2"}],"replies":[{"embeddable":true,"href":"https:\/\/www.europesays.com\/fi\/wp-json\/wp\/v2\/comments?post=125088"}],"version-history":[{"count":0,"href":"https:\/\/www.europesays.com\/fi\/wp-json\/wp\/v2\/posts\/125088\/revisions"}],"wp:featuredmedia":[{"embeddable":true,"href":"https:\/\/www.europesays.com\/fi\/wp-json\/wp\/v2\/media\/96697"}],"wp:attachment":[{"href":"https:\/\/www.europesays.com\/fi\/wp-json\/wp\/v2\/media?parent=125088"}],"wp:term":[{"taxonomy":"category","embeddable":true,"href":"https:\/\/www.europesays.com\/fi\/wp-json\/wp\/v2\/categories?post=125088"},{"taxonomy":"post_tag","embeddable":true,"href":"https:\/\/www.europesays.com\/fi\/wp-json\/wp\/v2\/tags?post=125088"}],"curies":[{"name":"wp","href":"https:\/\/api.w.org\/{rel}","templated":true}]}}