{"id":125089,"date":"2025-12-24T21:26:15","date_gmt":"2025-12-24T21:26:15","guid":{"rendered":"https:\/\/www.europesays.com\/fi\/125089\/"},"modified":"2025-12-24T21:26:15","modified_gmt":"2025-12-24T21:26:15","slug":"talta-naytti-presidenttiparin-jouluaterialla-kuvat-keraavat-ylistysta-ilta-sanomat","status":"publish","type":"post","link":"https:\/\/www.europesays.com\/fi\/125089\/","title":{"rendered":"T\u00e4lt\u00e4 n\u00e4ytti presidenttiparin jouluaterialla \u2013 kuvat ker\u00e4\u00e4v\u00e4t ylistyst\u00e4 &#8211; Ilta-Sanomat"},"content":{"rendered":"<ol>\n<li><a href=\"https:\/\/news.google.com\/rss\/articles\/CBMiXEFVX3lxTE9aQkJGOWdSbVpqS3lsSzZPNjFpRHdqSTlJcDlHcF9ZYjVFSmwzSU9xaW1KZUxDRENlRWlwTkdWLWFBdm5RckE3LWpYTGo5Zy16MUE3dnJ4VzB4OGd4?oc=5\" target=\"_blank\" rel=\"nofollow noopener\">T\u00e4lt\u00e4 n\u00e4ytti presidenttiparin jouluaterialla \u2013 kuvat ker\u00e4\u00e4v\u00e4t ylistyst\u00e4<\/a>&nbsp;&nbsp;Ilta-Sanomat<\/li>\n<li><a href=\"https:\/\/news.google.com\/rss\/articles\/CBMiQkFVX3lxTE9jVFNxMktCVW9WYXlPZUx6eTBPb19DSE1iOGIzZVgtMkFTQkVFQmVWTGU0Z0pTMGNZRHlNek5EQUFQdw?oc=5\" target=\"_blank\" rel=\"nofollow noopener\">Presidentti osallistui perheineen joulurauhan julistukseen \u2013 vastaavaa ei ole tapahtunut koskaan aiemmin<\/a>&nbsp;&nbsp;Yle<\/li>\n<li><a href=\"https:\/\/news.google.com\/rss\/articles\/CBMie0FVX3lxTE5ITmJNTGR1akFUMkdSWVJqeGtIZk9jR0x0S3h2ZGRKTGVMUVpXbkpxYnZSZ0Zhb2VzMWE2c192dGJQMDNnR1lra3pWdDh2bEZlSW9jS2dwdmR6ZDNuTkRqZmI1RzVTVTJsSEtETGhtRmhZSUVkRVBqZGx3TQ?oc=5\" target=\"_blank\" rel=\"nofollow noopener\">V\u00e4h\u00e4varaisten joulujuhlaan saapunut Sini p\u00e4\u00e4tyi presidentin kanssa samaan p\u00f6yt\u00e4\u00e4n \u2013 \u201dLuulimme, ett\u00e4 se on vitsi\u201d<\/a>&nbsp;&nbsp;Iltalehti<\/li>\n<li><a href=\"https:\/\/news.google.com\/rss\/articles\/CBMirwFBVV95cUxQOXkwSFlNRkJHSnlOWkVqdTVzR192LWFFV21EQThxWjBOeE9Zd3FNTFh4QkJvWkltTXlfZlVnSFJEcDZxMTJIM2R0OWxDaU9GajNZTEhFTnNmbjNSVU5RQWs5aDRqSEh0WWFGZ2JfemVfSHRFRGVwNUpLYnRSaUQyZzIwMFYxM1lYWmdPVEg4WnItOFJMZUFkUzBnSkc1SXpUdTRpMGZTRkpHa2ZMdzlv?oc=5\" target=\"_blank\" rel=\"nofollow noopener\">N\u00e4in presidenttipari ruokailee jouluna \u2013 paljastus Suzanne Innes-Stubbista<\/a>&nbsp;&nbsp;Seiska.fi<\/li>\n<li><a href=\"https:\/\/news.google.com\/rss\/articles\/CBMiSEFVX3lxTE5SZFNDcE5FQ05vb2tCeFNMbE5Pa19McUI2WXJHTGhVS0UweHZBcTdkNW8wbzN3dFBEWmxnLWRBdUhKVjUxcVBYWA?oc=5\" target=\"_blank\" rel=\"nofollow noopener\">Presidenttipari vieraili ensimm\u00e4ist\u00e4 kertaa v\u00e4h\u00e4varaisten joulujuhlassa Turun Logomossa<\/a>&nbsp;&nbsp;ts.fi<\/li>\n<\/ol>\n","protected":false},"excerpt":{"rendered":"T\u00e4lt\u00e4 n\u00e4ytti presidenttiparin jouluaterialla \u2013 kuvat ker\u00e4\u00e4v\u00e4t ylistyst\u00e4&nbsp;&nbsp;Ilta-Sanomat Presidentti osallistui perheineen joulurauhan julistukseen \u2013 vastaavaa ei ole tapahtunut&hellip;\n","protected":false},"author":2,"featured_media":125090,"comment_status":"","ping_status":"","sticky":false,"template":"","format":"standard","meta":{"footnotes":""},"categories":[12],"tags":[22,23,26,27,33,31,30,17,34,24,25,28,29,15,18,21,32,19,20,16],"class_list":{"0":"post-125089","1":"post","2":"type-post","3":"status-publish","4":"format-standard","5":"has-post-thumbnail","7":"category-suomi","8":"tag-breaking-news","9":"tag-breakingnews","10":"tag-featured-news","11":"tag-featurednews","12":"tag-fi","13":"tag-finland","14":"tag-finnish","15":"tag-headlines","16":"tag-ilta-sanomat","17":"tag-latest-news","18":"tag-latestnews","19":"tag-main-news","20":"tag-mainnews","21":"tag-news","22":"tag-otsikot","23":"tag-paauutiset","24":"tag-suomi","25":"tag-top-stories","26":"tag-topstories","27":"tag-uutiset"},"share_on_mastodon":{"url":"https:\/\/pubeurope.com\/@fi\/115776663252725914","error":""},"_links":{"self":[{"href":"https:\/\/www.europesays.com\/fi\/wp-json\/wp\/v2\/posts\/125089","targetHints":{"allow":["GET"]}}],"collection":[{"href":"https:\/\/www.europesays.com\/fi\/wp-json\/wp\/v2\/posts"}],"about":[{"href":"https:\/\/www.europesays.com\/fi\/wp-json\/wp\/v2\/types\/post"}],"author":[{"embeddable":true,"href":"https:\/\/www.europesays.com\/fi\/wp-json\/wp\/v2\/users\/2"}],"replies":[{"embeddable":true,"href":"https:\/\/www.europesays.com\/fi\/wp-json\/wp\/v2\/comments?post=125089"}],"version-history":[{"count":0,"href":"https:\/\/www.europesays.com\/fi\/wp-json\/wp\/v2\/posts\/125089\/revisions"}],"wp:featuredmedia":[{"embeddable":true,"href":"https:\/\/www.europesays.com\/fi\/wp-json\/wp\/v2\/media\/125090"}],"wp:attachment":[{"href":"https:\/\/www.europesays.com\/fi\/wp-json\/wp\/v2\/media?parent=125089"}],"wp:term":[{"taxonomy":"category","embeddable":true,"href":"https:\/\/www.europesays.com\/fi\/wp-json\/wp\/v2\/categories?post=125089"},{"taxonomy":"post_tag","embeddable":true,"href":"https:\/\/www.europesays.com\/fi\/wp-json\/wp\/v2\/tags?post=125089"}],"curies":[{"name":"wp","href":"https:\/\/api.w.org\/{rel}","templated":true}]}}