{"id":125091,"date":"2025-12-24T21:28:20","date_gmt":"2025-12-24T21:28:20","guid":{"rendered":"https:\/\/www.europesays.com\/fi\/125091\/"},"modified":"2025-12-24T21:28:20","modified_gmt":"2025-12-24T21:28:20","slug":"venajan-propagandalta-jarjeton-temppu-bbcn-toimittajalle-se-en-ollut-mina","status":"publish","type":"post","link":"https:\/\/www.europesays.com\/fi\/125091\/","title":{"rendered":"Ven\u00e4j\u00e4n propagandalta j\u00e4rjet\u00f6n temppu BBC:n toimittajalle \u2013 &#8221;Se en ollut min\u00e4&#8221;"},"content":{"rendered":"<p>Ven\u00e4j\u00e4n valtiontelevisiossa haastateltiin brittitoimittajaa. Todellisuudessa kyseess\u00e4 oli joku ihan muu henkil\u00f6 kuin itse toimittaja. <\/p>\n<p><img decoding=\"async\" class=\"image image-show image-preview\" src=\"https:\/\/www.europesays.com\/fi\/wp-content\/uploads\/2025\/12\/453c7a04cf2f930d80832610fdd0680c0eec7ecd91e4f016de5f7bbc71a84fee.jpg\" alt=\"\"\/><img decoding=\"async\" class=\"image image-show\" src=\"https:\/\/www.europesays.com\/fi\/wp-content\/uploads\/2025\/12\/1766611700_826_453c7a04cf2f930d80832610fdd0680c0eec7ecd91e4f016de5f7bbc71a84fee.jpg\" alt=\"\"\/><\/p>\n<p>Vladimir Putin kuvattuna Suora linja -lehdist\u00f6tapahtumassaan.  AOP<\/p>\n<p class=\"paragraph\">Ven\u00e4j\u00e4n valtiontelevisiossa haastateltiin viime viikolla miest\u00e4, jonka v\u00e4itettiin olevan brittitoimittaja <strong>Steve Rosenberg<\/strong>.<\/p>\n<p class=\"paragraph\">Rosenbergin\u00e4 esiintyv\u00e4 mies vastaili Ven\u00e4j\u00e4n presidentin <a href=\"https:\/\/www.iltalehti.fi\/henkilot\/Vladimir Putin\" class=\"article-link-person-page\" rel=\"nofollow noopener\" target=\"_blank\">Vladimir Putinin<\/a> Suora linja -lehdist\u00f6tapahtumassa toimittajan kysymyksiin televisiol\u00e4hetyksess\u00e4.<\/p>\n<p class=\"paragraph\">Rosenberg on Britannian yleisradion BBC:n pitk\u00e4aikainen Ven\u00e4j\u00e4-kirjeenvaihtaja.<\/p>\n<p class=\"paragraph\">Todellisuudessa mies oli t\u00e4ysin joku muu henkil\u00f6. Asian nosti esiin oikea Steve Rosenberg viestipalvelu X:ss\u00e4.<\/p>\n<p class=\"paragraph\">\u2013 En tiennyt, ett\u00e4 minulla on kaksoisolento&#8230; Ven\u00e4l\u00e4inen televisio selv\u00e4sti luulee, ett\u00e4 minulla on, Rosenberg kirjoittaa.<\/p>\n<p class=\"paragraph\">\u2013 Vladimir Putinin lehdist\u00f6tilaisuudessa toimittaja haastatteli suorassa l\u00e4hetyksess\u00e4 \u201dSteve Rosenbergia\u201d, mutta se en ollut min\u00e4.<\/p>\n<p class=\"paragraph\">Jos julkaisu ei n\u00e4y, katso se <a href=\"https:\/\/x.com\/BBCSteveR\/status\/2002804837486850215\" target=\"_blank\" rel=\"noopener nofollow\">t\u00e4\u00e4lt\u00e4<\/a>.<\/p>\n<p class=\"paragraph\">My\u00f6s oikea Rosenberg oli tilaisuudessa. H\u00e4n kysyi Putinilta, onko Eurooppaan tulossa uusia \u201derikoisoperaatioita\u201d. Se on ollut Ven\u00e4j\u00e4n k\u00e4ytt\u00e4m\u00e4 nimitys laittomasta hy\u00f6kk\u00e4yssodastaan Ukrainassa.<\/p>\n<p class=\"paragraph\">Putin vastasi Rosenbergille kielt\u00e4v\u00e4sti.<\/p>\n<p class=\"paragraph\">\u2013 Uusia operaatioita ei tule, jos kohtelette meit\u00e4 kunnioituksella. Jos kunnioitatte meid\u00e4n intressej\u00e4mme, kuten me aina yrit\u00e4mme kunnioittaa teid\u00e4n intressej\u00e4nne, Putin vastasi.<\/p>\n<p>Ven\u00e4j\u00e4n propagandaa<\/p>\n<p class=\"paragraph\">Moni kommentoi julkaisuun, ett\u00e4 kenties toimittaja oli mennyt sekaisin miehist\u00e4. Toimittajan haastattelema mies ei kehdannut oikaista v\u00e4\u00e4rink\u00e4sityst\u00e4, vaan esitti pokkana olevansa Rosenberg.<\/p>\n<p class=\"paragraph\">Er\u00e4s k\u00e4ytt\u00e4j\u00e4 nostaa esiin, ett\u00e4 kyseess\u00e4 voi olla klassinen esimerkki ven\u00e4l\u00e4isen valtion propagandan toiminnasta. T\u00e4t\u00e4 vaihtoehtoa ei voi poissulkea.<\/p>\n<p class=\"paragraph\">\u2013 Viime vuosina ven\u00e4l\u00e4inen televisio on toistuvasti l\u00e4hett\u00e4nyt v\u00e4\u00e4rennettyj\u00e4 haastatteluja, joissa oletetut l\u00e4nsimaiset toimittajat tai asiantuntijat puhuvat kriittisesti l\u00e4nsimaista, tukevat Ven\u00e4j\u00e4n linjaa tai halveksivat BBC:t\u00e4, Natoa tai EU:ta, k\u00e4ytt\u00e4j\u00e4 tarkentaa.<\/p>\n<p class=\"paragraph\">\u2013 N\u00e4m\u00e4 \u201dkaksoisolennot\u201d ovat usein n\u00e4yttelij\u00f6it\u00e4 tai palkattuja avustajia, jotka k\u00e4ytt\u00e4v\u00e4t oikeita nimi\u00e4 ja asemia luodakseen uskottavuutta.<\/p>\n<p class=\"paragraph\">Asiasta on my\u00f6s uutisoitu viime vuosina. Euronews kertoo, ett\u00e4 Ven\u00e4j\u00e4n propagandakampanjat hy\u00f6dynt\u00e4v\u00e4t v\u00e4\u00e4rennettyj\u00e4 uutissivustoja, jotka j\u00e4ljittelev\u00e4t tunnettuja medioita kuten Euronewsia ja BBC:t\u00e4.<\/p>\n<p class=\"paragraph\">N\u00e4ill\u00e4 sivuilla julkaistaan tekaistuja uutisia ja k\u00e4ytet\u00e4\u00e4n oikeiden toimittajien nimi\u00e4 ja kuvia uskottavuuden lis\u00e4\u00e4miseksi.<\/p>\n<p class=\"paragraph\">Esimerkiksi ranskalaisen toimittajan <strong>Romain Fiaschettin<\/strong> nimi liitettiin valheelliseen artikkeliin, jossa v\u00e4itettiin ydinj\u00e4teyhti\u00f6n lahjoneen Armenian viranomaisia. Samankaltaisia tapauksia on n\u00e4hty Britanniassa ja Romaniassa, joissa toimittajien identiteettej\u00e4 on k\u00e4ytetty tekaistujen v\u00e4itteiden tukena.<\/p>\n<p class=\"paragraph\">Asiantuntijoiden mukaan t\u00e4llaiset operaatiot ovat halpoja ja helppoja toteuttaa. Sivustojen ulkoasu ja nimet muokataan n\u00e4ytt\u00e4m\u00e4\u00e4n aidoilta, mik\u00e4 vaikeuttaa valeuutisten tunnistamista.<\/p>\n","protected":false},"excerpt":{"rendered":"Ven\u00e4j\u00e4n valtiontelevisiossa haastateltiin brittitoimittajaa. Todellisuudessa kyseess\u00e4 oli joku ihan muu henkil\u00f6 kuin itse toimittaja. Vladimir Putin kuvattuna Suora&hellip;\n","protected":false},"author":2,"featured_media":125092,"comment_status":"","ping_status":"","sticky":false,"template":"","format":"standard","meta":{"footnotes":""},"categories":[5],"tags":[35,22,23,26,27,33,31,30,17,8518,24,25,28,29,1616,15,18,21,637,38,979,32,19,20,16],"class_list":{"0":"post-125091","1":"post","2":"type-post","3":"status-publish","4":"format-standard","5":"has-post-thumbnail","7":"category-otsikot","8":"tag-24h","9":"tag-breaking-news","10":"tag-breakingnews","11":"tag-featured-news","12":"tag-featurednews","13":"tag-fi","14":"tag-finland","15":"tag-finnish","16":"tag-headlines","17":"tag-kansalliset-yleisradioyhtiot","18":"tag-latest-news","19":"tag-latestnews","20":"tag-main-news","21":"tag-mainnews","22":"tag-media-viestinta","23":"tag-news","24":"tag-otsikot","25":"tag-paauutiset","26":"tag-politiikka","27":"tag-rikos","28":"tag-sahkoinen-media","29":"tag-suomi","30":"tag-top-stories","31":"tag-topstories","32":"tag-uutiset"},"share_on_mastodon":{"url":"https:\/\/pubeurope.com\/@fi\/115776671567849526","error":""},"_links":{"self":[{"href":"https:\/\/www.europesays.com\/fi\/wp-json\/wp\/v2\/posts\/125091","targetHints":{"allow":["GET"]}}],"collection":[{"href":"https:\/\/www.europesays.com\/fi\/wp-json\/wp\/v2\/posts"}],"about":[{"href":"https:\/\/www.europesays.com\/fi\/wp-json\/wp\/v2\/types\/post"}],"author":[{"embeddable":true,"href":"https:\/\/www.europesays.com\/fi\/wp-json\/wp\/v2\/users\/2"}],"replies":[{"embeddable":true,"href":"https:\/\/www.europesays.com\/fi\/wp-json\/wp\/v2\/comments?post=125091"}],"version-history":[{"count":0,"href":"https:\/\/www.europesays.com\/fi\/wp-json\/wp\/v2\/posts\/125091\/revisions"}],"wp:featuredmedia":[{"embeddable":true,"href":"https:\/\/www.europesays.com\/fi\/wp-json\/wp\/v2\/media\/125092"}],"wp:attachment":[{"href":"https:\/\/www.europesays.com\/fi\/wp-json\/wp\/v2\/media?parent=125091"}],"wp:term":[{"taxonomy":"category","embeddable":true,"href":"https:\/\/www.europesays.com\/fi\/wp-json\/wp\/v2\/categories?post=125091"},{"taxonomy":"post_tag","embeddable":true,"href":"https:\/\/www.europesays.com\/fi\/wp-json\/wp\/v2\/tags?post=125091"}],"curies":[{"name":"wp","href":"https:\/\/api.w.org\/{rel}","templated":true}]}}