{"id":125093,"date":"2025-12-24T21:41:12","date_gmt":"2025-12-24T21:41:12","guid":{"rendered":"https:\/\/www.europesays.com\/fi\/125093\/"},"modified":"2025-12-24T21:41:12","modified_gmt":"2025-12-24T21:41:12","slug":"megan-fox-ja-machine-gun-kelly-palaamassa-yhteen","status":"publish","type":"post","link":"https:\/\/www.europesays.com\/fi\/125093\/","title":{"rendered":"Megan Fox ja Machine Gun Kelly: Palaamassa yhteen?"},"content":{"rendered":"<p>Megan Fox ja Machine Gun Kelly ovat hyvin seurattu julkkiskaksikko rapakon takana. Loppuvuodesta sis\u00e4piiril\u00e4hteet esittiv\u00e4t lehdille n\u00e4kemyksi\u00e4 ex-parin tilanteesta.<\/p>\n<p class=\"article-body mb-nof-24 px-nof-16\">N\u00e4yttelij\u00e4 <a class=\"article-personlink\" href=\"https:\/\/www.is.fi\/haku\/?query=Megan%20Foxin\" rel=\"nofollow noopener\" target=\"_blank\">Megan Foxin<\/a>, 39, ja muusikko-n\u00e4yttelij\u00e4 <a class=\"article-personlink\" href=\"https:\/\/www.is.fi\/haku\/?query=Machine%20Gun%20Kellyn\" rel=\"nofollow noopener\" target=\"_blank\">Machine Gun Kellyn<\/a>, oikealta nimelt\u00e4\u00e4n<a class=\"article-personlink\" href=\"https:\/\/www.is.fi\/haku\/?query=%20Colson%20Baker\" rel=\"nofollow noopener\" target=\"_blank\"> Colson Baker<\/a>, 35, v\u00e4lit ovat puhuttaneet viime vuosina.<\/p>\n<p class=\"article-body mb-nof-24 px-nof-16\">Kaksikko kihlautui vuonna 2022. He erosivat loppuvuodesta 2024, vaikka Fox odotti pariskunnalle lasta.<\/p>\n<p class=\"article-body mb-nof-24 px-nof-16\">Fox synnytti heille tytt\u00f6lapsen kev\u00e4\u00e4ll\u00e4 2025. Pariskunnan v\u00e4leill\u00e4 ja heid\u00e4n mahdollisella yhteen paluullaan on spekuloitu esimerkiksi sosiaalisessa mediassa. L\u00e4hde kertoi <a class=\"underline underline-offset-[0.12em] [text-decoration-thickness:var(--generic-link-underline-thickness)] [text-decoration-color:var(--generic-link-underline-color)] [text-decoration-skip-ink:var(--generic-link-underline-skip-ink)] break-words\" href=\"https:\/\/www.usmagazine.com\/celebrity-news\/news\/megan-fox-and-machine-gun-kelly-are-closer-than-ever-after-baby-excl\/\" rel=\"nofollow noopener\" target=\"_blank\">US Weeklylle<\/a>, ett\u00e4 he suunnittelivat viett\u00e4v\u00e4ns\u00e4 joulua perheen\u00e4.<\/p>\n<p class=\"article-body mb-nof-24 px-nof-16\">\u2013\u2009He t\u00e4ht\u00e4\u00e4v\u00e4t yhteen palaamiseen. He haluavat olla jouluna yhten\u00e4isi\u00e4 ja haluavat tehd\u00e4 perhedynamiikastaan harmonisen, l\u00e4hde v\u00e4itti lehdelle.<\/p>\n<p><img decoding=\"async\" src=\"https:\/\/www.europesays.com\/fi\/wp-content\/uploads\/2025\/12\/1766612471_479_468.jpg\" alt=\"T\u00e4lt\u00e4 Megan Fox n\u00e4ytti vuonna 2012.\" class=\"_Img_1rerz_1\" style=\"aspect-ratio:1\" loading=\"eager\"\/><\/p>\n<p class=\"article-picture-caption\">T\u00e4lt\u00e4 Megan Fox n\u00e4ytti vuonna 2012. Kuva:\u00a0Armando Gallo\/Zuma<\/p>\n<p><img decoding=\"async\" src=\"https:\/\/www.europesays.com\/fi\/wp-content\/uploads\/2025\/12\/1766612471_108_468.jpg\" alt=\"Megan Fox kuvattuna huhtikuussa 2024. H\u00e4nen tyylins\u00e4 on vaihdellut useasti vuosien varrella.\" class=\"_Img_1rerz_1\" style=\"aspect-ratio:0.6666666666666666\" loading=\"eager\"\/><\/p>\n<p class=\"article-picture-caption\">Megan Fox kuvattuna huhtikuussa 2024. H\u00e4nen tyylins\u00e4 on vaihdellut useasti vuosien varrella. Kuva:\u00a0Dave Starbuck\/Zuma<\/p>\n<p class=\"article-body mb-nof-24 px-nof-16\">L\u00e4hde my\u00f6s puhui Machine Gun Kellyn \u201dtekemist\u00e4 virheist\u00e4\u201d.<\/p>\n<p class=\"article-body mb-nof-24 px-nof-16\">Jo lokakuussa<a class=\"underline underline-offset-[0.12em] [text-decoration-thickness:var(--generic-link-underline-thickness)] [text-decoration-color:var(--generic-link-underline-color)] [text-decoration-skip-ink:var(--generic-link-underline-skip-ink)] break-words\" href=\"https:\/\/people.com\/inside-megan-fox-mgk-reconciliation-since-welcoming-baby-exclusive-11813832?utm_campaign=people&amp;utm_content=likeshop&amp;utm_medium=social&amp;utm_source=instagram&amp;fbclid=PARlRTSANpDixleHRuA2FlbQIxMQABp1l55nvipoQRCvHrEWTseo2n9KgUxcLvkXDpw3Nz6Ql72cjqxlFYbdh-w32w_aem_hXh2hrfE6WrpdMlKuv6NJw\" rel=\"nofollow noopener\" target=\"_blank\"> People-lehdelle<\/a> v\u00e4itettiin, ett\u00e4 muusikko vietti l\u00e4hes jokaisen y\u00f6ns\u00e4 Foxin talolla.<\/p>\n<p class=\"article-body mb-nof-24 px-nof-16\">L\u00e4hteet kertovat <a class=\"underline underline-offset-[0.12em] [text-decoration-thickness:var(--generic-link-underline-thickness)] [text-decoration-color:var(--generic-link-underline-color)] [text-decoration-skip-ink:var(--generic-link-underline-skip-ink)] break-words\" href=\"https:\/\/www.tmz.com\/2024\/12\/10\/megan-fox-machine-gun-kelly-break-up\/\" rel=\"nofollow noopener\" target=\"_blank\">TMZ:lle<\/a> loppuvuodesta 2024, ett\u00e4 pari erosi kiitosp\u00e4iv\u00e4n viikonloppuna, eli marraskuun lopussa. He olivat tuolloin k\u00e4ym\u00e4ss\u00e4 Coloradon Vailissa.<\/p>\n<p class=\"article-body mb-nof-24 px-nof-16\">Eron syyksi kerrotaan, ett\u00e4 Fox olisi l\u00f6yt\u00e4nyt h\u00e4nt\u00e4 j\u00e4rkytt\u00e4nytt\u00e4 materiaalia Bakerin puhelimesta. T\u00e4m\u00e4n my\u00f6t\u00e4 Fox halusi, ett\u00e4 h\u00e4nen kumppaninsa poistuu reissulta. My\u00f6hemmin sis\u00e4piiril\u00e4hteet v\u00e4ittiv\u00e4t lehdist\u00f6lle, ett\u00e4 Baker oli l\u00e4hestynyt muita naisia kihlattunsa sel\u00e4n takana.<\/p>\n<p class=\"article-body mb-nof-24 px-nof-16\">Fox ja Baker tapasivat elokuvan kuvauksissa vuonna 2020. Foxilla on entuudestaan kolme poikaa ex-miehens\u00e4 Brian Austin Green kanssa. Bakerilla on teini-ik\u00e4inen tyt\u00e4r nuoruutensa suhteesta.<\/p>\n<p><img decoding=\"async\" src=\"https:\/\/www.europesays.com\/fi\/wp-content\/uploads\/2025\/12\/1766612471_320_468.jpg\" alt=\"Megan Fox kuvattuna toukokuussa 2023.\" class=\"_Img_1rerz_1\" style=\"aspect-ratio:0.8\" loading=\"eager\"\/><\/p>\n<p class=\"article-picture-caption\">Megan Fox kuvattuna toukokuussa 2023. Kuva:\u00a0Starmax\/Newscom \/ ZUMA <\/p>\n<p class=\"article-body mb-nof-24 px-nof-16\">Suhdek\u00e4\u00e4nteiden lis\u00e4ksi Foxin ulkon\u00e4k\u00f6 puhuttaa n\u00e4yttelij\u00e4n faneja. H\u00e4n kertoi avoimesti plastiikkakirurgisista toimenpiteist\u00e4\u00e4n vuonna 2023 Call Her Daddy &#8211;<a class=\"underline underline-offset-[0.12em] [text-decoration-thickness:var(--generic-link-underline-thickness)] [text-decoration-color:var(--generic-link-underline-color)] [text-decoration-skip-ink:var(--generic-link-underline-skip-ink)] break-words\" href=\"https:\/\/open.spotify.com\/show\/7bnjJ7Va1nM07Um4Od55dW\" rel=\"nofollow noopener\" target=\"_blank\">podcastissa<\/a>.<\/p>\n<p class=\"article-body mb-nof-24 px-nof-16\">H\u00e4n kertoi k\u00e4yneens\u00e4 nuorena rintojensuurennuksessa. H\u00e4n totesi my\u00f6s imett\u00e4misen j\u00e4lkeen k\u00e4yneens\u00e4 pari kertaa uudestaan suurentamassa rintansa saman kokoisiksi.<\/p>\n<p class=\"article-body mb-nof-24 px-nof-16\">Lis\u00e4ksi h\u00e4nen nen\u00e4\u00e4ns\u00e4 on muokattu nuorena ja h\u00e4n on ottanut botoxia. Sen h\u00e4n kielsi, ett\u00e4 h\u00e4nen nen\u00e4\u00e4ns\u00e4 olisi operoitu l\u00e4hemm\u00e4s kymmenen kertaa, kuten on spekuloitu.<\/p>\n<p class=\"article-body mb-nof-24 px-nof-16\">\u2013\u2009En ole tehnyt sille operaatioita sen j\u00e4lkeen, kun olin 23. Meikkaan usein niin, ett\u00e4 nen\u00e4ni n\u00e4ytt\u00e4\u00e4 erilaiselta, h\u00e4n sanoi podcastissa.<\/p>\n<p class=\"article-body mb-nof-24 px-nof-16\">T\u00e4n\u00e4 vuonna Fox on keskittynyt perhe-el\u00e4m\u00e4\u00e4ns\u00e4, joten h\u00e4nt\u00e4 ei ole n\u00e4kynyt aiempien vuosien malliin suurissa gaalatilaisuuksissa.<\/p>\n","protected":false},"excerpt":{"rendered":"Megan Fox ja Machine Gun Kelly ovat hyvin seurattu julkkiskaksikko rapakon takana. Loppuvuodesta sis\u00e4piiril\u00e4hteet esittiv\u00e4t lehdille n\u00e4kemyksi\u00e4 ex-parin&hellip;\n","protected":false},"author":2,"featured_media":125094,"comment_status":"","ping_status":"","sticky":false,"template":"","format":"standard","meta":{"footnotes":""},"categories":[136],"tags":[407,137,33,31,30,34,408,32,109],"class_list":{"0":"post-125093","1":"post","2":"type-post","3":"status-publish","4":"format-standard","5":"has-post-thumbnail","7":"category-julkkikset","8":"tag-celebrities","9":"tag-entertainment","10":"tag-fi","11":"tag-finland","12":"tag-finnish","13":"tag-ilta-sanomat","14":"tag-julkkikset","15":"tag-suomi","16":"tag-viihde"},"share_on_mastodon":{"url":"https:\/\/pubeurope.com\/@fi\/115776722498195181","error":""},"_links":{"self":[{"href":"https:\/\/www.europesays.com\/fi\/wp-json\/wp\/v2\/posts\/125093","targetHints":{"allow":["GET"]}}],"collection":[{"href":"https:\/\/www.europesays.com\/fi\/wp-json\/wp\/v2\/posts"}],"about":[{"href":"https:\/\/www.europesays.com\/fi\/wp-json\/wp\/v2\/types\/post"}],"author":[{"embeddable":true,"href":"https:\/\/www.europesays.com\/fi\/wp-json\/wp\/v2\/users\/2"}],"replies":[{"embeddable":true,"href":"https:\/\/www.europesays.com\/fi\/wp-json\/wp\/v2\/comments?post=125093"}],"version-history":[{"count":0,"href":"https:\/\/www.europesays.com\/fi\/wp-json\/wp\/v2\/posts\/125093\/revisions"}],"wp:featuredmedia":[{"embeddable":true,"href":"https:\/\/www.europesays.com\/fi\/wp-json\/wp\/v2\/media\/125094"}],"wp:attachment":[{"href":"https:\/\/www.europesays.com\/fi\/wp-json\/wp\/v2\/media?parent=125093"}],"wp:term":[{"taxonomy":"category","embeddable":true,"href":"https:\/\/www.europesays.com\/fi\/wp-json\/wp\/v2\/categories?post=125093"},{"taxonomy":"post_tag","embeddable":true,"href":"https:\/\/www.europesays.com\/fi\/wp-json\/wp\/v2\/tags?post=125093"}],"curies":[{"name":"wp","href":"https:\/\/api.w.org\/{rel}","templated":true}]}}