{"id":125105,"date":"2025-12-24T21:55:14","date_gmt":"2025-12-24T21:55:14","guid":{"rendered":"https:\/\/www.europesays.com\/fi\/125105\/"},"modified":"2025-12-24T21:55:14","modified_gmt":"2025-12-24T21:55:14","slug":"jalankulkija-loukkaantui-vakavasti-siilinjarvella-tormayksessa-auton-kanssa-uutisia-lyhyesti","status":"publish","type":"post","link":"https:\/\/www.europesays.com\/fi\/125105\/","title":{"rendered":"Jalankulkija loukkaantui vakavasti Siilinj\u00e4rvell\u00e4 t\u00f6rm\u00e4yksess\u00e4 auton kanssa | Uutisia lyhyesti"},"content":{"rendered":"<p class=\"aw-1gybjub aw-1p7kakr kEtdKx cEmitX yle__article__paragraph\">Jalankulkija loukkaantui Siilinj\u00e4rvell\u00e4 vakavasti autoilijan t\u00f6rm\u00e4tty\u00e4 h\u00e4neen, <a class=\"aw-iao6s4 iHOxEa yle__article__link\" href=\"https:\/\/poliisi.fi\/-\/siilinjarven-varpaisjarventiella-henkiloauton-ja-jalankulkijan-valinen-liikenneonnettomuus\" role=\"link\" rel=\"nofollow noopener\" target=\"_blank\">tiedottaa It\u00e4-Suomen poliisilaitos<\/a>.<\/p>\n<p class=\"aw-1gybjub aw-1p7kakr kEtdKx cEmitX yle__article__paragraph\">Onnettomuus tapahtui jouluaattoaamuna noin kello 7.45. Poliisin mukaan Varpaisj\u00e4rventiet\u00e4 Siilinj\u00e4rven suuntaan ajanut henkil\u00f6auto t\u00f6rm\u00e4si oletettavasti vastakkaisesta suunnasta tulleeseen jalankulkijaan.<\/p>\n<p class=\"aw-1gybjub aw-1p7kakr kEtdKx cEmitX yle__article__paragraph\">Jalankulkija loukkaantui vakavasti ja h\u00e4net kuljetettiin sairaalaan. H\u00e4t\u00e4keskukseen soitti henkil\u00f6auton kuljettaja.<\/p>\n<p class=\"aw-1gybjub aw-1p7kakr kEtdKx cEmitX yle__article__paragraph\">Olosuhteet paikalla olivat poliisin mukaan haastavat lumisateen vuoksi.<\/p>\n","protected":false},"excerpt":{"rendered":"Jalankulkija loukkaantui Siilinj\u00e4rvell\u00e4 vakavasti autoilijan t\u00f6rm\u00e4tty\u00e4 h\u00e4neen, tiedottaa It\u00e4-Suomen poliisilaitos. Onnettomuus tapahtui jouluaattoaamuna noin kello 7.45. Poliisin mukaan&hellip;\n","protected":false},"author":2,"featured_media":74,"comment_status":"","ping_status":"","sticky":false,"template":"","format":"standard","meta":{"footnotes":""},"categories":[5],"tags":[22,23,26,27,33,31,30,17,71,24,25,28,29,15,837,18,21,1136,3819,32,19,20,16],"class_list":{"0":"post-125105","1":"post","2":"type-post","3":"status-publish","4":"format-standard","5":"has-post-thumbnail","7":"category-otsikot","8":"tag-breaking-news","9":"tag-breakingnews","10":"tag-featured-news","11":"tag-featurednews","12":"tag-fi","13":"tag-finland","14":"tag-finnish","15":"tag-headlines","16":"tag-kotimaa","17":"tag-latest-news","18":"tag-latestnews","19":"tag-main-news","20":"tag-mainnews","21":"tag-news","22":"tag-onnettomuudet","23":"tag-otsikot","24":"tag-paauutiset","25":"tag-pohjois-savo","26":"tag-siilinjarvi","27":"tag-suomi","28":"tag-top-stories","29":"tag-topstories","30":"tag-uutiset"},"share_on_mastodon":{"url":"https:\/\/pubeurope.com\/@fi\/115776777268180434","error":""},"_links":{"self":[{"href":"https:\/\/www.europesays.com\/fi\/wp-json\/wp\/v2\/posts\/125105","targetHints":{"allow":["GET"]}}],"collection":[{"href":"https:\/\/www.europesays.com\/fi\/wp-json\/wp\/v2\/posts"}],"about":[{"href":"https:\/\/www.europesays.com\/fi\/wp-json\/wp\/v2\/types\/post"}],"author":[{"embeddable":true,"href":"https:\/\/www.europesays.com\/fi\/wp-json\/wp\/v2\/users\/2"}],"replies":[{"embeddable":true,"href":"https:\/\/www.europesays.com\/fi\/wp-json\/wp\/v2\/comments?post=125105"}],"version-history":[{"count":0,"href":"https:\/\/www.europesays.com\/fi\/wp-json\/wp\/v2\/posts\/125105\/revisions"}],"wp:featuredmedia":[{"embeddable":true,"href":"https:\/\/www.europesays.com\/fi\/wp-json\/wp\/v2\/media\/74"}],"wp:attachment":[{"href":"https:\/\/www.europesays.com\/fi\/wp-json\/wp\/v2\/media?parent=125105"}],"wp:term":[{"taxonomy":"category","embeddable":true,"href":"https:\/\/www.europesays.com\/fi\/wp-json\/wp\/v2\/categories?post=125105"},{"taxonomy":"post_tag","embeddable":true,"href":"https:\/\/www.europesays.com\/fi\/wp-json\/wp\/v2\/tags?post=125105"}],"curies":[{"name":"wp","href":"https:\/\/api.w.org\/{rel}","templated":true}]}}