{"id":125106,"date":"2025-12-24T22:07:09","date_gmt":"2025-12-24T22:07:09","guid":{"rendered":"https:\/\/www.europesays.com\/fi\/125106\/"},"modified":"2025-12-24T22:07:09","modified_gmt":"2025-12-24T22:07:09","slug":"kuvat-maailmantahdet-vyoryivat-lappiin-ilta-sanomat","status":"publish","type":"post","link":"https:\/\/www.europesays.com\/fi\/125106\/","title":{"rendered":"Kuvat: Maailmant\u00e4hdet vy\u00f6ryiv\u00e4t Lappiin &#8211; Ilta-Sanomat"},"content":{"rendered":"<ol>\n<li><a href=\"https:\/\/news.google.com\/rss\/articles\/CBMiYEFVX3lxTE1EQVNfMjdvalBDdEtGa3dYcVRvMWxBcElQaEh2bjc1YkNrSlQwUUJBUEROd3kxRzRIV2F6WDd6ZEVQS3NNUTlHMmVWa0pTdVc1MkRJWVNpTUg2MC1FWWNFaQ?oc=5\" target=\"_blank\" rel=\"nofollow noopener\">Kuvat: Maailmant\u00e4hdet vy\u00f6ryiv\u00e4t Lappiin<\/a>&nbsp;&nbsp;Ilta-Sanomat<\/li>\n<li><a href=\"https:\/\/news.google.com\/rss\/articles\/CBMif0FVX3lxTE1tUlBqa0Z5NWJUbnlZcm1IazhkendfRzZpRFZneU45QUJBWXh2X1BSeThnWXN4QWc2Y0JoMTl0NHRBVFI5Y1N3WkI2dDdZZzIwQWJaNEJXSHg2VlNKLVZjdUt0LWpUekxILU9GOV9sMTh0T1lvRXpZS1pHbHpxYVU?oc=5\" target=\"_blank\" rel=\"nofollow noopener\">Supert\u00e4hti vei perheens\u00e4 Leville \u2013 \u201dVau\u201d<\/a>&nbsp;&nbsp;Iltalehti<\/li>\n<li><a href=\"https:\/\/news.google.com\/rss\/articles\/CBMiXEFVX3lxTFBKUU1HRm9ibm1mZkQtZkZGWlA4WUFBd3JNLVlJb09UN3pNOXhHcDgyZnFsZWxEOVRnYXNjUzRUMlAyZ1N4dkw4LU9GbXNPNXpTX3BWMjZmUU10bWVz?oc=5\" target=\"_blank\" rel=\"nofollow noopener\">Jalkapallo | Aaron Ramsey toi perheens\u00e4 Lappiin ja ihastui: \u201dTaianomaista\u201d<\/a>&nbsp;&nbsp;HS.fi<\/li>\n<li><a href=\"https:\/\/news.google.com\/rss\/articles\/CBMiVEFVX3lxTE5DUXpmSUltcXJaVVJfa0hrMWlUTFRFOUlNMEV6ZkdIZjVNUjIxWW5YemlJUzZKb0FNeWpxSTZ1NWZmQXNCYldPVG9mTUl4TUtYODgtNQ?oc=5\" target=\"_blank\" rel=\"nofollow noopener\">Jalkapallon supert\u00e4hti vieraili Lapissa, julkaisi hellytt\u00e4v\u00e4n kuvasarjan \u2013 &#8221;Taianomaisin paikka&#8221;<\/a>&nbsp;&nbsp;Karjalainen<\/li>\n<li><a href=\"https:\/\/news.google.com\/rss\/articles\/CBMiW0FVX3lxTE1SMDJUMjAxOXlNVy1GUkVLc3BtMjdHV24tMllYMUpBTFdZNnNhNzBGZFRnem5TV0ZqMV9fc3VkckMzUzZLSHl0OFBuc3JJZTc0dlppQjgxUU5aXzA?oc=5\" target=\"_blank\" rel=\"nofollow noopener\">Englannin maajoukkueen t\u00e4htipelaaja lomailee perheineen Lapissa<\/a>&nbsp;&nbsp;Savon Sanomat<\/li>\n<\/ol>\n","protected":false},"excerpt":{"rendered":"Kuvat: Maailmant\u00e4hdet vy\u00f6ryiv\u00e4t Lappiin&nbsp;&nbsp;Ilta-Sanomat Supert\u00e4hti vei perheens\u00e4 Leville \u2013 \u201dVau\u201d&nbsp;&nbsp;Iltalehti Jalkapallo | Aaron Ramsey toi perheens\u00e4 Lappiin ja&hellip;\n","protected":false},"author":2,"featured_media":125107,"comment_status":"","ping_status":"","sticky":false,"template":"","format":"standard","meta":{"footnotes":""},"categories":[136],"tags":[407,137,33,31,30,34,408,32,109],"class_list":{"0":"post-125106","1":"post","2":"type-post","3":"status-publish","4":"format-standard","5":"has-post-thumbnail","7":"category-julkkikset","8":"tag-celebrities","9":"tag-entertainment","10":"tag-fi","11":"tag-finland","12":"tag-finnish","13":"tag-ilta-sanomat","14":"tag-julkkikset","15":"tag-suomi","16":"tag-viihde"},"share_on_mastodon":{"url":"https:\/\/pubeurope.com\/@fi\/115776824476464660","error":""},"_links":{"self":[{"href":"https:\/\/www.europesays.com\/fi\/wp-json\/wp\/v2\/posts\/125106","targetHints":{"allow":["GET"]}}],"collection":[{"href":"https:\/\/www.europesays.com\/fi\/wp-json\/wp\/v2\/posts"}],"about":[{"href":"https:\/\/www.europesays.com\/fi\/wp-json\/wp\/v2\/types\/post"}],"author":[{"embeddable":true,"href":"https:\/\/www.europesays.com\/fi\/wp-json\/wp\/v2\/users\/2"}],"replies":[{"embeddable":true,"href":"https:\/\/www.europesays.com\/fi\/wp-json\/wp\/v2\/comments?post=125106"}],"version-history":[{"count":0,"href":"https:\/\/www.europesays.com\/fi\/wp-json\/wp\/v2\/posts\/125106\/revisions"}],"wp:featuredmedia":[{"embeddable":true,"href":"https:\/\/www.europesays.com\/fi\/wp-json\/wp\/v2\/media\/125107"}],"wp:attachment":[{"href":"https:\/\/www.europesays.com\/fi\/wp-json\/wp\/v2\/media?parent=125106"}],"wp:term":[{"taxonomy":"category","embeddable":true,"href":"https:\/\/www.europesays.com\/fi\/wp-json\/wp\/v2\/categories?post=125106"},{"taxonomy":"post_tag","embeddable":true,"href":"https:\/\/www.europesays.com\/fi\/wp-json\/wp\/v2\/tags?post=125106"}],"curies":[{"name":"wp","href":"https:\/\/api.w.org\/{rel}","templated":true}]}}