{"id":125108,"date":"2025-12-24T22:14:12","date_gmt":"2025-12-24T22:14:12","guid":{"rendered":"https:\/\/www.europesays.com\/fi\/125108\/"},"modified":"2025-12-24T22:14:12","modified_gmt":"2025-12-24T22:14:12","slug":"aitajuoksija-lotta-harala-yllatti-taysin-entisen-seitsenottelun-tahden-maria-huntingtonin","status":"publish","type":"post","link":"https:\/\/www.europesays.com\/fi\/125108\/","title":{"rendered":"Aitajuoksija Lotta Harala yll\u00e4tti t\u00e4ysin entisen seitsenottelun t\u00e4hden Maria Huntingtonin"},"content":{"rendered":"<p>Aitajuoksija Lotta Harala yll\u00e4tti Maria Huntingtonin tempauksellaan.<\/p>\n<p>24.12. 9:16<\/p>\n<p class=\"article-body mb-nof-24 px-nof-16\">Aitajuoksija <a class=\"article-personlink\" href=\"https:\/\/www.is.fi\/haku\/?query=Lotta%20Harala\" rel=\"nofollow noopener\" target=\"_blank\">Lotta Harala<\/a> j\u00e4rjesti entiselle seitsenottelut\u00e4hdelle <a class=\"article-personlink\" href=\"https:\/\/www.is.fi\/haku\/?query=Maria%20Huntingtonille\" rel=\"nofollow noopener\" target=\"_blank\">Maria Huntingtonille<\/a> melkoisen yll\u00e4tyksen. Huntington kertoo Instagram-tilill\u00e4\u00e4n, ett\u00e4 Harala ja muut yst\u00e4v\u00e4t j\u00e4rjestiv\u00e4t h\u00e4nelle varpajaiset.<\/p>\n<p class=\"article-body mb-nof-24 px-nof-16\">\u2013\u2009Mun yst\u00e4v\u00e4t yll\u00e4ttiv\u00e4t mut unelmien varpajaisilla, ja t\u00e4m\u00e4 oli ehdottomasti yksi mun hauskimpia vuorokausia koskaan! T\u00e4m\u00e4n voimalla jaksaa jokaisen huonosti nukutun y\u00f6n vauvavuonna, Huntington kirjoitti<\/p>\n<p class=\"article-body mb-nof-24 px-nof-16\">My\u00f6s Haralan mukaan Huntingtonin varpajaiset ylittiv\u00e4t kaikki odotukset.<\/p>\n<p class=\"article-body mb-nof-24 px-nof-16\">\u2013\u2009Sun varpajaiset taisivat olla meid\u00e4n kaikkien henkireik\u00e4 t\u00e4h\u00e4n loppuvuoteen!! Eik\u00e4 pelk\u00e4st\u00e4\u00e4n lunastanut, vaan ylitti suuret odotuksensa, Harala vastasi.<\/p>\n<p class=\"article-body mb-nof-24 px-nof-16\">Huntingtonilla on puolisonsa <a class=\"article-personlink\" href=\"https:\/\/www.is.fi\/haku\/?query=Riku%20Dufvan\" rel=\"nofollow noopener\" target=\"_blank\">Riku Dufvan<\/a> kanssa kaksi yhteist\u00e4 lasta. Huntingtonin esikoinen syntyi hein\u00e4kuussa 2024 ja perheen kuopus t\u00e4m\u00e4n vuoden hein\u00e4kuussa.<\/p>\n<p class=\"article-body mb-nof-24 px-nof-16\">Urheilu-uransa j\u00e4lkeen Huntington on ty\u00f6skennellyt yritt\u00e4j\u00e4n\u00e4. \u00c4skett\u00e4in Huntington ja Harala kuitenkin ainakin toistaiseksi lopettivat suositun Timeout-podcastin julkaisemisen.<\/p>\n<p class=\"article-body mb-nof-24 px-nof-16\">Huntington edusti Suomea MM-tasolla Dohassa vuonna 2019 ja Tokion kes\u00e4olympialaisissa vuonna 2021. H\u00e4nen enn\u00e4tyksens\u00e4 seitsenottelussa on 6\u202f339 pistett\u00e4.<\/p>\n","protected":false},"excerpt":{"rendered":"Aitajuoksija Lotta Harala yll\u00e4tti Maria Huntingtonin tempauksellaan. 24.12. 9:16 Aitajuoksija Lotta Harala j\u00e4rjesti entiselle seitsenottelut\u00e4hdelle Maria Huntingtonille melkoisen&hellip;\n","protected":false},"author":2,"featured_media":125109,"comment_status":"","ping_status":"","sticky":false,"template":"","format":"standard","meta":{"footnotes":""},"categories":[158],"tags":[33,31,30,34,159,32,160],"class_list":{"0":"post-125108","1":"post","2":"type-post","3":"status-publish","4":"format-standard","5":"has-post-thumbnail","7":"category-urheilu","8":"tag-fi","9":"tag-finland","10":"tag-finnish","11":"tag-ilta-sanomat","12":"tag-sports","13":"tag-suomi","14":"tag-urheilu"},"share_on_mastodon":{"url":"https:\/\/pubeurope.com\/@fi\/115776852322463497","error":""},"_links":{"self":[{"href":"https:\/\/www.europesays.com\/fi\/wp-json\/wp\/v2\/posts\/125108","targetHints":{"allow":["GET"]}}],"collection":[{"href":"https:\/\/www.europesays.com\/fi\/wp-json\/wp\/v2\/posts"}],"about":[{"href":"https:\/\/www.europesays.com\/fi\/wp-json\/wp\/v2\/types\/post"}],"author":[{"embeddable":true,"href":"https:\/\/www.europesays.com\/fi\/wp-json\/wp\/v2\/users\/2"}],"replies":[{"embeddable":true,"href":"https:\/\/www.europesays.com\/fi\/wp-json\/wp\/v2\/comments?post=125108"}],"version-history":[{"count":0,"href":"https:\/\/www.europesays.com\/fi\/wp-json\/wp\/v2\/posts\/125108\/revisions"}],"wp:featuredmedia":[{"embeddable":true,"href":"https:\/\/www.europesays.com\/fi\/wp-json\/wp\/v2\/media\/125109"}],"wp:attachment":[{"href":"https:\/\/www.europesays.com\/fi\/wp-json\/wp\/v2\/media?parent=125108"}],"wp:term":[{"taxonomy":"category","embeddable":true,"href":"https:\/\/www.europesays.com\/fi\/wp-json\/wp\/v2\/categories?post=125108"},{"taxonomy":"post_tag","embeddable":true,"href":"https:\/\/www.europesays.com\/fi\/wp-json\/wp\/v2\/tags?post=125108"}],"curies":[{"name":"wp","href":"https:\/\/api.w.org\/{rel}","templated":true}]}}