{"id":125110,"date":"2025-12-24T22:15:18","date_gmt":"2025-12-24T22:15:18","guid":{"rendered":"https:\/\/www.europesays.com\/fi\/125110\/"},"modified":"2025-12-24T22:15:18","modified_gmt":"2025-12-24T22:15:18","slug":"kun-anu-halva-taytti-60-vuotta-han-kielsi-ystaviaan-puhumaan-iastaan","status":"publish","type":"post","link":"https:\/\/www.europesays.com\/fi\/125110\/","title":{"rendered":"Kun Anu H\u00e4lv\u00e4 t\u00e4ytti 60 vuotta, h\u00e4n kielsi yst\u00e4vi\u00e4\u00e4n puhumaan i\u00e4st\u00e4\u00e4n"},"content":{"rendered":"<p>Anu H\u00e4lv\u00e4 on oivaltanut, ett\u00e4 ensirakkautensa voi l\u00f6yt\u00e4\u00e4 uudelleen, ett\u00e4 vanhemmuudessa voi olla yht\u00e4 aikaa rento ja j\u00e4mpti ja ett\u00e4 joidenkin k\u00e4\u00e4nne\u00adkohtien merkitys selvi\u00e4\u00e4 vasta my\u00f6hemmin el\u00e4m\u00e4ss\u00e4.<\/p>\n<p class=\"article-body mb-nof-24 px-nof-16\">Me Naiset julkaisee uudelleen vuoden 2025 luetuimpia henkil\u00f6juttuja. Anu H\u00e4lv\u00e4n El\u00e4m\u00e4ni oivallukset -haastattelu on Vuoden helmet -juttusarjan ensimm\u00e4inen osa. <\/p>\n<p>RAKKAUS\u201dErilleen ajautuminen ei tarkoita loppua\u201d<\/p>\n<p class=\"article-body mb-nof-24 px-nof-16\">\u201dEL\u00c4N mielenkiintoista el\u00e4m\u00e4nvaihetta ja sain kumppaniltani luvan kertoa siit\u00e4. Me, nuoruuden\u00adrakastetut, olemme l\u00f6yt\u00e4neet toisemme uudelleen!<\/p>\n<p class=\"article-body mb-nof-24 px-nof-16\">Nuoruudessani Tampereella nuorilla oli tapana k\u00e4vell\u00e4 keskustassa Raatihuoneen puoleista H\u00e4meenkatua kuin ryhm\u00e4 r\u00e4m\u00e4. Olin 16-vuotias ja k\u00e4velem\u00e4ss\u00e4 parhaan yst\u00e4v\u00e4ni kanssa, kun er\u00e4\u00e4n\u00e4 syyskuisena iltana vastaamme tuli kaksi poikaa. Pys\u00e4hdyimme kuin sein\u00e4\u00e4n, toinen poika ja min\u00e4. Jotakin tapahtui v\u00e4lill\u00e4mme siin\u00e4 silm\u00e4n\u00adr\u00e4p\u00e4yksess\u00e4. Aloimme seurustella viikko t\u00e4m\u00e4n ensikohtaamisen j\u00e4lkeen.<\/p>\n<p class=\"article-body mb-nof-24 px-nof-16\">Seurustelua kesti aikansa, kunnes l\u00e4hdin vaihto-oppilaaksi Yhdysvaltoihin. Palattuani suhde jatkui viel\u00e4 jonkin aikaa, mutta sitten el\u00e4m\u00e4 ja opiskelut veiv\u00e4t meit\u00e4 eri suuntiin.<\/p>\n<p class=\"article-body mb-nof-24 px-nof-16\">Tarinallemme ei kuitenkaan ollut kirjoitettu loppulausetta. Meni vuosikymmeni\u00e4, h\u00e4n meni naimisiin ja sai kaksi lasta, min\u00e4 olin naimisissa ja sain niin ik\u00e4\u00e4n kaksi lasta. Emme tapailleet, mutta tiesimme toistemme kuulumisia, eik\u00e4 yhteys koskaan katkennut kokonaan.<\/p>\n<blockquote class=\"p-[var(--citation-padding)] m-[var(--citation-margin)] border-y-[length:var(--citation-border-width)] border-y-[color:var(--citation-border-color)]\">\n<p>Nyt olemme olleet yhdess\u00e4 jonkin aikaa, ja se j\u00e4nnitt\u00e4\u00e4 meit\u00e4 itse\u00e4mmekin.<\/p>\n<\/blockquote>\n<p class=\"article-body mb-nof-24 px-nof-16\">Sitten h\u00e4n j\u00e4i leskeksi, ja min\u00e4 olin eronnut puolisostani vuonna 2018. Uusi yhteys alkoi Facebookissa.<\/p>\n<p class=\"article-body mb-nof-24 px-nof-16\">Nyt olemme olleet yhdess\u00e4 jonkin aikaa, ja se j\u00e4nnitt\u00e4\u00e4 meit\u00e4 itse\u00e4mmekin. El\u00e4mme leikillisesti kutsuen koeaikaa emmek\u00e4 mieti, jatkuuko t\u00e4m\u00e4 ihmiskoe el\u00e4m\u00e4mme loppuun vai ei. Juuri nyt on hyv\u00e4 olla.<\/p>\n<p><img decoding=\"async\" src=\"https:\/\/www.europesays.com\/fi\/wp-content\/uploads\/2025\/12\/1766614513_258_978.jpg\" alt=\"\u201dSanotaan, ett\u00e4 ensirakkauden tunne on ainutkertainen, ja allekirjoitan sen t\u00e4ysin\u201d, Anu H\u00e4lv\u00e4 kertoo.\" class=\"_Img_1rerz_1\" style=\"aspect-ratio:0.75\" loading=\"eager\"\/><\/p>\n<p class=\"article-picture-caption\">\u201dSanotaan, ett\u00e4 ensirakkauden tunne on ainutkertainen, ja allekirjoitan sen t\u00e4ysin\u201d, Anu H\u00e4lv\u00e4 kertoo. Kuva:\u00a0Kerttu Malinen<\/p>\n<p class=\"article-body mb-nof-24 px-nof-16\">Absurdia ja ihanaa on se, ett\u00e4 h\u00e4n on t\u00e4ysin tuttu ja silti samalla vieras, uusi ihminen. Tarinan 16-vuotias tytt\u00f6 ja 17-vuotias poika ovat nyt yli 60-vuotiaita ja paljon el\u00e4m\u00e4nkuoria p\u00e4\u00e4ll\u00e4\u00e4n. Kun niit\u00e4 kuoria kuorii, l\u00f6ytyy sama ydin, joka meiss\u00e4 oli jo nuorina.<\/p>\n<p class=\"article-body mb-nof-24 px-nof-16\">Olen vallan iloinen, ett\u00e4 n\u00e4in on k\u00e4ynyt. H\u00e4n on yksi el\u00e4m\u00e4ni t\u00e4rkeimmist\u00e4 rakkauksista. Sanotaan, ett\u00e4 ensirakkauden tunne on ainutkertainen, ja allekirjoitan sen t\u00e4ysin.<\/p>\n<p class=\"article-body mb-nof-24 px-nof-16\">Meit\u00e4 yhdist\u00e4v\u00e4t kaukainen menneisyys, samanlainen el\u00e4m\u00e4nkatsomus ja samanlainen huumorintaju. Ja yll\u00e4tt\u00e4en sekin, ett\u00e4 vanhempiemme sukujuuret juontavat luovutetusta Karjalasta, naapuripit\u00e4jist\u00e4.<\/p>\n<p class=\"article-body mb-nof-24 px-nof-16\">Haluan kertoa tarinamme siksi, ett\u00e4 ehk\u00e4 se antaa toivoa erilleen ajautuneille. Aina on toivoa, ett\u00e4 rakkauden liekki leimahtaa uudelleen.\u201d<\/p>\n<p>INTOHIMO\u201dEnergia ja innostus synnytt\u00e4v\u00e4t iloa\u201d<\/p>\n<p class=\"article-body mb-nof-24 px-nof-16\">\u201dSuhtaudun intohimolla el\u00e4m\u00e4\u00e4n ja ty\u00f6h\u00f6ni. Voin rehellisesti sanoa, etten ole koskaan kyll\u00e4stynyt monipuoliseen ammattiini n\u00e4yttelij\u00e4n\u00e4, ohjaajana ja laulajana.<\/p>\n<blockquote class=\"p-[var(--citation-padding)] m-[var(--citation-margin)] border-y-[length:var(--citation-border-width)] border-y-[color:var(--citation-border-color)]\">\n<p>Jollei minulla olisi paljon tekemist\u00e4, en saisi mit\u00e4\u00e4n aikaiseksi.<\/p>\n<\/blockquote>\n<p class=\"article-body mb-nof-24 px-nof-16\">Intohimo tekee ty\u00f6st\u00e4 antoisaa ja helpompaa kuin, jos sit\u00e4 joutuisi tekem\u00e4\u00e4n hampaat irvess\u00e4. Uskon, ett\u00e4 innostus ja ty\u00f6st\u00e4 saamani energia tuovat iloa ja uutta energiaa. Jos joutuisin olemaan laakereillani, kyll\u00e4styisin nopeasti, itse asiassa olen peruslaiska. Jollei minulla olisi paljon tekemist\u00e4, en saisi mit\u00e4\u00e4n aikaiseksi.<\/p>\n<p class=\"article-body mb-nof-24 px-nof-16\">Olen aina ollut innostunut ihmisist\u00e4 ja ihmisyydest\u00e4. Siksi teen ty\u00f6t\u00e4ni ihmisten edess\u00e4 ja ihmisille. Viime aikoina olen miettinyt, ettei teko\u00e4ly voi ikin\u00e4 kyet\u00e4 humaaniin, luovaan, tunteisiin liittyv\u00e4\u00e4n ty\u00f6h\u00f6n.<\/p>\n<p class=\"article-body mb-nof-24 px-nof-16\">Minulle ei ole ollut koskaan vaikeaa valita ty\u00f6ni eri puolien v\u00e4lill\u00e4. Ne ovat kaikki yht\u00e4 ja samaa pakettia ja ruokkivat toisiaan. Oopperalaulajan koulutuksen avulla ymm\u00e4rr\u00e4n partituurit ja n\u00e4yttelij\u00e4n\u00e4 ja ohjaajana luen n\u00e4ytelmien k\u00e4sikirjoituksia. Kaikista osa-alueista on minulle apua.<\/p>\n<p><img decoding=\"async\" src=\"https:\/\/www.europesays.com\/fi\/wp-content\/uploads\/2025\/12\/1766614514_734_978.jpg\" alt=\"VUONNA 1966. &quot;T\u00e4ss\u00e4 olen kaksivuotiaana kotona Hyvink\u00e4\u00e4ll\u00e4 ennen kuin muutimme Nokialle.&quot;\" class=\"_Img_1rerz_1\" style=\"aspect-ratio:0.6666666666666666\" loading=\"eager\"\/><\/p>\n<p class=\"article-picture-caption\">VUONNA 1966. &#8221;T\u00e4ss\u00e4 olen kaksivuotiaana kotona Hyvink\u00e4\u00e4ll\u00e4 ennen kuin muutimme Nokialle.&#8221; Kuva:\u00a0Anu H\u00e4lv\u00e4n kuvakokoelma<\/p>\n<p class=\"article-body mb-nof-24 px-nof-16\">T\u00e4n\u00e4 kes\u00e4n\u00e4 olen pitk\u00e4st\u00e4 aikaa pienell\u00e4 lomalla, mutta sit\u00e4 ennen ehdin ohjata Yp\u00e4j\u00e4n kes\u00e4teatteriin musikaalikomedian Nunnia ja konnia. Syksyll\u00e4 juhlimme pianisti <a class=\"article-personlink\" href=\"https:\/\/www.is.fi\/haku\/?query=Jouni%20Someron\" rel=\"nofollow noopener\" target=\"_blank\">Jouni Someron<\/a> kanssa 30-vuotista yhteisty\u00f6t\u00e4mme Love Story -elokuvakonserteissa. Siihen menness\u00e4 olemme konsertoineet yhdess\u00e4 351 kertaa.\u201d<\/p>\n<p>JULKISUUS\u201dEl\u00e4m\u00e4 ei ole kauppatavaraa\u201d<\/p>\n<p class=\"article-body mb-nof-24 px-nof-16\">\u201dJouduin \u2013 tai joku voisi todeta, ett\u00e4 p\u00e4\u00e4sin \u2013 julkisuuden valokeilaan 1990-luvun alkupuolella televisioroolieni kautta. Sarjat Metsolat ja Blondi tuli taloon tekiv\u00e4t minusta julkista riistaa. Tuolloin elettiin aikaa ennen sosiaalista mediaa, tosi-tv:t\u00e4 ja netti\u00e4, ja yksitt\u00e4inen n\u00e4yttelij\u00e4 saattoi saada valtavan huomion.<\/p>\n<p class=\"article-body mb-nof-24 px-nof-16\">Minusta ilmestyi sellaisiakin haastatteluja, joita en ollut antanut. Viimeinen niitti olivat kolmen lehden kannet, jotka n\u00e4in Helsingiss\u00e4 Pasilan aseman R-kioskilla. Olin kaikissa, vaikka vain yhteen lehdist\u00e4 olin antanut haastattelun.<\/p>\n<blockquote class=\"p-[var(--citation-padding)] m-[var(--citation-margin)] border-y-[length:var(--citation-border-width)] border-y-[color:var(--citation-border-color)]\">\n<p>Totesin, ett\u00e4 el\u00e4m\u00e4ni ei voi olla kauppatavaraa.<\/p>\n<\/blockquote>\n<p class=\"article-body mb-nof-24 px-nof-16\">1990-luvun puoliv\u00e4liss\u00e4 tein tietoisen ja sitovan p\u00e4\u00e4t\u00f6ksen vet\u00e4yty\u00e4 julkisuudesta. Se osoitti itselleni, ett\u00e4 p\u00e4\u00e4ni oli kest\u00e4nyt py\u00f6rityksen megajulkisuudessa. Totesin, ett\u00e4 el\u00e4m\u00e4ni ei voi olla kauppatavaraa. Minulla oli unelma perheest\u00e4 ja lapsista, jotka sitten sainkin.<\/p>\n<p><img decoding=\"async\" src=\"https:\/\/www.europesays.com\/fi\/wp-content\/uploads\/2025\/12\/1766614515_433_978.jpg\" alt=\"VUONNA 1996. &quot;N\u00e4yttelin nimiroolin Annie Mestariampujana Turun Samppalinnan kes\u00e4teatterissa.&quot;\" class=\"_Img_1rerz_1\" style=\"aspect-ratio:0.75\" loading=\"eager\"\/><\/p>\n<p class=\"article-picture-caption\">VUONNA 1996. &#8221;N\u00e4yttelin nimiroolin Annie Mestariampujana Turun Samppalinnan kes\u00e4teatterissa.&#8221; Kuva:\u00a0Bo Stranden<\/p>\n<p class=\"article-body mb-nof-24 px-nof-16\">Vet\u00e4ytymiseni j\u00e4lkeen sain rapaa niskaani, ett\u00e4 mik\u00e4 oikein luulin olevani. Ty\u00f6t kuitenkin jatkuivat. Ammattitaitoni ei tietenk\u00e4\u00e4n kadonnut mihink\u00e4\u00e4n, ja onneksi taidollakin on jotain merkityst\u00e4.<\/p>\n<p class=\"article-body mb-nof-24 px-nof-16\">Vet\u00e4ytyminen oli poikkeuksellinen valinta, mutta pidin siit\u00e4 kiinni enk\u00e4 katunut sekuntiakaan. Luultavasti se her\u00e4tti jossain m\u00e4\u00e4rin jopa kunnioitusta, vaikka ei se ollut tavoitteeni. Nyky\u00e4\u00e4n julkisuutta on juuri sopivasti, teenh\u00e4n kuitenkin julkista ty\u00f6t\u00e4.<\/p>\n<p class=\"article-body mb-nof-24 px-nof-16\">Megajulkisuuden vuosina huomasin, ett\u00e4 ihmisten huomio voi olla valheellista. Kaikkien julkisuuteen pyrkivien olisi syyt\u00e4 oivaltaa se. Julkisuuden my\u00f6t\u00e4 p\u00e4\u00e4sin hetken kurkistamaan jet set -el\u00e4m\u00e4\u00e4n, jota en olisi muuten n\u00e4hnyt. Tajusin, ett\u00e4 mit\u00e4 korkeammassa asemassa ihminen on, sit\u00e4 rennompi h\u00e4n voi olla. Kun ei tarvitse esitt\u00e4\u00e4 mit\u00e4\u00e4n, voi olla oma itsens\u00e4.\u201d<\/p>\n<blockquote class=\"p-[var(--citation-padding)] m-[var(--citation-margin)] border-y-[length:var(--citation-border-width)] border-y-[color:var(--citation-border-color)]\">\n<p>Vasta my\u00f6hemmin ymm\u00e4rt\u00e4\u00e4, miten tietyt valinnat meit\u00e4 johdattavat.<\/p>\n<\/blockquote>\n<p>URA\u201dValinnat johdattavat ihmist\u00e4\u201d<\/p>\n<p class=\"article-body mb-nof-24 px-nof-16\">\u201dJokaisella on el\u00e4m\u00e4ss\u00e4\u00e4n k\u00e4\u00e4nnekohtia, joissa el\u00e4m\u00e4 ottaa uuden suunnan. Niiden merkityst\u00e4 ja yll\u00e4tt\u00e4vyytt\u00e4 ei ehk\u00e4 h-hetkell\u00e4 oivalla. Vasta my\u00f6hemmin ymm\u00e4rt\u00e4\u00e4, miten tietyt valinnat meit\u00e4 johdattavat.<\/p>\n<p class=\"article-body mb-nof-24 px-nof-16\">Minulle t\u00e4rke\u00e4 k\u00e4\u00e4nnekohta oli, kun viisaat vanhempani laittoivat minut Hyvink\u00e4\u00e4ll\u00e4 kielikylpyyn englanninkieliseen p\u00e4iv\u00e4kotiin. Lapsi omaksuu vieraan kielen helposti, ja sain vahvan pohjan englannille. Taitoni vahvistui vaihto-oppilasvuonna Yhdysvaltojen Nebraskassa, sitten Lontoossa lauluopinnoissa. Opiskelin my\u00f6s k\u00e4\u00e4nt\u00e4mist\u00e4 yliopistossa ja nyky\u00e4\u00e4n suomennan paljon tekstej\u00e4 englannista.<\/p>\n<p class=\"article-body mb-nof-24 px-nof-16\">Hyvink\u00e4\u00e4lt\u00e4 muutimme Nokialle, miss\u00e4 k\u00e4vin kouluni. Toinen k\u00e4\u00e4nnekohta tapahtui ysiluokalla, kun musiikinopettajan sijainen <a class=\"article-personlink\" href=\"https:\/\/www.is.fi\/haku\/?query=Helena%20Porkka\" rel=\"nofollow noopener\" target=\"_blank\">Helena Porkka<\/a> joulun l\u00e4hestyess\u00e4 kysyi, kuka meist\u00e4 on hyv\u00e4 laulaja. Kaikki teinit tuijotimme ynsein\u00e4 pulpettejamme, kunnes luokkakaverini vinkkasi minut opettajalle. Mulkaisin kaveriani pahasti takaisin.<\/p>\n<p class=\"article-body mb-nof-24 px-nof-16\">Helena Porkka kehotti minua laulamaan ja totesi, ett\u00e4 minulla on loistava \u00e4\u00e4ni. En ollut liiemmin laulanut, vaikka soitin pianoa. H\u00e4n puhui minut ymp\u00e4ri laulutunneille ja pyrin sitten my\u00f6s Tampereen Konservatorioon. Sielt\u00e4 oopperaproduktiosta minut \u00e4kk\u00e4si Tampereen Teatterin pitk\u00e4aikainen johtaja, teatterineuvos <a class=\"article-personlink\" href=\"https:\/\/www.is.fi\/haku\/?query=Rauli%20Lehtonen\" rel=\"nofollow noopener\" target=\"_blank\">Rauli Lehtonen<\/a>.<\/p>\n<p><img decoding=\"async\" src=\"https:\/\/www.europesays.com\/fi\/wp-content\/uploads\/2025\/12\/1766614515_881_978.jpg\" alt=\"VUONNA 1991. &quot;N\u00e4yttelin Esko Roineen kanssa Tampereen Teatterissa Leipurin vaimon nimiroolissa.&quot; (kuva Tampereen Teatteri)\" class=\"_Img_1rerz_1\" style=\"aspect-ratio:0.6666666666666666\" loading=\"eager\"\/><\/p>\n<p class=\"article-picture-caption\">VUONNA 1991. &#8221;N\u00e4yttelin Esko Roineen kanssa Tampereen Teatterissa Leipurin vaimon nimiroolissa.&#8221; (kuva Tampereen Teatteri) Kuva:\u00a0Anu H\u00e4lv\u00e4n kuvakokoelma<\/p>\n<p><img decoding=\"async\" src=\"https:\/\/www.europesays.com\/fi\/wp-content\/uploads\/2025\/12\/1766614516_419_978.jpg\" alt=\"VUONNA 2023. \u201dSalon teatterissa ohjasin Minna Canthista kertovaa Rouva C -n\u00e4ytelm\u00e4\u00e4.\u201d\" class=\"_Img_1rerz_1\" style=\"aspect-ratio:1\" loading=\"eager\"\/><\/p>\n<p class=\"article-picture-caption\">VUONNA 2023. \u201dSalon teatterissa ohjasin Minna Canthista kertovaa Rouva C -n\u00e4ytelm\u00e4\u00e4.\u201d Kuva:\u00a0Anu H\u00e4lv\u00e4n kuvakokoelma<\/p>\n<p class=\"article-body mb-nof-24 px-nof-16\">Ylioppilaskev\u00e4\u00e4n\u00e4 minulle soitettiin teatterilta. Luulin unohtaneeni jotain katsomoon edellisiltana, mutta minua pyydettiinkin paikkaamaan <a class=\"article-personlink\" href=\"https:\/\/www.is.fi\/haku\/?query=Tuija%20Vuolletta\" rel=\"nofollow noopener\" target=\"_blank\">Tuija Vuolletta<\/a> komediassa Piukat paikat. Kun esitykset syksyll\u00e4 alkoivat, meni muutama viikko ja minut pyydettiin Tampereen Teatterin n\u00e4yttelij\u00e4harjoittelijaksi. J\u00e4in sille tielle kahdeksaksi vuodeksi ja koen edelleen, ett\u00e4 Tampereen Teatteri on kotiteatterini. En ollut miettinyt n\u00e4yttelij\u00e4n ammattia, mutta siihen t\u00e4m\u00e4 k\u00e4\u00e4nnekohta johti.<\/p>\n<p class=\"article-body mb-nof-24 px-nof-16\">Haaveilin jo silloin ohjaamisesta ja p\u00e4\u00e4sin toteuttamaan sit\u00e4 vuosia my\u00f6hemmin Kokkolan kaupunginteatterin johtajana. Rakastan ohjaamisen kokonaisvaltaisuutta. Ohjatessa saan k\u00e4ytt\u00e4\u00e4 kaikkea osaamistani.<\/p>\n<p class=\"article-body mb-nof-24 px-nof-16\">On mahtava matka, miten kirjaimista ja lauseista paperilla muodostuu esitys. Teksti ja esitys ovat kaksi aivan eri asiaa.<\/p>\n<p class=\"article-body mb-nof-24 px-nof-16\">T\u00e4rke\u00e4 k\u00e4\u00e4nnekohta oli my\u00f6s se, ett\u00e4 j\u00e4in aikoinaan freelanceriksi ja olen voinut valita ty\u00f6ni.\u201d<\/p>\n<p><img decoding=\"async\" src=\"https:\/\/www.europesays.com\/fi\/wp-content\/uploads\/2025\/12\/1766614516_880_978.jpg\" alt=\"VUONNA 2007. &quot;Imatran kes\u00e4teatterissa yhdess\u00e4 lasteni Kristianin ja Adan kanssa.&quot;\" class=\"_Img_1rerz_1\" style=\"aspect-ratio:0.75\" loading=\"eager\"\/><\/p>\n<p class=\"article-picture-caption\">VUONNA 2007. &#8221;Imatran kes\u00e4teatterissa yhdess\u00e4 lasteni Kristianin ja Adan kanssa.&#8221; Kuva:\u00a0Anu H\u00e4lv\u00e4n kuvakokoelma<\/p>\n<p><img decoding=\"async\" src=\"https:\/\/www.europesays.com\/fi\/wp-content\/uploads\/2025\/12\/1766614517_31_978.jpg\" alt=\"VUOSI 2002. \u201dTuleva kapellimestari Kristian puolitoistavuotiaana muskarin joulujuhlassa.\u201d\" class=\"_Img_1rerz_1\" style=\"aspect-ratio:0.75\" loading=\"eager\"\/><\/p>\n<p class=\"article-picture-caption\">VUOSI 2002. \u201dTuleva kapellimestari Kristian puolitoistavuotiaana muskarin joulujuhlassa.\u201d Kuva:\u00a0Anu H\u00e4lv\u00e4n kuvakokoelma<\/p>\n<p>VANHEMMUUS\u201dPit\u00e4\u00e4 olla rakkautta ja rajoja\u201d<\/p>\n<p class=\"article-body mb-nof-24 px-nof-16\">\u201dVaikka helposti puhun tuntikausia ty\u00f6st\u00e4ni, ovat lapseni ehdottomasti el\u00e4m\u00e4ni paras saavutus. Olen saanut kaksi tervett\u00e4, ihanaa, fiksua ja omilla aivoillaan ajattelevaa lasta yhdess\u00e4 heid\u00e4n is\u00e4ns\u00e4, n\u00e4yttelij\u00e4 <a class=\"article-personlink\" href=\"https:\/\/www.is.fi\/haku\/?query=Petteri%20Sallisen\" rel=\"nofollow noopener\" target=\"_blank\">Petteri Sallisen<\/a> kanssa.<\/p>\n<p class=\"article-body mb-nof-24 px-nof-16\"><a class=\"article-personlink\" href=\"https:\/\/www.is.fi\/haku\/?query=Ada\" rel=\"nofollow noopener\" target=\"_blank\">Ada <\/a>syntyi vuonna 1997 ja on koulutukseltaan liiketalouden tradenomi. H\u00e4n on tehnyt t\u00f6it\u00e4 muun muassa ilmailun ja teatterin aloilla ja ty\u00f6skentelee t\u00e4ll\u00e4 hetkell\u00e4 eri teattereissa ohjaajien assistenttina. H\u00e4n on my\u00f6s erinomainen laulaja ja n\u00e4yttelij\u00e4.<\/p>\n<p class=\"article-body mb-nof-24 px-nof-16\"><a class=\"article-personlink\" href=\"https:\/\/www.is.fi\/haku\/?query=Kristian\" rel=\"nofollow noopener\" target=\"_blank\">Kristian <\/a>syntyi vuonna 2001 ja tekee nyt n\u00e4ytt\u00e4v\u00e4\u00e4 uraa kapellimestarina. H\u00e4n oli jo lapsena muskarista l\u00e4htien kuin musiikkitynnyriin upotettu. H\u00e4n on jo johtanut Suomen t\u00e4rkeimpi\u00e4 orkestereja sek\u00e4 eurooppalaisia ja pohjoismaisia orkestereja. Vuonna 2023 h\u00e4n debytoi BBC:n sinfoniaorkesterin edess\u00e4, mik\u00e4 oli hieno saavutus.<\/p>\n<blockquote class=\"p-[var(--citation-padding)] m-[var(--citation-margin)] border-y-[length:var(--citation-border-width)] border-y-[color:var(--citation-border-color)]\">\n<p>Lapseni ovat antaneet tunnustusta, ett\u00e4 olen ollut yht\u00e4 aikaa rento ja j\u00e4mpti.<\/p>\n<\/blockquote>\n<p class=\"article-body mb-nof-24 px-nof-16\">\u00c4itin\u00e4 on ihanaa katsoa, ett\u00e4 lapset tekev\u00e4t rakastamaansa ty\u00f6t\u00e4 ja ovat hyvi\u00e4 siin\u00e4.<\/p>\n<p class=\"article-body mb-nof-24 px-nof-16\">Oman \u00e4idin syyllisyyskirjani on tietenkin tuhatsivuinen: olinko liikaa kiinni t\u00f6iss\u00e4ni lasten ollessa pieni\u00e4. Lapseni ovat kuitenkin antaneet tunnustusta siit\u00e4, ett\u00e4 olen ollut yht\u00e4 aikaa rento ja j\u00e4mpti. Heill\u00e4 oli turvattu lapsuus my\u00f6s is\u00e4ns\u00e4 puolelta.<\/p>\n<p class=\"article-body mb-nof-24 px-nof-16\">Rakkaus ja rajat ovat t\u00e4rkeit\u00e4 lasten kasvatuksessa. Sellaisen kasvatuksen min\u00e4 ja pikkuveljeni saimme vanhemmiltamme. Lapsuudenkotini arvoja olivat lis\u00e4ksi rehellisyys ja kaikkien ihmisten kunnioittaminen, ja my\u00f6s ne olen opettanut lapsilleni.\u201d<\/p>\n<p>IK\u00c4\u201dP\u00e4\u00e4 ei pysy per\u00e4ss\u00e4\u201d<\/p>\n<p class=\"article-body mb-nof-24 px-nof-16\">\u201dViime kes\u00e4\u00e4n asti en ollut ajatellut ik\u00e4\u00e4ni, mutta t\u00e4ytetty\u00e4ni kuusikymment\u00e4, kriisiydyin. Mik\u00e4\u00e4n ei muuttunut, olen terve ja t\u00e4ysiss\u00e4 voimissani, mutta silti teki mieli paeta mets\u00e4\u00e4n piiloon. Sanoin yst\u00e4villeni, etten halua puhua syntym\u00e4p\u00e4ivist\u00e4ni enk\u00e4 i\u00e4st\u00e4ni. Mieleni ei ole viel\u00e4k\u00e4\u00e4n k\u00e4sitellyt t\u00e4t\u00e4 ik\u00e4kriisi\u00e4. Tuntuu, ett\u00e4 p\u00e4\u00e4 ei pysy per\u00e4ss\u00e4, vaan luulen yh\u00e4 olevani nuori.<\/p>\n<blockquote class=\"p-[var(--citation-padding)] m-[var(--citation-margin)] border-y-[length:var(--citation-border-width)] border-y-[color:var(--citation-border-color)]\">\n<p>Tulevaa ei kannata ruveta pelk\u00e4\u00e4m\u00e4\u00e4n.<\/p>\n<\/blockquote>\n<p class=\"article-body mb-nof-24 px-nof-16\">Toivottavasti saan el\u00e4\u00e4 pitk\u00e4\u00e4n ja onnellisena, kuten vanhempani. Is\u00e4ni on nyt 87-vuotias ja \u00e4iti 85. He asuvat edelleen hyv\u00e4voimaisina omassa kodissaan aika l\u00e4hell\u00e4 minua ja hoitavat v\u00e4lill\u00e4 mopsiani Elmeri\u00e4.<\/p>\n<p class=\"article-body mb-nof-24 px-nof-16\">T\u00e4\u00e4ll\u00e4 maailmassa on kiva olla, mutta kaikkea ei voi suunnitella eik\u00e4 ennakoida. Tulevaa ei silti kannata ruveta pelk\u00e4\u00e4m\u00e4\u00e4n. Pelko kahlitsee energiaa ja el\u00e4m\u00e4nhalua, joka minulla on voimakas. Nykyhetken hirvitt\u00e4vyyksienkin keskell\u00e4 maailma on kaunis, ja sit\u00e4 kauneutta meid\u00e4n pit\u00e4\u00e4 vaalia.\u201d<\/p>\n<p><img decoding=\"async\" src=\"https:\/\/www.europesays.com\/fi\/wp-content\/uploads\/2025\/12\/1766614517_670_978.jpg\" alt=\"\" class=\"_Img_1rerz_1\" style=\"aspect-ratio:1\" loading=\"eager\"\/>NAUTINNOT\u201dHyv\u00e4t ihmissuhteet ovat parasta\u201d<\/p>\n<p class=\"article-body mb-nof-24 px-nof-16\">\u201dEl\u00e4m\u00e4ni ilo ja nautinto ovat hyv\u00e4t ihmissuhteet \u2013 ne ovat parasta. Onneni on, ett\u00e4 l\u00e4hell\u00e4ni on tavattoman hienoja yst\u00e4vi\u00e4. Ihan l\u00e4heisi\u00e4 ei ole hirve\u00e4n monta, mutta seuraaviin yst\u00e4v\u00e4piireihin mahtuu monta hyv\u00e4\u00e4 kaveria ja kollegaa.<\/p>\n<blockquote class=\"p-[var(--citation-padding)] m-[var(--citation-margin)] border-y-[length:var(--citation-border-width)] border-y-[color:var(--citation-border-color)]\">\n<p>Olen esteetikko ja tykk\u00e4\u00e4n harmoniasta ymp\u00e4rill\u00e4ni.<\/p>\n<\/blockquote>\n<p class=\"article-body mb-nof-24 px-nof-16\">T\u00f6iss\u00e4 nautintojani ovat energinen ty\u00f6yhteis\u00f6 ja el\u00e4v\u00e4 yleis\u00f6 edess\u00e4ni.<\/p>\n<p class=\"article-body mb-nof-24 px-nof-16\">Olen esteetikko ja tykk\u00e4\u00e4n harmoniasta ymp\u00e4rill\u00e4ni. Luonto on aina ollut minulle suuri nautinnon l\u00e4hde. Alkukes\u00e4st\u00e4 nautin luonnon hele\u00e4st\u00e4 vehreydest\u00e4 ja valosta ja l\u00e4mm\u00f6st\u00e4.<\/p>\n<p class=\"article-body mb-nof-24 px-nof-16\">Rakastan my\u00f6s matkustamista, vaikka sit\u00e4 ei kai nyky\u00e4\u00e4n saisi tunnustaa. Rakastan kumminkin ja aina maailmalla ollessani totean, ett\u00e4 ihmiset ovat kaikkialla samanlaisia. Meill\u00e4 on samat ilonaiheet ja murheet.\u201d<\/p>\n<p class=\"article-body nof-ui-body-medium mb-nof-24 px-nof-16\">Juttu on julkaistu aiemmin Me Naisissa hein\u00e4kuussa 2025.<\/p>\n<p>Anu H\u00e4lv\u00e4 Sallinen<img decoding=\"async\" src=\"https:\/\/www.europesays.com\/fi\/wp-content\/uploads\/2025\/12\/1766614518_378_978.jpg\" alt=\"\" class=\"_Img_1rerz_1\" style=\"aspect-ratio:1\" loading=\"eager\"\/><\/p>\n<p class=\"article-body mb-nof-24 px-nof-16\">61-vuotias ohjaaja, n\u00e4yttelij\u00e4, laulaja seurustelee nuoruudenrakkautensa kanssa. Aikuiset lapset Ada ja Kristian. Aloitti n\u00e4yttelij\u00e4n uransa Tampereen Teatterissa, valmistunut oopperalaulajaksi sek\u00e4 musiikin ja teatteritaiteen maisteriksi. Toiminut mm. Kokkolan kaupunginteatterin johtajana. Aloittaa elokuussa Love Story -elokuvamusiikin konsertit yhdess\u00e4 pianisti Jouni Someron kanssa.<\/p>\n","protected":false},"excerpt":{"rendered":"Anu H\u00e4lv\u00e4 on oivaltanut, ett\u00e4 ensirakkautensa voi l\u00f6yt\u00e4\u00e4 uudelleen, ett\u00e4 vanhemmuudessa voi olla yht\u00e4 aikaa rento ja j\u00e4mpti&hellip;\n","protected":false},"author":2,"featured_media":125111,"comment_status":"","ping_status":"","sticky":false,"template":"","format":"standard","meta":{"footnotes":""},"categories":[130],"tags":[137,33,31,30,34,32,109],"class_list":{"0":"post-125110","1":"post","2":"type-post","3":"status-publish","4":"format-standard","5":"has-post-thumbnail","7":"category-viihde","8":"tag-entertainment","9":"tag-fi","10":"tag-finland","11":"tag-finnish","12":"tag-ilta-sanomat","13":"tag-suomi","14":"tag-viihde"},"share_on_mastodon":{"url":"https:\/\/pubeurope.com\/@fi\/115776856211591365","error":""},"_links":{"self":[{"href":"https:\/\/www.europesays.com\/fi\/wp-json\/wp\/v2\/posts\/125110","targetHints":{"allow":["GET"]}}],"collection":[{"href":"https:\/\/www.europesays.com\/fi\/wp-json\/wp\/v2\/posts"}],"about":[{"href":"https:\/\/www.europesays.com\/fi\/wp-json\/wp\/v2\/types\/post"}],"author":[{"embeddable":true,"href":"https:\/\/www.europesays.com\/fi\/wp-json\/wp\/v2\/users\/2"}],"replies":[{"embeddable":true,"href":"https:\/\/www.europesays.com\/fi\/wp-json\/wp\/v2\/comments?post=125110"}],"version-history":[{"count":0,"href":"https:\/\/www.europesays.com\/fi\/wp-json\/wp\/v2\/posts\/125110\/revisions"}],"wp:featuredmedia":[{"embeddable":true,"href":"https:\/\/www.europesays.com\/fi\/wp-json\/wp\/v2\/media\/125111"}],"wp:attachment":[{"href":"https:\/\/www.europesays.com\/fi\/wp-json\/wp\/v2\/media?parent=125110"}],"wp:term":[{"taxonomy":"category","embeddable":true,"href":"https:\/\/www.europesays.com\/fi\/wp-json\/wp\/v2\/categories?post=125110"},{"taxonomy":"post_tag","embeddable":true,"href":"https:\/\/www.europesays.com\/fi\/wp-json\/wp\/v2\/tags?post=125110"}],"curies":[{"name":"wp","href":"https:\/\/api.w.org\/{rel}","templated":true}]}}