{"id":125112,"date":"2025-12-24T22:18:30","date_gmt":"2025-12-24T22:18:30","guid":{"rendered":"https:\/\/www.europesays.com\/fi\/125112\/"},"modified":"2025-12-24T22:18:30","modified_gmt":"2025-12-24T22:18:30","slug":"vaatekauppa-jatti-kokkolan-keskustaan-tuhannet-neliot-tyhjilleen-talta-nayttavat-vanhat-astromin-ja-halosen-valtavat-tilat","status":"publish","type":"post","link":"https:\/\/www.europesays.com\/fi\/125112\/","title":{"rendered":"Vaatekauppa j\u00e4tti Kokkolan keskustaan tuhannet neli\u00f6t tyhjilleen \u2013 T\u00e4lt\u00e4 n\u00e4ytt\u00e4v\u00e4t vanhat \u00c5str\u00f6min ja Halosen valtavat tilat"},"content":{"rendered":"<p>                                  Paikallisuutiset<\/p>\n<p>                <img loading=\"lazy\" decoding=\"async\" itemprop=\"contentUrl\" class=\"figure-img img-fluid\"  src=\"https:\/\/www.europesays.com\/fi\/wp-content\/uploads\/2025\/12\/1766614710_943_imengine.public.prod.hil.infomaker.io\" width=\"4252\" height=\"2835\"  alt=\"\"\/><\/p>\n<p>                                    Asunto Bj\u00f6rndahlin konttorinjohtaja J\u00f6rn Sundstr\u00f6m tyhjill\u00e4\u00e4n seisovassa \u00c5str\u00f6min kiinteist\u00f6ss\u00e4.<br \/>\n                                                    Kuva:<br \/>\n                    Jukka Lehoj\u00e4rvi<\/p>\n<p>              Ti 23.12.2025 klo 7:00<br \/>\n                  | P\u00e4ivitetty: Ti 23.12.2025 klo 7:52<\/p>\n<p>      MAINOS &#8211; juttu jatkuu mainoksen j\u00e4lkeen<\/p>\n<p>      MAINOS &#8211; mainos p\u00e4\u00e4ttyy<\/p>\n<p class=\"ew-body\">Syksyll\u00e4 myyntiin listattua \u00c5str\u00f6min kiinteist\u00f6\u00e4 odottaa l\u00e4hivuosina lis\u00e4\u00e4 muutoksia.<\/p>\n<p class=\"ew-body\">Syyskuuhun saakka rakennuksessa toimi vaatekauppa Halonen, joka ehti palvella tiloissa vuodesta 2002 alkaen. Syyskuussa Halonen kuitenkin muutti kauppakeskus Chydeniaan.<\/p>\n<p class=\"ew-body\">Kiinteist\u00f6n kaupoista vastaavan Asunto Bj\u00f6rnda<\/p>\n<p>  <a class=\"btn btn-secondary btn-icon-left\" href=\"#coral_thread\"><br \/>\n    <img decoding=\"async\" src=\"https:\/\/www.keskipohjanmaa.fi\/wp-content\/themes\/hilla-theme\/assets\/img\/icon_comments.svg\" alt=\"\"\/><br \/>\n    Kommentoi<br \/>\n    \u00a0(0)<br \/>\n  <\/a><\/p>\n<p>  <a class=\"btn btn-secondary btn-icon-left mailto_web\" href=\"mailto:toimitus@keskipohjanmaa.fi?subject=Ilmoita%20asiavirheest%C3%A4&amp;body=Otsikko%3A%20Vaatekauppa%20j%C3%A4tti%20Kokkolan%20keskustaan%20tuhannet%20neli%C3%B6t%20tyhjilleen%20%E2%80%93%20T%C3%A4lt%C3%A4%20n%C3%A4ytt%C3%A4v%C3%A4t%20vanhat%20%C3%85str%C3%B6min%20ja%20Halosen%20valtavat%20tilat%0AUuid%3A%20583e226b-d22c-40b5-b4c4-244744d1598f%0AUrl%3A%20https%3A%2F%2Fwww.keskipohjanmaa.fi%2Fartikkeli%2Fhalosen-entinen-kiinteisto-odottaa-ostajaansa-kokkolan-keskustassa-katso-milta-tilat-nayttavat-ny\"><br \/>\n    <img decoding=\"async\" src=\"https:\/\/www.keskipohjanmaa.fi\/wp-content\/themes\/hilla-theme\/assets\/img\/icon_feedback.svg\" alt=\"\"\/><br \/>\n    Ilmoita asiavirheest\u00e4<br \/>\n  <\/a><\/p>\n","protected":false},"excerpt":{"rendered":"Paikallisuutiset Asunto Bj\u00f6rndahlin konttorinjohtaja J\u00f6rn Sundstr\u00f6m tyhjill\u00e4\u00e4n seisovassa \u00c5str\u00f6min kiinteist\u00f6ss\u00e4. Kuva: Jukka Lehoj\u00e4rvi Ti 23.12.2025 klo 7:00 |&hellip;\n","protected":false},"author":2,"featured_media":125113,"comment_status":"","ping_status":"","sticky":false,"template":"","format":"standard","meta":{"footnotes":""},"categories":[76],"tags":[79,77,33,31,30,32,78],"class_list":{"0":"post-125112","1":"post","2":"type-post","3":"status-publish","4":"format-standard","5":"has-post-thumbnail","7":"category-talous","8":"tag-business","9":"tag-economy","10":"tag-fi","11":"tag-finland","12":"tag-finnish","13":"tag-suomi","14":"tag-talous"},"share_on_mastodon":{"url":"https:\/\/pubeurope.com\/@fi\/115776868148482065","error":""},"_links":{"self":[{"href":"https:\/\/www.europesays.com\/fi\/wp-json\/wp\/v2\/posts\/125112","targetHints":{"allow":["GET"]}}],"collection":[{"href":"https:\/\/www.europesays.com\/fi\/wp-json\/wp\/v2\/posts"}],"about":[{"href":"https:\/\/www.europesays.com\/fi\/wp-json\/wp\/v2\/types\/post"}],"author":[{"embeddable":true,"href":"https:\/\/www.europesays.com\/fi\/wp-json\/wp\/v2\/users\/2"}],"replies":[{"embeddable":true,"href":"https:\/\/www.europesays.com\/fi\/wp-json\/wp\/v2\/comments?post=125112"}],"version-history":[{"count":0,"href":"https:\/\/www.europesays.com\/fi\/wp-json\/wp\/v2\/posts\/125112\/revisions"}],"wp:featuredmedia":[{"embeddable":true,"href":"https:\/\/www.europesays.com\/fi\/wp-json\/wp\/v2\/media\/125113"}],"wp:attachment":[{"href":"https:\/\/www.europesays.com\/fi\/wp-json\/wp\/v2\/media?parent=125112"}],"wp:term":[{"taxonomy":"category","embeddable":true,"href":"https:\/\/www.europesays.com\/fi\/wp-json\/wp\/v2\/categories?post=125112"},{"taxonomy":"post_tag","embeddable":true,"href":"https:\/\/www.europesays.com\/fi\/wp-json\/wp\/v2\/tags?post=125112"}],"curies":[{"name":"wp","href":"https:\/\/api.w.org\/{rel}","templated":true}]}}