{"id":125114,"date":"2025-12-24T22:19:08","date_gmt":"2025-12-24T22:19:08","guid":{"rendered":"https:\/\/www.europesays.com\/fi\/125114\/"},"modified":"2025-12-24T22:19:08","modified_gmt":"2025-12-24T22:19:08","slug":"trumpin-tukema-ehdokas-voitti-hondurasin-presidentinvaalit-uutisia-lyhyesti","status":"publish","type":"post","link":"https:\/\/www.europesays.com\/fi\/125114\/","title":{"rendered":"Trumpin tukema ehdokas voitti Hondurasin presidentinvaalit | Uutisia lyhyesti"},"content":{"rendered":"<p class=\"aw-1gybjub aw-5vja16 kEtdKx kmuxyA yle__article__paragraph\">Vaalien alla Trump uhkasi leikata Yhdysvaltojen tukea Hondurasille, jos h\u00e4nen tukemansa Nasry Asfura h\u00e4vi\u00e4\u00e4 vaalit. <\/p>\n<p><img decoding=\"async\" alt=\"Hondurasin kansallispuolueen presidenttiehdokas Nasry Asfura \u00e4\u00e4nest\u00e4\u00e4.\" src=\"https:\/\/www.europesays.com\/fi\/wp-content\/uploads\/2025\/12\/39-1562059692d232c88970.jpeg\" class=\"aw-1l9m598 hKVVvP\"\/><\/p>\n<p>Avaa kuvien katselu<\/p>\n<p>Hondurasin kansallispuolueen Nasry Asfura voitti t\u00e4p\u00e4r\u00e4sti presidentinvaalit. Kuva: EPA<\/p>\n<p class=\"aw-1gybjub aw-1p7kakr kEtdKx cEmitX yle__article__paragraph\">Hondurasissa konservatiiviehdokas <strong class=\"aw-ak79eh KyCXm yle__article__strong\">Nasry Asfura<\/strong> on voittanut maan presidentinvaalit, kertoo kansallinen vaalineuvosto. Vaaliviranomaisten mukaan Asfura sai 40,3 prosenttia \u00e4\u00e4nist\u00e4 ja p\u00e4ihitti niukasti liberaalipuolueen ehdokkaan <strong class=\"aw-ak79eh KyCXm yle__article__strong\">Salvador Nasralla<\/strong>, joka sai 39,5 prosenttia \u00e4\u00e4nist\u00e4.<\/p>\n<p class=\"aw-1gybjub aw-1p7kakr kEtdKx cEmitX yle__article__paragraph\">Tulokset olivat niin tasaiset ja \u00e4\u00e4ntenlaskenta niin sekavaa, ett\u00e4 noin 15 prosenttia \u00e4\u00e4nestyslipukkeista jouduttiin laskemaan k\u00e4sin voittajan selvitt\u00e4miseksi. Vaalit pidettiin jo 30. marraskuuta.<\/p>\n<p class=\"aw-1gybjub aw-1p7kakr kEtdKx cEmitX yle__article__paragraph\">Vaalien alla Yhdysvaltain presidentti <strong class=\"aw-ak79eh KyCXm yle__article__strong\">Donald Trump<\/strong> ilmaisi tukeaan Asfuralle ja uhkasi leikata Yhdysvaltojen tukea Hondurasille, jos Asfura h\u00e4vi\u00e4\u00e4 vaalit.<\/p>\n<p class=\"aw-1gybjub aw-1p7kakr kEtdKx cEmitX yle__article__paragraph\">Trump lis\u00e4ksi ilmoitti ennen vaaleja armahtavansa Asfuran kanssa samaa puoluetta edustavan Hondurasin entisen presidentin <strong class=\"aw-ak79eh KyCXm yle__article__strong\">Juan Orlando Hernandezin<\/strong>. Hernanadez vapautui hiljattain Trumpin armahduksen my\u00f6t\u00e4 vankilasta Yhdysvalloissa, miss\u00e4 h\u00e4n oli suorittamassa 45 vuoden vankeusrangaistusta muun muassa huumerikoksista.<\/p>\n<p class=\"aw-1gybjub aw-1p7kakr kEtdKx cEmitX yle__article__paragraph\">L\u00e4hde: Reuters<\/p>\n","protected":false},"excerpt":{"rendered":"Vaalien alla Trump uhkasi leikata Yhdysvaltojen tukea Hondurasille, jos h\u00e4nen tukemansa Nasry Asfura h\u00e4vi\u00e4\u00e4 vaalit. Avaa kuvien katselu&hellip;\n","protected":false},"author":2,"featured_media":125115,"comment_status":"","ping_status":"","sticky":false,"template":"","format":"standard","meta":{"footnotes":""},"categories":[14],"tags":[22,23,26,27,33,31,30,17,19588,24,25,28,29,15,18,21,32,19,20,56,16,2196,59,60,61],"class_list":{"0":"post-125114","1":"post","2":"type-post","3":"status-publish","4":"format-standard","5":"has-post-thumbnail","7":"category-ulkomaat","8":"tag-breaking-news","9":"tag-breakingnews","10":"tag-featured-news","11":"tag-featurednews","12":"tag-fi","13":"tag-finland","14":"tag-finnish","15":"tag-headlines","16":"tag-honduras","17":"tag-latest-news","18":"tag-latestnews","19":"tag-main-news","20":"tag-mainnews","21":"tag-news","22":"tag-otsikot","23":"tag-paauutiset","24":"tag-suomi","25":"tag-top-stories","26":"tag-topstories","27":"tag-ulkomaat","28":"tag-uutiset","29":"tag-vaalit","30":"tag-world","31":"tag-world-news","32":"tag-worldnews"},"share_on_mastodon":{"url":"https:\/\/pubeurope.com\/@fi\/115776871934311641","error":""},"_links":{"self":[{"href":"https:\/\/www.europesays.com\/fi\/wp-json\/wp\/v2\/posts\/125114","targetHints":{"allow":["GET"]}}],"collection":[{"href":"https:\/\/www.europesays.com\/fi\/wp-json\/wp\/v2\/posts"}],"about":[{"href":"https:\/\/www.europesays.com\/fi\/wp-json\/wp\/v2\/types\/post"}],"author":[{"embeddable":true,"href":"https:\/\/www.europesays.com\/fi\/wp-json\/wp\/v2\/users\/2"}],"replies":[{"embeddable":true,"href":"https:\/\/www.europesays.com\/fi\/wp-json\/wp\/v2\/comments?post=125114"}],"version-history":[{"count":0,"href":"https:\/\/www.europesays.com\/fi\/wp-json\/wp\/v2\/posts\/125114\/revisions"}],"wp:featuredmedia":[{"embeddable":true,"href":"https:\/\/www.europesays.com\/fi\/wp-json\/wp\/v2\/media\/125115"}],"wp:attachment":[{"href":"https:\/\/www.europesays.com\/fi\/wp-json\/wp\/v2\/media?parent=125114"}],"wp:term":[{"taxonomy":"category","embeddable":true,"href":"https:\/\/www.europesays.com\/fi\/wp-json\/wp\/v2\/categories?post=125114"},{"taxonomy":"post_tag","embeddable":true,"href":"https:\/\/www.europesays.com\/fi\/wp-json\/wp\/v2\/tags?post=125114"}],"curies":[{"name":"wp","href":"https:\/\/api.w.org\/{rel}","templated":true}]}}