{"id":125116,"date":"2025-12-24T22:20:11","date_gmt":"2025-12-24T22:20:11","guid":{"rendered":"https:\/\/www.europesays.com\/fi\/125116\/"},"modified":"2025-12-24T22:20:11","modified_gmt":"2025-12-24T22:20:11","slug":"harvinaisen-kova-myrsky-iskee-viikonloppuna-sahkokatkot-todennakoisia","status":"publish","type":"post","link":"https:\/\/www.europesays.com\/fi\/125116\/","title":{"rendered":"Harvinaisen kova myrsky iskee viikonloppuna \u2013 S\u00e4hk\u00f6katkot todenn\u00e4k\u00f6isi\u00e4"},"content":{"rendered":"<p>Jouluviikon lopulla s\u00e4\u00e4 kylmenee ja tuulenpuuskat ovat voimakkaita.<\/p>\n<p><img decoding=\"async\" class=\"image image-show image-preview\" src=\"https:\/\/www.europesays.com\/fi\/wp-content\/uploads\/2025\/12\/0b9235159f5176a9d6aa8f2d42cb2ba3e23e29f721e81e5292cdc10948b6c6bd.jpeg\" alt=\"\"\/><img decoding=\"async\" class=\"image image-show\" src=\"https:\/\/www.europesays.com\/fi\/wp-content\/uploads\/2025\/12\/1766614809_171_0b9235159f5176a9d6aa8f2d42cb2ba3e23e29f721e81e5292cdc10948b6c6bd.jpeg\" alt=\"\"\/><\/p>\n<p>Viikonloppuna myrskypuuskat ovat mahdollisia my\u00f6s sis\u00e4maassa. Kuvituskuva. PEKKA KARHUNEN\/KL<\/p>\n<p class=\"paragraph\">Jouluviikon s\u00e4\u00e4h\u00e4n mahtuu monenlaista. Joulup\u00e4iv\u00e4 on l\u00e4mmin, mutta viikonlopuksi s\u00e4\u00e4 kylmenee ja tuulet yltyv\u00e4t myrskylukemiin.<\/p>\n<p class=\"paragraph\">Meteorologi <strong>Markus M\u00e4ntykannas<\/strong> kirjoittaa jouluviikon s\u00e4\u00e4st\u00e4 Forecan <a href=\"https:\/\/www.foreca.fi\/meteorologilta\/a8n516ep\" rel=\"noopener nofollow\" target=\"_blank\">verkkosivuilla<\/a>.<\/p>\n<p class=\"paragraph\">Joulup\u00e4iv\u00e4n\u00e4 voimakas f\u00f6hn-tuuli l\u00e4mmitt\u00e4\u00e4 Suomea. Plusasteita on luvassa Pohjois-Lappia my\u00f6ten, ja l\u00e4nsirannikolla l\u00e4mp\u00f6tila voi nousta jopa seitsem\u00e4\u00e4n asteeseen.<\/p>\n<p class=\"paragraph\">Maan pohjoisosissa ja Pohjois-Karjalassa voi tulla lumi-, r\u00e4nt\u00e4- ja vesikuuroja. Etel\u00e4ss\u00e4 iltap\u00e4iv\u00e4 on p\u00e4\u00e4osin poutainen.<\/p>\n<p class=\"paragraph\">Joulup\u00e4iv\u00e4n\u00e4 tiet voivat olla liukkaita etenkin pohjoisessa.<\/p>\n<p>Harvinaisia myrskylukemia<\/p>\n<p class=\"paragraph\">Tapaninp\u00e4iv\u00e4n\u00e4 f\u00f6hn-tuulen vaikutus alkaa hiipua. Etenkin Etel\u00e4- ja L\u00e4nsi-Suomessa on silti edelleen plusasteita, ja kaamosrajan alapuolella aurinko n\u00e4ytt\u00e4ytyy.<\/p>\n<p class=\"paragraph\">Pohjoisessa lumikuurot ovat mahdollisia, ja K\u00e4sivarren Lapissa lunta voi tapaninp\u00e4iv\u00e4n\u00e4 tulla yli 10 senttimetri\u00e4.<\/p>\n<p class=\"paragraph\">Lauantaiy\u00f6n ja -aamun aikana pohjoisessa sataa senttimetreitt\u00e4in lunta, ja ajokeli voi olla jopa eritt\u00e4in huono.<\/p>\n<p class=\"paragraph\">Lauantaip\u00e4iv\u00e4n kuluessa tuulet yltyv\u00e4t merialueilla. Iltap\u00e4iv\u00e4ll\u00e4 ja illalla l\u00e4ntisill\u00e4 merialueilla myrsky\u00e4\u00e4.<\/p>\n<p class=\"paragraph\">Yksitt\u00e4iset puuskat voivat merell\u00e4 ylt\u00e4\u00e4 hirmumyrskylukemiin, eli tuulen nopeus voi ylitt\u00e4\u00e4 33 metri\u00e4 sekunnissa. Selk\u00e4merell\u00e4 korkeimmat aallot voivat olla kymmenmetrisi\u00e4.<\/p>\n<p class=\"paragraph\">Tilastojen mukaan merialueilla esiintyy yht\u00e4 voimakkaita tuulia vain kerran kahdessa tai kolmessa vuodessa.<\/p>\n<p>Tuulituhot mahdollisia<\/p>\n<p class=\"paragraph\">Lauantai-iltana myrskypuuskat ovat sis\u00e4maassa mahdollisia L\u00e4nsi- ja Pohjois-Suomessa. Sunnuntain vastaisena y\u00f6n\u00e4 tuulten painopiste siirtyy maan etel\u00e4- ja keskiosiin.<\/p>\n<p class=\"paragraph\">L\u00e4nsirannikolla puuskat voivat olla vaarallisen voimakkaita. Tuulen nopeus puuskissa voi olla l\u00e4hes 30 metri\u00e4 sekunnissa.<\/p>\n<p class=\"paragraph\">Forecan mukaan tuulituhot ja s\u00e4hk\u00f6katkot ovat todenn\u00e4k\u00f6isi\u00e4 useassa maakunnassa. Tuhoihin kannattaa varautua etenkin l\u00e4nness\u00e4.<\/p>\n<p class=\"paragraph\">Tuuli laantuu sunnuntai-iltap\u00e4iv\u00e4n aikana. Viikonloppuna s\u00e4\u00e4 my\u00f6s kylmenee, ja pakkasia on odotettavissa Etel\u00e4-Suomea my\u00f6ten.<\/p>\n<p><a href=\"https:\/\/www.iltalehti.fi\/parassaa?storeCampaign=ArticleBottomBanner\" rel=\"nofollow noopener\" target=\"_blank\"><img decoding=\"async\" src=\"https:\/\/www.europesays.com\/fi\/wp-content\/uploads\/2025\/08\/d0fd7860228df4fdd5fd0367e49d769aa09b08189080ddc5ccdd8c31ad63aca9.png\" alt=\"IL Paras S\u00e4\u00e4 - S\u00e4\u00e4tiedot ja s\u00e4\u00e4ennusteet\"\/><\/a><\/p>\n","protected":false},"excerpt":{"rendered":"Jouluviikon lopulla s\u00e4\u00e4 kylmenee ja tuulenpuuskat ovat voimakkaita. Viikonloppuna myrskypuuskat ovat mahdollisia my\u00f6s sis\u00e4maassa. Kuvituskuva. PEKKA KARHUNEN\/KL Jouluviikon&hellip;\n","protected":false},"author":2,"featured_media":125117,"comment_status":"","ping_status":"","sticky":false,"template":"","format":"standard","meta":{"footnotes":""},"categories":[12],"tags":[35,22,23,26,27,33,31,30,17,713,24,25,28,29,715,15,18,21,710,714,1942,32,19,20,16],"class_list":{"0":"post-125116","1":"post","2":"type-post","3":"status-publish","4":"format-standard","5":"has-post-thumbnail","7":"category-suomi","8":"tag-24h","9":"tag-breaking-news","10":"tag-breakingnews","11":"tag-featured-news","12":"tag-featurednews","13":"tag-fi","14":"tag-finland","15":"tag-finnish","16":"tag-headlines","17":"tag-lampotila-saa","18":"tag-latest-news","19":"tag-latestnews","20":"tag-main-news","21":"tag-mainnews","22":"tag-meteorologia","23":"tag-news","24":"tag-otsikot","25":"tag-paauutiset","26":"tag-saa","27":"tag-saaennustus","28":"tag-sateinen-saa","29":"tag-suomi","30":"tag-top-stories","31":"tag-topstories","32":"tag-uutiset"},"share_on_mastodon":{"url":"https:\/\/pubeurope.com\/@fi\/115776875929271690","error":""},"_links":{"self":[{"href":"https:\/\/www.europesays.com\/fi\/wp-json\/wp\/v2\/posts\/125116","targetHints":{"allow":["GET"]}}],"collection":[{"href":"https:\/\/www.europesays.com\/fi\/wp-json\/wp\/v2\/posts"}],"about":[{"href":"https:\/\/www.europesays.com\/fi\/wp-json\/wp\/v2\/types\/post"}],"author":[{"embeddable":true,"href":"https:\/\/www.europesays.com\/fi\/wp-json\/wp\/v2\/users\/2"}],"replies":[{"embeddable":true,"href":"https:\/\/www.europesays.com\/fi\/wp-json\/wp\/v2\/comments?post=125116"}],"version-history":[{"count":0,"href":"https:\/\/www.europesays.com\/fi\/wp-json\/wp\/v2\/posts\/125116\/revisions"}],"wp:featuredmedia":[{"embeddable":true,"href":"https:\/\/www.europesays.com\/fi\/wp-json\/wp\/v2\/media\/125117"}],"wp:attachment":[{"href":"https:\/\/www.europesays.com\/fi\/wp-json\/wp\/v2\/media?parent=125116"}],"wp:term":[{"taxonomy":"category","embeddable":true,"href":"https:\/\/www.europesays.com\/fi\/wp-json\/wp\/v2\/categories?post=125116"},{"taxonomy":"post_tag","embeddable":true,"href":"https:\/\/www.europesays.com\/fi\/wp-json\/wp\/v2\/tags?post=125116"}],"curies":[{"name":"wp","href":"https:\/\/api.w.org\/{rel}","templated":true}]}}