{"id":125118,"date":"2025-12-24T22:21:17","date_gmt":"2025-12-24T22:21:17","guid":{"rendered":"https:\/\/www.europesays.com\/fi\/125118\/"},"modified":"2025-12-24T22:21:17","modified_gmt":"2025-12-24T22:21:17","slug":"sauli-niinistoa-odotetaan-hurstin-joulujuhlaan","status":"publish","type":"post","link":"https:\/\/www.europesays.com\/fi\/125118\/","title":{"rendered":"Sauli Niinist\u00f6\u00e4 odotetaan Hurstin joulujuhlaan"},"content":{"rendered":"<p><strong class=\"typography-bold\">Presidentti Alexander Stubb osallistui eilen v\u00e4h\u00e4varaisten joulujuhlaan Turussa.<\/strong><\/p>\n<p>Hurstin perinteist\u00e4 joulujuhlaa vietet\u00e4\u00e4n t\u00e4n\u00e4\u00e4n Helsingin Messukeskuksessa.<\/p>\n<p>Yksin\u00e4isten ja v\u00e4h\u00e4varaisten joulujuhla alkaa puoliltap\u00e4ivin, ja <a class=\"underline\" data-testid=\"external-link\" href=\"https:\/\/www.messukeskus.com\/news\/nain-syntyy-hurstinavun-perinteinen-joulujuhla\/\" rel=\"noopener noreferrer nofollow\" data-sentry-component=\"ExternalLink\" data-sentry-source-file=\"ExternalLink.tsx\" target=\"_blank\">Messukeskuksen<\/a> ovet aukeavat kello 11. Juhlaan mahtuu mukaan 2\u2009000 osallistujaa.<\/p>\n<p>Juhlassa on tarjolla jouluruokaa sek\u00e4 esityksi\u00e4. Lavalle nousevat ainakin laulaja Hanna Pakarinen sek\u00e4 yll\u00e4tysesiintyj\u00e4. Osallistujat saavat my\u00f6s ruokakassin mukaan juhlasta.<\/p>\n<p>Viime vuonna juhlaan osallistui Hurstinapu-yhdistyksen toiminnanjohtaja Sini Hurstin arvion mukaan noin 1\u2009700 ihmist\u00e4, mik\u00e4 oli kolmisensataa ihmist\u00e4 enemm\u00e4n kuin tavallisesti.<\/p>\n<p>Tapahtumaan kutsuttiin viime vuonna my\u00f6s presidentti <strong class=\"typography-bold\">Alexander Stubb<\/strong>, jota ei kuitenkaan paikalla n\u00e4hty. T\u00e4n\u00e4 vuonna h\u00e4n osallistui aatonaattona Turussa Operaatio Ruokakassin j\u00e4rjest\u00e4m\u00e4\u00e4n v\u00e4h\u00e4varaisten joulujuhlaan.<\/p>\n<p>Messukeskuksessa saatetaan t\u00e4n\u00e4\u00e4n n\u00e4hd\u00e4 presidentti Sauli Niinist\u00f6. Hurstin mukaan h\u00e4nen kanssaan on aiemmin sovittu, ett\u00e4 h\u00e4n tulee juhlaan joka toinen vuosi, joten h\u00e4nt\u00e4 odotetaan paikalle t\u00e4n\u00e4 jouluaattona.<\/p>\n<p>Messukeskuksessa j\u00e4rjestetty v\u00e4h\u00e4varaisten joulujuhla on alun perin Sini Hurstin isois\u00e4n Veikko Hurstin aloittama jouluaaton perinne, jonka j\u00e4rjest\u00e4miseen osallistuvat my\u00f6s monet vapaaehtoiset.\u00a0<\/p>\n<p>Joulujuhlaa on vietetty Messukeskuksessa vuodesta 2015 l\u00e4htien.<\/p>\n<p>1960-luvulla perustettu Hurstinapu toimii ymp\u00e4ri vuoden jakamalla ruoka- ja vaateavustuksia tarvitseville.<\/p>\n<p><strong class=\"typography-bold\">Lue my\u00f6s: <\/strong><a class=\"cursor-pointer underline\" data-testid=\"internal-link\" role=\"link\" data-sentry-element=\"Link\" data-sentry-component=\"InternalLink\" data-sentry-source-file=\"InternalLink.tsx\" href=\"https:\/\/www.mtvuutiset.fi\/artikkeli\/presidenttipari-osallistui-vahavaraisten-joulujuhlaan-turussa\/9274554\" rel=\"nofollow noopener\" target=\"_blank\"><strong class=\"typography-bold\">Presidentti Stubb vieraili v\u00e4h\u00e4varaisten joulujuhlassa Turussa<\/strong><\/a><\/p>\n","protected":false},"excerpt":{"rendered":"Presidentti Alexander Stubb osallistui eilen v\u00e4h\u00e4varaisten joulujuhlaan Turussa. Hurstin perinteist\u00e4 joulujuhlaa vietet\u00e4\u00e4n t\u00e4n\u00e4\u00e4n Helsingin Messukeskuksessa. Yksin\u00e4isten ja v\u00e4h\u00e4varaisten&hellip;\n","protected":false},"author":2,"featured_media":125119,"comment_status":"","ping_status":"","sticky":false,"template":"","format":"standard","meta":{"footnotes":""},"categories":[5],"tags":[22,23,26,27,33,31,30,17,24,25,28,29,15,18,21,32,19,20,16],"class_list":{"0":"post-125118","1":"post","2":"type-post","3":"status-publish","4":"format-standard","5":"has-post-thumbnail","7":"category-otsikot","8":"tag-breaking-news","9":"tag-breakingnews","10":"tag-featured-news","11":"tag-featurednews","12":"tag-fi","13":"tag-finland","14":"tag-finnish","15":"tag-headlines","16":"tag-latest-news","17":"tag-latestnews","18":"tag-main-news","19":"tag-mainnews","20":"tag-news","21":"tag-otsikot","22":"tag-paauutiset","23":"tag-suomi","24":"tag-top-stories","25":"tag-topstories","26":"tag-uutiset"},"share_on_mastodon":{"url":"https:\/\/pubeurope.com\/@fi\/115776879502399654","error":""},"_links":{"self":[{"href":"https:\/\/www.europesays.com\/fi\/wp-json\/wp\/v2\/posts\/125118","targetHints":{"allow":["GET"]}}],"collection":[{"href":"https:\/\/www.europesays.com\/fi\/wp-json\/wp\/v2\/posts"}],"about":[{"href":"https:\/\/www.europesays.com\/fi\/wp-json\/wp\/v2\/types\/post"}],"author":[{"embeddable":true,"href":"https:\/\/www.europesays.com\/fi\/wp-json\/wp\/v2\/users\/2"}],"replies":[{"embeddable":true,"href":"https:\/\/www.europesays.com\/fi\/wp-json\/wp\/v2\/comments?post=125118"}],"version-history":[{"count":0,"href":"https:\/\/www.europesays.com\/fi\/wp-json\/wp\/v2\/posts\/125118\/revisions"}],"wp:featuredmedia":[{"embeddable":true,"href":"https:\/\/www.europesays.com\/fi\/wp-json\/wp\/v2\/media\/125119"}],"wp:attachment":[{"href":"https:\/\/www.europesays.com\/fi\/wp-json\/wp\/v2\/media?parent=125118"}],"wp:term":[{"taxonomy":"category","embeddable":true,"href":"https:\/\/www.europesays.com\/fi\/wp-json\/wp\/v2\/categories?post=125118"},{"taxonomy":"post_tag","embeddable":true,"href":"https:\/\/www.europesays.com\/fi\/wp-json\/wp\/v2\/tags?post=125118"}],"curies":[{"name":"wp","href":"https:\/\/api.w.org\/{rel}","templated":true}]}}