{"id":125120,"date":"2025-12-24T22:33:09","date_gmt":"2025-12-24T22:33:09","guid":{"rendered":"https:\/\/www.europesays.com\/fi\/125120\/"},"modified":"2025-12-24T22:33:09","modified_gmt":"2025-12-24T22:33:09","slug":"graham-bonnet-antaa-huutia-entisen-yhtyeensa-nykykokoonpanolle","status":"publish","type":"post","link":"https:\/\/www.europesays.com\/fi\/125120\/","title":{"rendered":"Graham Bonnet antaa huutia entisen yhtyeens\u00e4 nykykokoonpanolle"},"content":{"rendered":"<p>Laulajalegenda Graham Bonnet harmittelee Alcatrazz-yhtyeen nykytilaa. Orkesterin kokoonpanossa vaikuttavat t\u00e4t\u00e4 nyky\u00e4 Giles Lavery (laulu), Joe Stump (kitara), Jimmy Waldo (koskettimet), Gary Shea (basso) sek\u00e4 Mark Benquechea (rummut).<\/p>\n<p>\u201dSe on naurettavaa\u201d, Bonnet sanoo espanjalaisen Stairway to Rockin haastattelussa. \u201dMin\u00e4 s\u00e4velsin biisit silloisten kitaristien kanssa. Joe Stumpilla ei ole mit\u00e4\u00e4n tekemist\u00e4 Alcatrazzin kanssa. Eik\u00e4 kell\u00e4\u00e4n muullakaan b\u00e4ndiss\u00e4, mik\u00e4 se nyt onkaan olevinaan. Se ei ole edes hyv\u00e4 cover-b\u00e4ndi. Se on karmeaa. N\u00e4in videoita heid\u00e4n keikaltaan ja se oli ihan naurettavaa.\u201d<\/p>\n<p>\u201dHe yritt\u00e4v\u00e4t tehd\u00e4 jotain, mik\u00e4 ei vain toimi\u201d, Bonnet jatkaa. \u201dOlen iloinen ettei se toimi, sill\u00e4 he myyv\u00e4t paitoja minun imagollani, Alcatrazz sit\u00e4 ja t\u00e4t\u00e4, sek\u00e4 minun Yngwie Malmsteenin ja Steve Vain kanssa tekemi\u00e4ni biisej\u00e4. Se ei ole heid\u00e4n musiikkiaan. B\u00e4ndi ei ole musikaalinen, eik\u00e4 kukaan sen j\u00e4senist\u00e4. Ei se ole mik\u00e4\u00e4n b\u00e4ndi.\u201d<\/p>\n<p>\u201dKosketinsoittaja ja meid\u00e4n entinen managerimme laulavat. Kuinka mets\u00e4\u00e4n voidaan oikein menn\u00e4? Mit\u00e4 helvetti\u00e4? Jos katsoo videoita niin se on ihan naurettavaa. Todella surkeaa. Minua h\u00e4vett\u00e4\u00e4 ett\u00e4 pistin b\u00e4ndin aikoinaan pystyyn Yngwien kanssa.\u201d<\/p>\n<p>\u201dSe oli hyv\u00e4 b\u00e4ndi. Alam\u00e4ki alkoi kun Yngwie l\u00e4hti. Sitten Steve Vai tuli mukaan ja homma l\u00e4hti uuteen nousuun. Se oli okei. Meill\u00e4 oli loistavia soittajia, toisin kuin nyky\u00e4\u00e4n. Kosketinsoittaja ei osaa soittaa. H\u00e4n painaa vain painiketta. H\u00e4n teeskentelee soittavansa. Kaikki tulee nauhalta.\u201d<\/p>\n<p><img loading=\"lazy\" decoding=\"async\" alt=\"YouTube video\" width=\"480\" height=\"360\" data-pin-nopin=\"true\" nopin=\"nopin\" class=\"perfmatters-lazy\" src=\"https:\/\/www.europesays.com\/fi\/wp-content\/uploads\/2025\/12\/1766615589_308_hqdefault.jpg\"\/><\/p>\n<p>Lue my\u00f6s: <a href=\"https:\/\/www.soundi.fi\/uutiskirje\/\" title=\"Tilaa Soundin uutiskirje\" class=\"underline-custom !font-montserrat !font-bold !underline-offset-4 !decoration-4 !decoration-red-600 !text-md\" rel=\"nofollow noopener\" target=\"_blank\">Tilaa Soundin uutiskirje ja tied\u00e4t mist\u00e4 kahvitauolla puhutaan! Nappaa ajankohtaiset musiikin uutiset ja puheenaiheet suoraan s\u00e4hk\u00f6postiin t\u00e4st\u00e4.<\/a><\/p>\n","protected":false},"excerpt":{"rendered":"Laulajalegenda Graham Bonnet harmittelee Alcatrazz-yhtyeen nykytilaa. Orkesterin kokoonpanossa vaikuttavat t\u00e4t\u00e4 nyky\u00e4 Giles Lavery (laulu), Joe Stump (kitara), Jimmy&hellip;\n","protected":false},"author":2,"featured_media":125121,"comment_status":"","ping_status":"","sticky":false,"template":"","format":"standard","meta":{"footnotes":""},"categories":[136],"tags":[407,137,33,31,30,408,32,109],"class_list":{"0":"post-125120","1":"post","2":"type-post","3":"status-publish","4":"format-standard","5":"has-post-thumbnail","7":"category-julkkikset","8":"tag-celebrities","9":"tag-entertainment","10":"tag-fi","11":"tag-finland","12":"tag-finnish","13":"tag-julkkikset","14":"tag-suomi","15":"tag-viihde"},"share_on_mastodon":{"url":"https:\/\/pubeurope.com\/@fi\/115776927009727167","error":""},"_links":{"self":[{"href":"https:\/\/www.europesays.com\/fi\/wp-json\/wp\/v2\/posts\/125120","targetHints":{"allow":["GET"]}}],"collection":[{"href":"https:\/\/www.europesays.com\/fi\/wp-json\/wp\/v2\/posts"}],"about":[{"href":"https:\/\/www.europesays.com\/fi\/wp-json\/wp\/v2\/types\/post"}],"author":[{"embeddable":true,"href":"https:\/\/www.europesays.com\/fi\/wp-json\/wp\/v2\/users\/2"}],"replies":[{"embeddable":true,"href":"https:\/\/www.europesays.com\/fi\/wp-json\/wp\/v2\/comments?post=125120"}],"version-history":[{"count":0,"href":"https:\/\/www.europesays.com\/fi\/wp-json\/wp\/v2\/posts\/125120\/revisions"}],"wp:featuredmedia":[{"embeddable":true,"href":"https:\/\/www.europesays.com\/fi\/wp-json\/wp\/v2\/media\/125121"}],"wp:attachment":[{"href":"https:\/\/www.europesays.com\/fi\/wp-json\/wp\/v2\/media?parent=125120"}],"wp:term":[{"taxonomy":"category","embeddable":true,"href":"https:\/\/www.europesays.com\/fi\/wp-json\/wp\/v2\/categories?post=125120"},{"taxonomy":"post_tag","embeddable":true,"href":"https:\/\/www.europesays.com\/fi\/wp-json\/wp\/v2\/tags?post=125120"}],"curies":[{"name":"wp","href":"https:\/\/api.w.org\/{rel}","templated":true}]}}