{"id":125126,"date":"2025-12-24T22:41:10","date_gmt":"2025-12-24T22:41:10","guid":{"rendered":"https:\/\/www.europesays.com\/fi\/125126\/"},"modified":"2025-12-24T22:41:10","modified_gmt":"2025-12-24T22:41:10","slug":"terasleidit-kuin-viimeista-paivaa-elokuvan-arvostelu","status":"publish","type":"post","link":"https:\/\/www.europesays.com\/fi\/125126\/","title":{"rendered":"Ter\u00e4sleidit \u2013 kuin viimeist\u00e4 p\u00e4iv\u00e4\u00e4 \u2013 elokuvan arvostelu"},"content":{"rendered":"<p>Koronavuonna 2020 ensi-iltansa saanut <strong>Pamela Tolan<\/strong> ohjaama Ter\u00e4sleidit oli menestys. Se oli vuoden katsotuin ensi-iltaelokuva ja ker\u00e4si my\u00f6s useita Jussi-ehdokkuuksia. Ei siis ihme, ett\u00e4 motivaatio jatko-osan tekemiseen oli korkealla.<\/p>\n<p>Ter\u00e4sleidit \u2013 kuin viimeist\u00e4 p\u00e4iv\u00e4\u00e4 jatkaa itsen\u00e4isen\u00e4 elokuvana tuttujen ter\u00e4sleidien \u2013 ja uusien tuttavuuksien \u2013 seikkailuja naiseuden, vanhenemisen ja el\u00e4m\u00e4n kipeiden hetkien muistelujen kiemuroissa.<\/p>\n<p>Inkeri (<strong>Leena Uotila<\/strong>) kuulee vastaanotolla vahingossa l\u00e4\u00e4k\u00e4rin toteavan hoitajalle, ettei elinaikaa ole en\u00e4\u00e4 paljoa j\u00e4ljell\u00e4. <strong>Pirjo Lonkan<\/strong> esitt\u00e4m\u00e4 Inkerin ratkaisukeskeinen tyt\u00e4r Maija ottaa teht\u00e4v\u00e4kseen \u00e4itins\u00e4 saattohoitamisen, vaikka sitten v\u00e4kisin. Inkerill\u00e4 on kuitenkin muuta mieless\u00e4\u00e4n.<\/p>\n<p>H\u00e4n pakenee palvelutalosta viimeiselle matkalleen leidien ja mukaan tarttuneen salaper\u00e4isen Matin (<strong>Eero Saarinen<\/strong>) kanssa. Viimeisen\u00e4 tekonaan Inkeri aikoo katkaista tulehtuneen \u00e4iti-tyt\u00e4r-suhteen kierteen ja pelastaa Maijan toistamasta tekemi\u00e4\u00e4n virheit\u00e4. Sitten h\u00e4n aikoo heitt\u00e4yty\u00e4 i\u00e4ksi J\u00e4\u00e4mereen.<\/p>\n<p>Ohjaus nojaa vahvasti visuaalisiin ratkaisuihin, keskeisimp\u00e4n\u00e4 niist\u00e4 valotuksen k\u00e4ytt\u00f6 kerronnassa. Keltainen, jopa \u00e4ll\u00f6tt\u00e4v\u00e4 valo ahdistaa katsojaa juuri oikealla tavalla. \u201cValoa kohti\u201d -hetket puolestaan kevent\u00e4v\u00e4t kokonaisuutta ja tukevat huumoria. Tiukat l\u00e4hikuvat antavat selke\u00e4n k\u00e4sityksen tarinan tunteellisista teemoista. Taustamusiikki kuljettaa Tolan, <strong>Aleksi Bardyn<\/strong> ja <strong>Karoliina Lindgrenin<\/strong> k\u00e4sikirjoitusta hienovaraisesti.<\/p>\n<p>Juoni tuntuu paikoin ennalta-arvattavalta mutta osaa my\u00f6s yll\u00e4tt\u00e4\u00e4 hauskoilla ratkaisuillaan. Musta huumori ajaa elokuvaa. Se j\u00e4\u00e4 v\u00e4lill\u00e4 draaman alle, mutta iskee rivien v\u00e4list\u00e4 nokkelasti juuri oikeilla hetkill\u00e4\u00e4n ja naurattaa. <strong>Antti Reikon<\/strong> leikkaus ja <strong>Aarne Tapolan<\/strong> kuvaus tekev\u00e4t moitteetonta yhteisty\u00f6t\u00e4 luontevan rytmityksen ja komediallisen rakenteen yll\u00e4pit\u00e4miseksi.<\/p>\n<p>Uotilan impulsiivinen Inkeri ja <strong>Seela Sellan<\/strong> sarkastinen Raili tuovat tarinaan loistavaa inhimillisyytt\u00e4. Heid\u00e4n v\u00e4lisen suhteensa syventyminen avaa hahmojen sis\u00e4isi\u00e4 maailmoja ja menneisyytt\u00e4 entisest\u00e4\u00e4n. Uutena lis\u00e4yksen\u00e4 pullantuoksuinen Kerttu (<strong>Sanna-Kaisa Puro<\/strong>) tarjoilee maanl\u00e4heist\u00e4 j\u00e4rkevyytt\u00e4 ja sovittelijan roolia kierroksilla k\u00e4yville sisaruksille. Rooleihinsa palaavat <strong>Jani Volanen<\/strong>, <strong>Linnea Skog<\/strong>, <strong>Noa Tola<\/strong> ja <strong>Heikki Nousiainen<\/strong>.<\/p>\n<p>Nea Pietil\u00e4inen<\/p>\n<p>                                                            Ter\u00e4sleidit \u2013 kuin viimeist\u00e4 p\u00e4iv\u00e4\u00e4 -elokuvan traileri<br \/>\n                                <img loading=\"lazy\" decoding=\"async\" alt=\"YouTube video\" width=\"480\" height=\"360\" data-pin-nopin=\"true\" nopin=\"nopin\" class=\"perfmatters-lazy\" src=\"https:\/\/www.europesays.com\/fi\/wp-content\/uploads\/2025\/10\/1760573591_590_hqdefault.jpg\"\/>                                                        <\/p>\n","protected":false},"excerpt":{"rendered":"Koronavuonna 2020 ensi-iltansa saanut Pamela Tolan ohjaama Ter\u00e4sleidit oli menestys. Se oli vuoden katsotuin ensi-iltaelokuva ja ker\u00e4si my\u00f6s&hellip;\n","protected":false},"author":2,"featured_media":125127,"comment_status":"","ping_status":"","sticky":false,"template":"","format":"standard","meta":{"footnotes":""},"categories":[130],"tags":[137,33,31,30,32,109],"class_list":{"0":"post-125126","1":"post","2":"type-post","3":"status-publish","4":"format-standard","5":"has-post-thumbnail","7":"category-viihde","8":"tag-entertainment","9":"tag-fi","10":"tag-finland","11":"tag-finnish","12":"tag-suomi","13":"tag-viihde"},"share_on_mastodon":{"url":"https:\/\/pubeurope.com\/@fi\/115776958486922833","error":""},"_links":{"self":[{"href":"https:\/\/www.europesays.com\/fi\/wp-json\/wp\/v2\/posts\/125126","targetHints":{"allow":["GET"]}}],"collection":[{"href":"https:\/\/www.europesays.com\/fi\/wp-json\/wp\/v2\/posts"}],"about":[{"href":"https:\/\/www.europesays.com\/fi\/wp-json\/wp\/v2\/types\/post"}],"author":[{"embeddable":true,"href":"https:\/\/www.europesays.com\/fi\/wp-json\/wp\/v2\/users\/2"}],"replies":[{"embeddable":true,"href":"https:\/\/www.europesays.com\/fi\/wp-json\/wp\/v2\/comments?post=125126"}],"version-history":[{"count":0,"href":"https:\/\/www.europesays.com\/fi\/wp-json\/wp\/v2\/posts\/125126\/revisions"}],"wp:featuredmedia":[{"embeddable":true,"href":"https:\/\/www.europesays.com\/fi\/wp-json\/wp\/v2\/media\/125127"}],"wp:attachment":[{"href":"https:\/\/www.europesays.com\/fi\/wp-json\/wp\/v2\/media?parent=125126"}],"wp:term":[{"taxonomy":"category","embeddable":true,"href":"https:\/\/www.europesays.com\/fi\/wp-json\/wp\/v2\/categories?post=125126"},{"taxonomy":"post_tag","embeddable":true,"href":"https:\/\/www.europesays.com\/fi\/wp-json\/wp\/v2\/tags?post=125126"}],"curies":[{"name":"wp","href":"https:\/\/api.w.org\/{rel}","templated":true}]}}