{"id":125128,"date":"2025-12-24T22:45:12","date_gmt":"2025-12-24T22:45:12","guid":{"rendered":"https:\/\/www.europesays.com\/fi\/125128\/"},"modified":"2025-12-24T22:45:12","modified_gmt":"2025-12-24T22:45:12","slug":"epstein-papereiden-julkistus-venyy-syynissa-yli-miljoona-uutta-asiakirjaa-uutisia-lyhyesti","status":"publish","type":"post","link":"https:\/\/www.europesays.com\/fi\/125128\/","title":{"rendered":"Epstein-papereiden julkistus venyy \u2013 syyniss\u00e4 yli miljoona uutta asiakirjaa | Uutisia lyhyesti"},"content":{"rendered":"<p class=\"aw-1gybjub aw-5vja16 kEtdKx kmuxyA yle__article__paragraph\">Oikeusministeri\u00f6n mukaan lakimiehet tekev\u00e4t jatkuvasti t\u00f6it\u00e4, jotta paperit saadaan k\u00e4yty\u00e4 l\u00e4pi.<\/p>\n<p><img decoding=\"async\" alt=\"Epstein-asiakirjoja. Ylimm\u00e4ss\u00e4 logo ja teksti &quot; Department of Justice&quot;.\" src=\"https:\/\/www.europesays.com\/fi\/wp-content\/uploads\/2025\/12\/39-15730276946a2aaa96a5.jpeg\" class=\"aw-1l9m598 hKVVvP\"\/><\/p>\n<p>Avaa kuvien katselu<\/p>\n<p>Yhdysvaltain oikeusministeri\u00f6 perkaa parhaillaan valtavaa paperikasaa. Kuva: Mandel Ngan \/ AFP<\/p>\n<p>24.12. 21:41\u2022P\u00e4ivitetty 24.12. 21:49<\/p>\n<p class=\"aw-1gybjub aw-1p7kakr kEtdKx cEmitX yle__article__paragraph\">Loppujen Epstein-asiakirjojen julkistusta voidaan joutua odottamaan viel\u00e4 muutama viikko, kertoo Yhdysvaltain oikeusministeri\u00f6. Viiv\u00e4stys johtuu valtavasta m\u00e4\u00e4r\u00e4st\u00e4 uusia dokumentteja.<\/p>\n<p class=\"aw-1gybjub aw-1p7kakr kEtdKx cEmitX yle__article__paragraph\">Oikeusministeri\u00f6 toteaa, ett\u00e4 newyorkilainen syytt\u00e4j\u00e4nvirasto ja liittovaltion poliisi FBI ovat l\u00f6yt\u00e4neet yli miljoona asiakirjaa, jotka saattavat kytkeyty\u00e4 liikemies <strong class=\"aw-ak79eh KyCXm yle__article__strong\">Jeffrey Epsteinin<\/strong> tekemiin seksuaalirikoksiin. Ministeri\u00f6 ei t\u00e4smenn\u00e4, milloin se sai tiet\u00e4\u00e4 n\u00e4ist\u00e4 uusista asiakirjoista.<\/p>\n<p class=\"aw-1gybjub aw-1p7kakr kEtdKx cEmitX yle__article__paragraph\">Kongressin asettama takaraja julkistamiselle umpeutui jo joulukuun 19. p\u00e4iv\u00e4. Oikeusministeri\u00f6n mukaan sen lakimiehet tekev\u00e4t t\u00f6it\u00e4 kellon ymp\u00e4ri, jotta paperit saadaan k\u00e4yty\u00e4 l\u00e4pi ja niihin tehty\u00e4 lain vaatimat sensuroinnit.<\/p>\n<p class=\"aw-1gybjub aw-1p7kakr kEtdKx cEmitX yle__article__paragraph\">Joistakin t\u00e4h\u00e4n menness\u00e4 julkistetuista asiakirjoista on sumennettu teksti\u00e4 ja valokuvista peitetty ihmisten kasvoja.<\/p>\n<p class=\"aw-1gybjub aw-1p7kakr kEtdKx cEmitX yle__article__paragraph\">My\u00f6s Yle on k\u00e4ynyt l\u00e4pi aineistoa. T\u00e4h\u00e4n menness\u00e4 julkistetuista asiakirjoista on l\u00f6ytynyt <a class=\"aw-iao6s4 iHOxEa yle__article__link\" href=\"https:\/\/yle.fi\/a\/74-20201343\" role=\"link\" rel=\"nofollow noopener\" target=\"_blank\">esimerkiksi suomalaissyntyisen liikemies<\/a> <strong class=\"aw-ak79eh KyCXm yle__article__strong\">Peter Nyg\u00e5rdin<\/strong> nimi.<\/p>\n<p class=\"aw-1gybjub aw-1p7kakr kEtdKx cEmitX yle__article__paragraph\">L\u00e4hde: AP, Reuters<\/p>\n","protected":false},"excerpt":{"rendered":"Oikeusministeri\u00f6n mukaan lakimiehet tekev\u00e4t jatkuvasti t\u00f6it\u00e4, jotta paperit saadaan k\u00e4yty\u00e4 l\u00e4pi. Avaa kuvien katselu Yhdysvaltain oikeusministeri\u00f6 perkaa parhaillaan&hellip;\n","protected":false},"author":2,"featured_media":121627,"comment_status":"","ping_status":"","sticky":false,"template":"","format":"standard","meta":{"footnotes":""},"categories":[14],"tags":[22,23,26,27,33,31,30,17,11121,24,25,28,29,15,1915,18,21,4353,32,19,20,56,16,59,60,61,619],"class_list":{"0":"post-125128","1":"post","2":"type-post","3":"status-publish","4":"format-standard","5":"has-post-thumbnail","7":"category-ulkomaat","8":"tag-breaking-news","9":"tag-breakingnews","10":"tag-featured-news","11":"tag-featurednews","12":"tag-fi","13":"tag-finland","14":"tag-finnish","15":"tag-headlines","16":"tag-jeffrey-epstein","17":"tag-latest-news","18":"tag-latestnews","19":"tag-main-news","20":"tag-mainnews","21":"tag-news","22":"tag-oikeus","23":"tag-otsikot","24":"tag-paauutiset","25":"tag-seksuaalirikokset","26":"tag-suomi","27":"tag-top-stories","28":"tag-topstories","29":"tag-ulkomaat","30":"tag-uutiset","31":"tag-world","32":"tag-world-news","33":"tag-worldnews","34":"tag-yhdysvallat"},"share_on_mastodon":{"url":"https:\/\/pubeurope.com\/@fi\/115776974169540393","error":""},"_links":{"self":[{"href":"https:\/\/www.europesays.com\/fi\/wp-json\/wp\/v2\/posts\/125128","targetHints":{"allow":["GET"]}}],"collection":[{"href":"https:\/\/www.europesays.com\/fi\/wp-json\/wp\/v2\/posts"}],"about":[{"href":"https:\/\/www.europesays.com\/fi\/wp-json\/wp\/v2\/types\/post"}],"author":[{"embeddable":true,"href":"https:\/\/www.europesays.com\/fi\/wp-json\/wp\/v2\/users\/2"}],"replies":[{"embeddable":true,"href":"https:\/\/www.europesays.com\/fi\/wp-json\/wp\/v2\/comments?post=125128"}],"version-history":[{"count":0,"href":"https:\/\/www.europesays.com\/fi\/wp-json\/wp\/v2\/posts\/125128\/revisions"}],"wp:featuredmedia":[{"embeddable":true,"href":"https:\/\/www.europesays.com\/fi\/wp-json\/wp\/v2\/media\/121627"}],"wp:attachment":[{"href":"https:\/\/www.europesays.com\/fi\/wp-json\/wp\/v2\/media?parent=125128"}],"wp:term":[{"taxonomy":"category","embeddable":true,"href":"https:\/\/www.europesays.com\/fi\/wp-json\/wp\/v2\/categories?post=125128"},{"taxonomy":"post_tag","embeddable":true,"href":"https:\/\/www.europesays.com\/fi\/wp-json\/wp\/v2\/tags?post=125128"}],"curies":[{"name":"wp","href":"https:\/\/api.w.org\/{rel}","templated":true}]}}