{"id":125138,"date":"2025-12-24T23:11:10","date_gmt":"2025-12-24T23:11:10","guid":{"rendered":"https:\/\/www.europesays.com\/fi\/125138\/"},"modified":"2025-12-24T23:11:10","modified_gmt":"2025-12-24T23:11:10","slug":"trumpin-nimen-lisaaminen-rakennukseen-johti-kennedy-centerin-jouluaaton-jazzkonsertin-perumiseen-uutisia-lyhyesti","status":"publish","type":"post","link":"https:\/\/www.europesays.com\/fi\/125138\/","title":{"rendered":"Trumpin nimen lis\u00e4\u00e4minen rakennukseen johti Kennedy Centerin jouluaaton jazzkonsertin perumiseen | Uutisia lyhyesti"},"content":{"rendered":"<p class=\"aw-1gybjub aw-5vja16 kEtdKx kmuxyA yle__article__paragraph\">Perinteisen jazzkonsertin perumisesta kertoi tapahtumaa vuodesta 2006 luotsannut muusikko Chuck Redd uutistoimisto AP:lle.<\/p>\n<p><img decoding=\"async\" alt=\"Trumpin nimi lis\u00e4ttiin Washingtonissa sijaitsevan John F. Kennedy Centerin kylkeen viime perjantaina.\" src=\"https:\/\/www.europesays.com\/fi\/wp-content\/uploads\/2025\/12\/39-1574385694c6b5b10591.jpeg\" class=\"aw-1l9m598 hKVVvP\"\/><\/p>\n<p>Avaa kuvien katselu<\/p>\n<p>Trumpin nimi lis\u00e4ttiin Washingtonissa sijaitsevan John F. Kennedy Centerin kylkeen viime perjantaina. Kuva: Bonnie Cash\/UPI\/Shutterstock\/All Over Press<\/p>\n<p class=\"aw-1gybjub aw-1p7kakr kEtdKx cEmitX yle__article__paragraph\">Kennedy-kultturikeskuksessa joka jouluaatto j\u00e4rjestett\u00e4v\u00e4 perinteinen jazzkonsertti on peruttu. Tapahtuman vet\u00e4j\u00e4, muusikko <strong class=\"aw-ak79eh KyCXm yle__article__strong\">Chuck Redd<\/strong>, kertoo peruneensa esityksen sen j\u00e4lkeen, kun Valkoinen talo ilmoitti viime viikolla, ett\u00e4 presidentti <strong class=\"aw-ak79eh KyCXm yle__article__strong\">Donald Trumpin<\/strong> nimi lis\u00e4t\u00e4\u00e4n rakennukseen.<\/p>\n<p class=\"aw-1gybjub aw-1p7kakr kEtdKx cEmitX yle__article__paragraph\">\u2013 Kun n\u00e4in nimenmuutoksen Kennedy Centerin verkkosivuilla ja muutamaa tuntia my\u00f6hemmin rakennuksen julkisivussa, p\u00e4\u00e4tin perua konserttimme, Redd kertoi uutistoimisto AP:lle s\u00e4hk\u00f6postitse keskiviikkona.<\/p>\n<p class=\"aw-1gybjub aw-1p7kakr kEtdKx cEmitX yle__article__paragraph\">Redd, rumpali ja vibrafonisti, on toiminut Kennedy Centerin jouluaattoisin j\u00e4rjestett\u00e4v\u00e4n \u201dJazz Jam\u201d -konsertin vet\u00e4j\u00e4n\u00e4 vuodesta 2006.<\/p>\n<p class=\"aw-1gybjub aw-1p7kakr kEtdKx cEmitX yle__article__paragraph\">Kennedy-kulttuurikeskuksen hallitus nimesi perjantaina presidentti <strong class=\"aw-ak79eh KyCXm yle__article__strong\">John F. Kennedyn<\/strong> mukaan nimetyn keskuksen Trump-Kennedy Centeriksi. Monet asiantuntijat pit\u00e4v\u00e4t toimenpidett\u00e4 lainvastaisena.<\/p>\n<p class=\"aw-1gybjub aw-1p7kakr kEtdKx cEmitX yle__article__paragraph\">Uutistoimisto Reutersin mukaan Trump t\u00e4ytti aiemmin t\u00e4n\u00e4 vuonna Kennedy Centerin hallituksen liittolaisillaan laajamittaisen vallanvaihdon yhteydess\u00e4.<\/p>\n<p class=\"aw-1gybjub aw-1p7kakr kEtdKx cEmitX yle__article__paragraph\">L\u00e4hde: AP<\/p>\n","protected":false},"excerpt":{"rendered":"Perinteisen jazzkonsertin perumisesta kertoi tapahtumaa vuodesta 2006 luotsannut muusikko Chuck Redd uutistoimisto AP:lle. Avaa kuvien katselu Trumpin nimi&hellip;\n","protected":false},"author":2,"featured_media":125139,"comment_status":"","ping_status":"","sticky":false,"template":"","format":"standard","meta":{"footnotes":""},"categories":[14],"tags":[22,23,26,27,33,31,30,17,24,25,28,29,15,18,21,32,19,20,56,16,59,60,61,619],"class_list":{"0":"post-125138","1":"post","2":"type-post","3":"status-publish","4":"format-standard","5":"has-post-thumbnail","7":"category-ulkomaat","8":"tag-breaking-news","9":"tag-breakingnews","10":"tag-featured-news","11":"tag-featurednews","12":"tag-fi","13":"tag-finland","14":"tag-finnish","15":"tag-headlines","16":"tag-latest-news","17":"tag-latestnews","18":"tag-main-news","19":"tag-mainnews","20":"tag-news","21":"tag-otsikot","22":"tag-paauutiset","23":"tag-suomi","24":"tag-top-stories","25":"tag-topstories","26":"tag-ulkomaat","27":"tag-uutiset","28":"tag-world","29":"tag-world-news","30":"tag-worldnews","31":"tag-yhdysvallat"},"share_on_mastodon":{"url":"https:\/\/pubeurope.com\/@fi\/115777076577936773","error":""},"_links":{"self":[{"href":"https:\/\/www.europesays.com\/fi\/wp-json\/wp\/v2\/posts\/125138","targetHints":{"allow":["GET"]}}],"collection":[{"href":"https:\/\/www.europesays.com\/fi\/wp-json\/wp\/v2\/posts"}],"about":[{"href":"https:\/\/www.europesays.com\/fi\/wp-json\/wp\/v2\/types\/post"}],"author":[{"embeddable":true,"href":"https:\/\/www.europesays.com\/fi\/wp-json\/wp\/v2\/users\/2"}],"replies":[{"embeddable":true,"href":"https:\/\/www.europesays.com\/fi\/wp-json\/wp\/v2\/comments?post=125138"}],"version-history":[{"count":0,"href":"https:\/\/www.europesays.com\/fi\/wp-json\/wp\/v2\/posts\/125138\/revisions"}],"wp:featuredmedia":[{"embeddable":true,"href":"https:\/\/www.europesays.com\/fi\/wp-json\/wp\/v2\/media\/125139"}],"wp:attachment":[{"href":"https:\/\/www.europesays.com\/fi\/wp-json\/wp\/v2\/media?parent=125138"}],"wp:term":[{"taxonomy":"category","embeddable":true,"href":"https:\/\/www.europesays.com\/fi\/wp-json\/wp\/v2\/categories?post=125138"},{"taxonomy":"post_tag","embeddable":true,"href":"https:\/\/www.europesays.com\/fi\/wp-json\/wp\/v2\/tags?post=125138"}],"curies":[{"name":"wp","href":"https:\/\/api.w.org\/{rel}","templated":true}]}}