{"id":12514,"date":"2025-08-21T21:49:07","date_gmt":"2025-08-21T21:49:07","guid":{"rendered":"https:\/\/www.europesays.com\/fi\/12514\/"},"modified":"2025-08-21T21:49:07","modified_gmt":"2025-08-21T21:49:07","slug":"trumpin-haukkuminen-jatkuu-south-park-tekee-pilaa-pressan-pienesta-pippelista-seka-seksista-saatanan-kanssa","status":"publish","type":"post","link":"https:\/\/www.europesays.com\/fi\/12514\/","title":{"rendered":"Trumpin haukkuminen jatkuu: South Park tekee pilaa pressan pienest\u00e4 pippelist\u00e4 sek\u00e4 seksist\u00e4 saatanan kanssa"},"content":{"rendered":"<p>South Parkin 27. kaudesta on tulossa legendaarinen. Kolmas jakso on nimelt\u00e4\u00e4n Sickofancy, ja siin\u00e4 hakataan presidentti <strong>Donald Trumpia<\/strong> taas olan takaa.<\/p>\n<p>T\u00e4ll\u00e4 kertaa seikkailuissa ovat mukana my\u00f6s Facebookin toimitusjohtaja<strong> Mark Zuckerberg<\/strong> sek\u00e4 Applen toimitusjohtaja <strong>Tim Cook.<\/strong><\/p>\n<p>Lue my\u00f6s: <a href=\"https:\/\/www.episodi.fi\/uutiset\/schwarzenegger-haukkui-donald-trumpin-pieneksi-maraksi-nuudeliksi-ja-putinin-fanipojuksi\/\" title=\"Schwarzenegger haukkui Donald Trumpin \u201dpieneksi m\u00e4r\u00e4ksi nuudeliksi\u201d ja Putinin fanipojuksi\" class=\"underline-custom !font-montserrat !font-bold !underline-offset-4 !decoration-4 !decoration-episodi-blue !text-md\" rel=\"nofollow noopener\" target=\"_blank\">Schwarzenegger haukkui Donald Trumpin \u201dpieneksi m\u00e4r\u00e4ksi nuudeliksi\u201d ja Putinin fanipojuksi<\/a><\/p>\n<p>Lue my\u00f6s: <a href=\"https:\/\/www.episodi.fi\/uutiset\/south-park-jatkaa-donald-trumpin-hakkaamista-seikkailija-dora-myydaan-seksiorjaksi-mar-a-lago-saarelle\/\" title=\"South Park jatkaa Donald Trumpin hakkaamista: Seikkailija Dora myyd\u00e4\u00e4n seksiorjaksi Mar-A-Lago-saarelle\" class=\"underline-custom !font-montserrat !font-bold !underline-offset-4 !decoration-4 !decoration-episodi-blue !text-md\" rel=\"nofollow noopener\" target=\"_blank\">South Park jatkaa Donald Trumpin hakkaamista: Seikkailija Dora myyd\u00e4\u00e4n seksiorjaksi Mar-A-Lago-saarelle<\/a><\/p>\n<p>Jaksossa pilaillaan Trumpin mikropeniksell\u00e4 sek\u00e4 kohtauksella, jossa Trump vonkaa saatanalta seksi\u00e4, jota h\u00e4n haluaisi pirist\u00e4\u00e4 Applen lahjaa seksileluna.<\/p>\n<p>Towelie tekee my\u00f6s paluun, koska hamppukauppa kannattaa.<\/p>\n<p>Kauden ensimm\u00e4iset kaksi jaksoa ovat sarjan puhutuimpia vuosikausiin. Ep\u00e4ilemme, ett\u00e4 sama meno jatkuu kauden loppuun \u2013 mik\u00e4li Trump ei polta oikein kunnolla pelihousujaan ja m\u00e4\u00e4r\u00e4\u00e4 jonkinlaista bannia koko sarjalle tai Paramoutn Plus -suoratoistopalvelulle.<\/p>\n<p>Ehk\u00e4 sielt\u00e4 on tulossa sadan prosentin tullit?<\/p>\n<p>Toivottavasti uusi kausi n\u00e4hd\u00e4\u00e4n pian my\u00f6s Suomessa.<\/p>\n<p><img loading=\"lazy\" decoding=\"async\" alt=\"YouTube video\" width=\"480\" height=\"360\" data-pin-nopin=\"true\" nopin=\"nopin\" class=\"perfmatters-lazy\" src=\"https:\/\/www.europesays.com\/fi\/wp-content\/uploads\/2025\/08\/1755812947_910_hqdefault.jpg\"\/><\/p>\n<p>L\u00e4hde: <a href=\"https:\/\/variety.com\/2025\/tv\/news\/south-park-trump-penis-mark-zuckerberg-tim-cook-1236493654\/\" target=\"_blank\" rel=\"noreferrer noopener nofollow\">Variety<\/a><\/p>\n<p>Lue my\u00f6s: <a href=\"https:\/\/www.episodi.fi\/uutiskirje\" title=\"Tilaa Episodin uutiskirje ja tied\u00e4t mit\u00e4 katsoa! Nappaa tv-vinkit suoraan s\u00e4hk\u00f6postiin t\u00e4st\u00e4.\" class=\"underline-custom !font-montserrat !font-bold !underline-offset-4 !decoration-4 !decoration-episodi-blue !text-md\" rel=\"nofollow noopener\" target=\"_blank\">Tilaa Episodin uutiskirje ja tied\u00e4t mit\u00e4 katsoa! Nappaa katseluvinkit suoraan s\u00e4hk\u00f6postiin t\u00e4st\u00e4.<\/a><\/p>\n","protected":false},"excerpt":{"rendered":"South Parkin 27. kaudesta on tulossa legendaarinen. Kolmas jakso on nimelt\u00e4\u00e4n Sickofancy, ja siin\u00e4 hakataan presidentti Donald Trumpia&hellip;\n","protected":false},"author":2,"featured_media":12515,"comment_status":"","ping_status":"","sticky":false,"template":"","format":"standard","meta":{"footnotes":""},"categories":[130],"tags":[585,137,33,31,30,5306,1370,32,5307,109],"class_list":{"0":"post-12514","1":"post","2":"type-post","3":"status-publish","4":"format-standard","5":"has-post-thumbnail","7":"category-viihde","8":"tag-donald-trump","9":"tag-entertainment","10":"tag-fi","11":"tag-finland","12":"tag-finnish","13":"tag-mark-zuckerberg","14":"tag-south-park","15":"tag-suomi","16":"tag-tim-cook","17":"tag-viihde"},"share_on_mastodon":{"url":"","error":""},"_links":{"self":[{"href":"https:\/\/www.europesays.com\/fi\/wp-json\/wp\/v2\/posts\/12514","targetHints":{"allow":["GET"]}}],"collection":[{"href":"https:\/\/www.europesays.com\/fi\/wp-json\/wp\/v2\/posts"}],"about":[{"href":"https:\/\/www.europesays.com\/fi\/wp-json\/wp\/v2\/types\/post"}],"author":[{"embeddable":true,"href":"https:\/\/www.europesays.com\/fi\/wp-json\/wp\/v2\/users\/2"}],"replies":[{"embeddable":true,"href":"https:\/\/www.europesays.com\/fi\/wp-json\/wp\/v2\/comments?post=12514"}],"version-history":[{"count":0,"href":"https:\/\/www.europesays.com\/fi\/wp-json\/wp\/v2\/posts\/12514\/revisions"}],"wp:featuredmedia":[{"embeddable":true,"href":"https:\/\/www.europesays.com\/fi\/wp-json\/wp\/v2\/media\/12515"}],"wp:attachment":[{"href":"https:\/\/www.europesays.com\/fi\/wp-json\/wp\/v2\/media?parent=12514"}],"wp:term":[{"taxonomy":"category","embeddable":true,"href":"https:\/\/www.europesays.com\/fi\/wp-json\/wp\/v2\/categories?post=12514"},{"taxonomy":"post_tag","embeddable":true,"href":"https:\/\/www.europesays.com\/fi\/wp-json\/wp\/v2\/tags?post=12514"}],"curies":[{"name":"wp","href":"https:\/\/api.w.org\/{rel}","templated":true}]}}