{"id":125140,"date":"2025-12-24T23:12:11","date_gmt":"2025-12-24T23:12:11","guid":{"rendered":"https:\/\/www.europesays.com\/fi\/125140\/"},"modified":"2025-12-24T23:12:11","modified_gmt":"2025-12-24T23:12:11","slug":"hautausmaalla-kadonnut-nainen-on-loytynyt","status":"publish","type":"post","link":"https:\/\/www.europesays.com\/fi\/125140\/","title":{"rendered":"Hautausmaalla kadonnut nainen on l\u00f6ytynyt"},"content":{"rendered":"<p>Poliisi kiitt\u00e4\u00e4 Vapepaa etsinn\u00f6ist\u00e4.<\/p>\n<p>24.12. 23:13<\/p>\n<p class=\"article-body mb-nof-24 px-nof-16\">Aatonaattona hautausmaalta Raumalla kadonnut nainen on l\u00f6ytynyt.<\/p>\n<p class=\"article-body mb-nof-24 px-nof-16\">Poliisin mukaan Vapaaehtoinen pelastuspalvelu l\u00f6ysi naisen hieman ennen iltayht\u00e4toista jouluaattona.<\/p>\n<p class=\"article-body mb-nof-24 px-nof-16\">Nainen l\u00f6ytyi pahasti kylmettyneen\u00e4, noin 3 kilometri\u00e4 etel\u00e4\u00e4n katoamispaikaltaan.<\/p>\n<p class=\"article-body mb-nof-24 px-nof-16\">Ensihoito toimitti naisen hoitoon.<\/p>\n<p class=\"article-body mb-nof-24 px-nof-16\">Poliisi kiitt\u00e4\u00e4 Vapepaa etsinn\u00f6ist\u00e4, heid\u00e4n ansiostaan kadonnut l\u00f6ytyi ja h\u00e4net saatiin ajoissa hoitoon.<\/p>\n","protected":false},"excerpt":{"rendered":"Poliisi kiitt\u00e4\u00e4 Vapepaa etsinn\u00f6ist\u00e4. 24.12. 23:13 Aatonaattona hautausmaalta Raumalla kadonnut nainen on l\u00f6ytynyt. Poliisin mukaan Vapaaehtoinen pelastuspalvelu l\u00f6ysi&hellip;\n","protected":false},"author":2,"featured_media":125141,"comment_status":"","ping_status":"","sticky":false,"template":"","format":"standard","meta":{"footnotes":""},"categories":[12],"tags":[22,23,26,27,33,31,30,17,34,24,25,28,29,15,18,21,32,19,20,16],"class_list":{"0":"post-125140","1":"post","2":"type-post","3":"status-publish","4":"format-standard","5":"has-post-thumbnail","7":"category-suomi","8":"tag-breaking-news","9":"tag-breakingnews","10":"tag-featured-news","11":"tag-featurednews","12":"tag-fi","13":"tag-finland","14":"tag-finnish","15":"tag-headlines","16":"tag-ilta-sanomat","17":"tag-latest-news","18":"tag-latestnews","19":"tag-main-news","20":"tag-mainnews","21":"tag-news","22":"tag-otsikot","23":"tag-paauutiset","24":"tag-suomi","25":"tag-top-stories","26":"tag-topstories","27":"tag-uutiset"},"share_on_mastodon":{"url":"https:\/\/pubeurope.com\/@fi\/115777080231700375","error":""},"_links":{"self":[{"href":"https:\/\/www.europesays.com\/fi\/wp-json\/wp\/v2\/posts\/125140","targetHints":{"allow":["GET"]}}],"collection":[{"href":"https:\/\/www.europesays.com\/fi\/wp-json\/wp\/v2\/posts"}],"about":[{"href":"https:\/\/www.europesays.com\/fi\/wp-json\/wp\/v2\/types\/post"}],"author":[{"embeddable":true,"href":"https:\/\/www.europesays.com\/fi\/wp-json\/wp\/v2\/users\/2"}],"replies":[{"embeddable":true,"href":"https:\/\/www.europesays.com\/fi\/wp-json\/wp\/v2\/comments?post=125140"}],"version-history":[{"count":0,"href":"https:\/\/www.europesays.com\/fi\/wp-json\/wp\/v2\/posts\/125140\/revisions"}],"wp:featuredmedia":[{"embeddable":true,"href":"https:\/\/www.europesays.com\/fi\/wp-json\/wp\/v2\/media\/125141"}],"wp:attachment":[{"href":"https:\/\/www.europesays.com\/fi\/wp-json\/wp\/v2\/media?parent=125140"}],"wp:term":[{"taxonomy":"category","embeddable":true,"href":"https:\/\/www.europesays.com\/fi\/wp-json\/wp\/v2\/categories?post=125140"},{"taxonomy":"post_tag","embeddable":true,"href":"https:\/\/www.europesays.com\/fi\/wp-json\/wp\/v2\/tags?post=125140"}],"curies":[{"name":"wp","href":"https:\/\/api.w.org\/{rel}","templated":true}]}}