{"id":125144,"date":"2025-12-24T23:26:14","date_gmt":"2025-12-24T23:26:14","guid":{"rendered":"https:\/\/www.europesays.com\/fi\/125144\/"},"modified":"2025-12-24T23:26:14","modified_gmt":"2025-12-24T23:26:14","slug":"hillitonta-sara-siepin-vauvamasu-kasvaa-vauhdilla","status":"publish","type":"post","link":"https:\/\/www.europesays.com\/fi\/125144\/","title":{"rendered":"Hillit\u00f6nt\u00e4! Sara Siepin vauvamasu kasvaa vauhdilla!"},"content":{"rendered":"<p>Sara Sieppi kertoili julkisuuteen onnellisia uutisia hieman vajaat kolme kuukautta sitten.<\/p>\n<p>H\u00e4n ja pallistisiippa Pyry Soiri poseerasivat hell\u00e4ss\u00e4 kuvassa kahdestaan ja Pyry piti k\u00e4si\u00e4 Saran vatsalla. Pari paljasti odottavansa esikoistaan.<\/p>\n<p>-Sinua on odotettu, kuvateksti kuului.<\/p>\n<p>Lue my\u00f6s: <a href=\"https:\/\/www.como.fi\/uutiset\/josses-miten-ihana-ja-iso-vauvamasu-sara-sieppi\/\" title=\"J\u00f6sses miten ihana ja iso vauvamasu, Sara Sieppi\" class=\"underline-custom !font-montserrat !font-bold !underline-offset-4 !decoration-4 !decoration-red-600 !text-md\" rel=\"nofollow noopener\" target=\"_blank\">J\u00f6sses miten ihana ja iso vauvamasu, Sara Sieppi<\/a><\/p>\n<p>Saran laskettu aika on kev\u00e4\u00e4ll\u00e4, mutta h\u00e4nen vatsansa on py\u00f6ristynyt viikko viikolta huimaa vauhtia. Asiasta saa hyv\u00e4n kuvan Saran julkaisemasta uudesta kuvasta, jossa h\u00e4n on pukeutunut tiukkaan mustaan kostyymiin.<\/p>\n<p>-Nipistelen t\u00e4\u00e4ll\u00e4 itte\u00e4ni aina tasaisin v\u00e4liajoin ja mietin, ett\u00e4 tapahtuuko t\u00e4\u00e4 kaikki oikeasti just mulle! h\u00e4n kirjoitti jokin aika sitten ja jatkoi:<\/p>\n<p>\u2013 On ollut niin ihanaa valmistautua uuteen el\u00e4m\u00e4vaiheeseen. Oon tehnyt jo kaksi hankintaa ensi vuodelle helpottamaan vauvavuotta.<\/p>\n<p>H\u00e4n esitteli erin\u00e4isi\u00e4 vauva-arkea helpottavia laitteita.<\/p>\n<p>Nyt Sara poseeraa Levill\u00e4, jonne h\u00e4n matkasi ennen joulua. Kuvissa h\u00e4n poseeraa kuuluisissa Levin igluissa.<\/p>\n<p>Siit\u00e4 ei ole tietoa matkaako Sara kotimaisemiin eli Tornion suuntaan jouluksi. Siell\u00e4 ainakin on oma m\u00f6kki.<\/p>\n<p>Katso kuvat alta tai<strong><a href=\"https:\/\/www.instagram.com\/p\/DSm0kKGDWkE\/?img_index=1\" rel=\"nofollow noopener\" target=\"_blank\"> t\u00e4st\u00e4.<\/a><\/strong><\/p>\n<p>Lue my\u00f6s: <a href=\"https:\/\/www.como.fi\/uutiset\/sara-sieppi-julkaisi-kuvia-mokiltaan-upea-sisustus\/\" title=\"Sara Sieppi julkaisi kuvia m\u00f6kilt\u00e4\u00e4n \u2013 upea sisustus!\" class=\"underline-custom !font-montserrat !font-bold !underline-offset-4 !decoration-4 !decoration-red-600 !text-md\" rel=\"nofollow noopener\" target=\"_blank\">Sara Sieppi julkaisi kuvia m\u00f6kilt\u00e4\u00e4n \u2013 upea sisustus!<\/a><\/p>\n<p>Lue my\u00f6s: <a href=\"https:\/\/www.como.fi\/uutiset\/katso-mika-kyltti-tonttitiella-sara-sieppi-viettaa-joulun-mokilla\/\" title=\"Katso mik\u00e4 kyltti tonttitiell\u00e4 \u2013 Sara Sieppi viett\u00e4\u00e4 joulun m\u00f6kill\u00e4\" class=\"underline-custom !font-montserrat !font-bold !underline-offset-4 !decoration-4 !decoration-red-600 !text-md\" rel=\"nofollow noopener\" target=\"_blank\">Katso mik\u00e4 kyltti tonttitiell\u00e4 \u2013 Sara Sieppi viett\u00e4\u00e4 joulun m\u00f6kill\u00e4<\/a><\/p>\n<p>Lue my\u00f6s: <a href=\"https:\/\/www.como.fi\/tilaa-comon-uutiskirje\/\" title=\"Tilaa Comon uutiskirje ja tied\u00e4t mist\u00e4 kahvitauolla puhutaan! Nappaa kotimaan tv-vinkit ja puheenaiheet suoraan s\u00e4hk\u00f6postiin t\u00e4st\u00e4.\" class=\"underline-custom !font-montserrat !font-bold !underline-offset-4 !decoration-4 !decoration-red-600 !text-md\" rel=\"nofollow noopener\" target=\"_blank\">Tilaa Comon uutiskirje ja tied\u00e4t mist\u00e4 kahvitauolla puhutaan! Nappaa kotimaan tv-vinkit ja puheenaiheet suoraan s\u00e4hk\u00f6postiin t\u00e4st\u00e4.<\/a><\/p>\n<p>\t\t\t<script async src=\"\/\/www.instagram.com\/embed.js\"><\/script><\/p>\n","protected":false},"excerpt":{"rendered":"Sara Sieppi kertoili julkisuuteen onnellisia uutisia hieman vajaat kolme kuukautta sitten. H\u00e4n ja pallistisiippa Pyry Soiri poseerasivat hell\u00e4ss\u00e4&hellip;\n","protected":false},"author":2,"featured_media":38802,"comment_status":"","ping_status":"","sticky":false,"template":"","format":"standard","meta":{"footnotes":""},"categories":[136],"tags":[407,137,33,31,30,408,3423,32,109],"class_list":{"0":"post-125144","1":"post","2":"type-post","3":"status-publish","4":"format-standard","5":"has-post-thumbnail","7":"category-julkkikset","8":"tag-celebrities","9":"tag-entertainment","10":"tag-fi","11":"tag-finland","12":"tag-finnish","13":"tag-julkkikset","14":"tag-sara-sieppi","15":"tag-suomi","16":"tag-viihde"},"share_on_mastodon":{"url":"https:\/\/pubeurope.com\/@fi\/115777135182902794","error":""},"_links":{"self":[{"href":"https:\/\/www.europesays.com\/fi\/wp-json\/wp\/v2\/posts\/125144","targetHints":{"allow":["GET"]}}],"collection":[{"href":"https:\/\/www.europesays.com\/fi\/wp-json\/wp\/v2\/posts"}],"about":[{"href":"https:\/\/www.europesays.com\/fi\/wp-json\/wp\/v2\/types\/post"}],"author":[{"embeddable":true,"href":"https:\/\/www.europesays.com\/fi\/wp-json\/wp\/v2\/users\/2"}],"replies":[{"embeddable":true,"href":"https:\/\/www.europesays.com\/fi\/wp-json\/wp\/v2\/comments?post=125144"}],"version-history":[{"count":0,"href":"https:\/\/www.europesays.com\/fi\/wp-json\/wp\/v2\/posts\/125144\/revisions"}],"wp:featuredmedia":[{"embeddable":true,"href":"https:\/\/www.europesays.com\/fi\/wp-json\/wp\/v2\/media\/38802"}],"wp:attachment":[{"href":"https:\/\/www.europesays.com\/fi\/wp-json\/wp\/v2\/media?parent=125144"}],"wp:term":[{"taxonomy":"category","embeddable":true,"href":"https:\/\/www.europesays.com\/fi\/wp-json\/wp\/v2\/categories?post=125144"},{"taxonomy":"post_tag","embeddable":true,"href":"https:\/\/www.europesays.com\/fi\/wp-json\/wp\/v2\/tags?post=125144"}],"curies":[{"name":"wp","href":"https:\/\/api.w.org\/{rel}","templated":true}]}}