{"id":125160,"date":"2025-12-25T00:12:10","date_gmt":"2025-12-25T00:12:10","guid":{"rendered":"https:\/\/www.europesays.com\/fi\/125160\/"},"modified":"2025-12-25T00:12:10","modified_gmt":"2025-12-25T00:12:10","slug":"kaliforniassa-joulu-alkoi-pahimmassa-talvimyrskyssa-ihmismuistiin-uutissuomalainen","status":"publish","type":"post","link":"https:\/\/www.europesays.com\/fi\/125160\/","title":{"rendered":"Kaliforniassa joulu alkoi pahimmassa talvimyrskyss\u00e4 ihmismuistiin | Uutissuomalainen"},"content":{"rendered":"<p>Yhdysvaltain Kaliforniassa Los Angelesin piirikunnassa joululomat alkoivat pahimmassa jouluajan myrskyss\u00e4 ihmismuistiin. <\/p>\n<p>Keskiviikkoon menness\u00e4 satoja ihmisi\u00e4 oli m\u00e4\u00e4r\u00e4tty l\u00e4htem\u00e4\u00e4n evakkoon talvimyrskyn tielt\u00e4. M\u00e4\u00e4r\u00e4yksi\u00e4 annettiin alueille, jotka k\u00e4rsiv\u00e4t aiemmin t\u00e4n\u00e4 vuonna mittavista maastopaloista.<\/p>\n<p>Viranomaiset <a href=\"https:\/\/abcnews.go.com\/US\/wireStory\/california-drivers-warned-reconsider-christmas-travel-plans-ahead-128659543\" rel=\"nofollow noopener\" target=\"_blank\">ovat varoittaneet<\/a> tulvien ja matkustusviiveiden uhasta ja kehottaneet v\u00e4ltt\u00e4m\u00e4\u00e4n teill\u00e4 matkustamista jouluaattona sek\u00e4 joulup\u00e4iv\u00e4n\u00e4 Kaliforniassa. <\/p>\n<p>S\u00e4\u00e4palvelun mukaan luvassa on rankkaa vesi- ja lumisadetta sek\u00e4 kovia tuulia useiden p\u00e4ivien ajaksi. Niit\u00e4, jotka aikoivat l\u00e4hte\u00e4 liikkeelle varoituksista huolimatta, kannustettiin \u00e4\u00e4rimm\u00e4iseen varovaisuuteen.<\/p>\n<p>Erityisess\u00e4 vaarassa ovat paikat, joissa on t\u00e4n\u00e4 vuonna ollut laajoja maastopaloja. Los Angelesin piirikunnan viranomaiset ovat huomauttaneet, ett\u00e4 paloalueet ovat edelleen hyvin alttiita muun muassa mutavy\u00f6ryille.<\/p>\n","protected":false},"excerpt":{"rendered":"Yhdysvaltain Kaliforniassa Los Angelesin piirikunnassa joululomat alkoivat pahimmassa jouluajan myrskyss\u00e4 ihmismuistiin. Keskiviikkoon menness\u00e4 satoja ihmisi\u00e4 oli m\u00e4\u00e4r\u00e4tty l\u00e4htem\u00e4\u00e4n&hellip;\n","protected":false},"author":2,"featured_media":125161,"comment_status":"","ping_status":"","sticky":false,"template":"","format":"standard","meta":{"footnotes":""},"categories":[14],"tags":[722,22,23,26,27,33,31,30,17,713,24,25,2271,4343,28,29,3381,15,18,21,710,32,19,20,56,16,59,60,61,1638],"class_list":{"0":"post-125160","1":"post","2":"type-post","3":"status-publish","4":"format-standard","5":"has-post-thumbnail","7":"category-ulkomaat","8":"tag-amerikka","9":"tag-breaking-news","10":"tag-breakingnews","11":"tag-featured-news","12":"tag-featurednews","13":"tag-fi","14":"tag-finland","15":"tag-finnish","16":"tag-headlines","17":"tag-lampotila-saa","18":"tag-latest-news","19":"tag-latestnews","20":"tag-loma","21":"tag-los-angeles","22":"tag-main-news","23":"tag-mainnews","24":"tag-myrskyt","25":"tag-news","26":"tag-otsikot","27":"tag-paauutiset","28":"tag-saa","29":"tag-suomi","30":"tag-top-stories","31":"tag-topstories","32":"tag-ulkomaat","33":"tag-uutiset","34":"tag-world","35":"tag-world-news","36":"tag-worldnews","37":"tag-yhdysvaltojen-osavaltiot"},"share_on_mastodon":{"url":"https:\/\/pubeurope.com\/@fi\/115777316055032026","error":""},"_links":{"self":[{"href":"https:\/\/www.europesays.com\/fi\/wp-json\/wp\/v2\/posts\/125160","targetHints":{"allow":["GET"]}}],"collection":[{"href":"https:\/\/www.europesays.com\/fi\/wp-json\/wp\/v2\/posts"}],"about":[{"href":"https:\/\/www.europesays.com\/fi\/wp-json\/wp\/v2\/types\/post"}],"author":[{"embeddable":true,"href":"https:\/\/www.europesays.com\/fi\/wp-json\/wp\/v2\/users\/2"}],"replies":[{"embeddable":true,"href":"https:\/\/www.europesays.com\/fi\/wp-json\/wp\/v2\/comments?post=125160"}],"version-history":[{"count":0,"href":"https:\/\/www.europesays.com\/fi\/wp-json\/wp\/v2\/posts\/125160\/revisions"}],"wp:featuredmedia":[{"embeddable":true,"href":"https:\/\/www.europesays.com\/fi\/wp-json\/wp\/v2\/media\/125161"}],"wp:attachment":[{"href":"https:\/\/www.europesays.com\/fi\/wp-json\/wp\/v2\/media?parent=125160"}],"wp:term":[{"taxonomy":"category","embeddable":true,"href":"https:\/\/www.europesays.com\/fi\/wp-json\/wp\/v2\/categories?post=125160"},{"taxonomy":"post_tag","embeddable":true,"href":"https:\/\/www.europesays.com\/fi\/wp-json\/wp\/v2\/tags?post=125160"}],"curies":[{"name":"wp","href":"https:\/\/api.w.org\/{rel}","templated":true}]}}