{"id":125164,"date":"2025-12-25T00:14:12","date_gmt":"2025-12-25T00:14:12","guid":{"rendered":"https:\/\/www.europesays.com\/fi\/125164\/"},"modified":"2025-12-25T00:14:12","modified_gmt":"2025-12-25T00:14:12","slug":"poliisi-epailee-luottamuksen-menetys-liikeasioissa-johti-murhaan-espoossa-uusimaa","status":"publish","type":"post","link":"https:\/\/www.europesays.com\/fi\/125164\/","title":{"rendered":"Poliisi ep\u00e4ilee: Luottamuksen menetys liikeasioissa johti murhaan Espoossa | Uusimaa"},"content":{"rendered":"<p class=\"aw-1gybjub aw-5vja16 kEtdKx kmuxyA yle__article__paragraph\">Espoon Soukanniemess\u00e4 kev\u00e4\u00e4ll\u00e4 tapahtuneen ep\u00e4illyn murhan esitutkinta on valmistunut.<\/p>\n<p><img decoding=\"async\" alt=\"Keltainen talo ep\u00e4ter\u00e4v\u00e4n\u00e4 taustalla, etualla puu. \" src=\"https:\/\/www.europesays.com\/fi\/wp-content\/uploads\/2025\/12\/39-14635736821abdc9e670.jpeg\" class=\"aw-1l9m598 hKVVvP\"\/><\/p>\n<p>Avaa kuvien katselu<\/p>\n<p>Poliisi ep\u00e4ilee miehen murhanneen liikekumppaninsa. Ep\u00e4ilty murha tapahtui uhrin kotona Espoon Soukanniemess\u00e4. Kuva: Matti Myller \/ Yle<\/p>\n<p class=\"aw-1gybjub aw-1p7kakr kEtdKx cEmitX yle__article__paragraph\">L\u00e4nsi-Uudenmaan poliisin tutkinta Espoon Soukanniemess\u00e4 tapahtuneesta ep\u00e4illyst\u00e4 murhasta on siirtym\u00e4ss\u00e4 syytt\u00e4j\u00e4lle.<\/p>\n<p class=\"aw-1gybjub aw-1p7kakr kEtdKx cEmitX yle__article__paragraph\">Poliisi kertoo <a class=\"aw-iao6s4 iHOxEa yle__article__link\" href=\"https:\/\/poliisi.fi\/-\/soukanniemessa-tapahtunut-henkirikostapaus-siirtyy-syyteharkintaan\" role=\"link\" rel=\"nofollow noopener\" target=\"_blank\">tiedotteessaan<\/a> ep\u00e4ilev\u00e4ns\u00e4 miehen murhanneen liikekumppaninsa liiketoiminnallisten ja yst\u00e4vyyssuhteeseen liittyvien asioiden takia.<\/p>\n<p class=\"aw-1gybjub aw-1p7kakr kEtdKx cEmitX yle__article__paragraph\">Sek\u00e4 uhri ett\u00e4 ep\u00e4ilty ovat noin 60-vuotiaita miehi\u00e4, jotka olivat tunteneet toisensa vuosikymmenten ajan ja tehneet yhteisty\u00f6t\u00e4 useissa yrityksiss\u00e4.<\/p>\n<p class=\"aw-1gybjub aw-1p7kakr kEtdKx cEmitX yle__article__paragraph\">Poliisin mukaan ep\u00e4ilty koki uhrin pett\u00e4neen h\u00e4nen luottamuksensa liiketoimintaan liittyen. Poliisi ep\u00e4ilee t\u00e4m\u00e4n johtaneen veritekoon.<\/p>\n<p class=\"aw-1gybjub aw-1p7kakr kEtdKx cEmitX yle__article__paragraph\">Poliisin tietojen mukaan ep\u00e4ilty osti keskiviikkona 7. toukokuuta rakennuspuukon noin kello 20 ja saapui tuntia my\u00f6hemmin uhrin asunnolle, jossa puukotti t\u00e4t\u00e4 eteisess\u00e4 kaulaan.<\/p>\n<p class=\"aw-1gybjub aw-1p7kakr kEtdKx cEmitX yle__article__paragraph\">Ep\u00e4illyn uskotaan t\u00e4m\u00e4n j\u00e4lkeen ottaneen yhteytt\u00e4 puolisoonsa, joka puolestaan otti yhteytt\u00e4 heid\u00e4n lapseensa, joka rikospaikalle saavuttuaan soitti h\u00e4t\u00e4keskukseen.<\/p>\n<p>Syyteharkintaan murhana suunnitelmallisuuden takia<\/p>\n<p class=\"aw-1gybjub aw-1p7kakr kEtdKx cEmitX yle__article__paragraph\">Poliisi kertoo, ett\u00e4 tapahtumapaikalla tehtiin tutkinnan aikana teknist\u00e4 tutkintaa sek\u00e4 tapahtumien rekonstruktio. Ep\u00e4illyn laitteisiin tehtiin my\u00f6s laite-etsinn\u00e4t.<\/p>\n<p class=\"aw-1gybjub aw-1p7kakr kEtdKx cEmitX yle__article__paragraph\">Ep\u00e4ilty\u00e4 kuultiin esitutkinnassa seitsem\u00e4\u00e4n otteeseen. Lis\u00e4ksi esitutkinnan aikana kuultiin lukuisia sivullisia, paikalle saapuneita poliiseja ja ensihoitohenkil\u00f6st\u00f6\u00e4.<\/p>\n<p class=\"aw-1gybjub aw-1p7kakr kEtdKx cEmitX yle__article__paragraph\">Poliisi uskoo teon olleen suunniteltu, sill\u00e4 ep\u00e4ilty hankki ter\u00e4aseen ennen tekoa ja valehteli viestikeskustelussa olevansa ulkomailla.<\/p>\n","protected":false},"excerpt":{"rendered":"Espoon Soukanniemess\u00e4 kev\u00e4\u00e4ll\u00e4 tapahtuneen ep\u00e4illyn murhan esitutkinta on valmistunut. Avaa kuvien katselu Poliisi ep\u00e4ilee miehen murhanneen liikekumppaninsa. Ep\u00e4ilty&hellip;\n","protected":false},"author":2,"featured_media":125165,"comment_status":"","ping_status":"","sticky":false,"template":"","format":"standard","meta":{"footnotes":""},"categories":[5],"tags":[22,23,400,26,27,33,31,30,17,71,24,25,28,29,15982,15,18,21,52,1263,32,19,20,1168,16],"class_list":{"0":"post-125164","1":"post","2":"type-post","3":"status-publish","4":"format-standard","5":"has-post-thumbnail","7":"category-otsikot","8":"tag-breaking-news","9":"tag-breakingnews","10":"tag-espoo","11":"tag-featured-news","12":"tag-featurednews","13":"tag-fi","14":"tag-finland","15":"tag-finnish","16":"tag-headlines","17":"tag-kotimaa","18":"tag-latest-news","19":"tag-latestnews","20":"tag-main-news","21":"tag-mainnews","22":"tag-murhaepailty","23":"tag-news","24":"tag-otsikot","25":"tag-paauutiset","26":"tag-poliisi","27":"tag-rikosepailyt","28":"tag-suomi","29":"tag-top-stories","30":"tag-topstories","31":"tag-uusimaa","32":"tag-uutiset"},"share_on_mastodon":{"url":"https:\/\/pubeurope.com\/@fi\/115777324159545500","error":""},"_links":{"self":[{"href":"https:\/\/www.europesays.com\/fi\/wp-json\/wp\/v2\/posts\/125164","targetHints":{"allow":["GET"]}}],"collection":[{"href":"https:\/\/www.europesays.com\/fi\/wp-json\/wp\/v2\/posts"}],"about":[{"href":"https:\/\/www.europesays.com\/fi\/wp-json\/wp\/v2\/types\/post"}],"author":[{"embeddable":true,"href":"https:\/\/www.europesays.com\/fi\/wp-json\/wp\/v2\/users\/2"}],"replies":[{"embeddable":true,"href":"https:\/\/www.europesays.com\/fi\/wp-json\/wp\/v2\/comments?post=125164"}],"version-history":[{"count":0,"href":"https:\/\/www.europesays.com\/fi\/wp-json\/wp\/v2\/posts\/125164\/revisions"}],"wp:featuredmedia":[{"embeddable":true,"href":"https:\/\/www.europesays.com\/fi\/wp-json\/wp\/v2\/media\/125165"}],"wp:attachment":[{"href":"https:\/\/www.europesays.com\/fi\/wp-json\/wp\/v2\/media?parent=125164"}],"wp:term":[{"taxonomy":"category","embeddable":true,"href":"https:\/\/www.europesays.com\/fi\/wp-json\/wp\/v2\/categories?post=125164"},{"taxonomy":"post_tag","embeddable":true,"href":"https:\/\/www.europesays.com\/fi\/wp-json\/wp\/v2\/tags?post=125164"}],"curies":[{"name":"wp","href":"https:\/\/api.w.org\/{rel}","templated":true}]}}