{"id":125170,"date":"2025-12-25T00:35:23","date_gmt":"2025-12-25T00:35:23","guid":{"rendered":"https:\/\/www.europesays.com\/fi\/125170\/"},"modified":"2025-12-25T00:35:23","modified_gmt":"2025-12-25T00:35:23","slug":"supermarsu-ja-suuri-huijaus-elokuvan-arvostelu","status":"publish","type":"post","link":"https:\/\/www.europesays.com\/fi\/125170\/","title":{"rendered":"Supermarsu ja suuri huijaus \u2013 elokuvan arvostelu"},"content":{"rendered":"<p><strong>Paula Norosen<\/strong> kirjoista ja niist\u00e4 tehdyist\u00e4 Supermarsu-elokuvista tuttujen lasten koulun vieress\u00e4 sijaitsee luonnontilainen mets\u00e4. Se on osalle lapsista henkireik\u00e4 ja tiedostavammat opettajat hy\u00f6dynt\u00e4v\u00e4t sit\u00e4 opetuksessa. Kun koulukiusaaja Rasva-Antero Pietari-k\u00e4tyreineen h\u00e4vi\u00e4\u00e4 luontokisassa Emilian ja Simon joukkueelle, Anteron margariinitehtailijais\u00e4 saa idean, kuinka mets\u00e4n saisi lanattua uuden tehtaan tielt\u00e4.<\/p>\n<p>H\u00e4n l\u00e4htee poikansa avulla ajamaan valheellista kampanjaa, jonka mukaan mets\u00e4st\u00e4 lohkaistaisiin vain pieni osa ja koululaiset saisivat k\u00e4ytt\u00f6\u00f6ns\u00e4 hienon liikuntapuiston. Oikeasti tarkoitus on vet\u00e4\u00e4 asfaltti koko alueen yli. Emilia alkaa vet\u00e4\u00e4 kilpailevaa kampanjaa, joka j\u00e4tt\u00e4isi mets\u00e4n koskemattomaksi.<\/p>\n<p>Emilian kampanja on koko ajan alakynness\u00e4, ja mik\u00e4 pahinta: kun Emilian pit\u00e4isi k\u00e4ytt\u00e4\u00e4 marsultaan saamiaan supervoimia, h\u00e4n huomaa kadottaneensa siihen tarvittavan juomapullon. Samaan aikaan kuvioihin saapuu uusi supersankari, joka k\u00e4ytt\u00e4\u00e4 voimiaan n\u00e4enn\u00e4isesti lasten unelmiin: oppitunnittomaan kouluun ja karkkeihin kaikilla aterioille.<\/p>\n<p>Jos on n\u00e4hnyt kaksi edellist\u00e4 Supermarsu-elokuvaa, tiet\u00e4\u00e4 miten homma etenee: Emilian on l\u00f6ydett\u00e4v\u00e4 omia kykyj\u00e4\u00e4n ratkaista ongelmia ilman supervoimia. Lapsin\u00e4yttelij\u00e4t suoriutuvat hyvin rooleissaan ja aikuisn\u00e4yttelij\u00e4t tukevat hyvin lapsiyleis\u00f6lle tarkoitettua tarinaa. Korkeintaan menoa h\u00e4iritsee varttuneemman katsojan silmiss\u00e4 melkoinen yht\u00e4l\u00e4isyys Ella ja kaverit: Operaatio Saukko -elokuvan kanssa.<\/p>\n<p>Jouni Vikman<\/p>\n<p>                                                            Supermarsu ja suuri huijaus -elokuvan traileri<br \/>\n                                <img loading=\"lazy\" decoding=\"async\" alt=\"YouTube video\" width=\"480\" height=\"360\" data-pin-nopin=\"true\" nopin=\"nopin\" class=\"perfmatters-lazy\" src=\"https:\/\/www.europesays.com\/fi\/wp-content\/uploads\/2025\/12\/1766622923_962_hqdefault.jpg\"\/>                                                        <\/p>\n","protected":false},"excerpt":{"rendered":"Paula Norosen kirjoista ja niist\u00e4 tehdyist\u00e4 Supermarsu-elokuvista tuttujen lasten koulun vieress\u00e4 sijaitsee luonnontilainen mets\u00e4. Se on osalle lapsista&hellip;\n","protected":false},"author":2,"featured_media":125171,"comment_status":"","ping_status":"","sticky":false,"template":"","format":"standard","meta":{"footnotes":""},"categories":[130],"tags":[137,33,31,30,32,109],"class_list":{"0":"post-125170","1":"post","2":"type-post","3":"status-publish","4":"format-standard","5":"has-post-thumbnail","7":"category-viihde","8":"tag-entertainment","9":"tag-fi","10":"tag-finland","11":"tag-finnish","12":"tag-suomi","13":"tag-viihde"},"share_on_mastodon":{"url":"https:\/\/pubeurope.com\/@fi\/115777406531235109","error":""},"_links":{"self":[{"href":"https:\/\/www.europesays.com\/fi\/wp-json\/wp\/v2\/posts\/125170","targetHints":{"allow":["GET"]}}],"collection":[{"href":"https:\/\/www.europesays.com\/fi\/wp-json\/wp\/v2\/posts"}],"about":[{"href":"https:\/\/www.europesays.com\/fi\/wp-json\/wp\/v2\/types\/post"}],"author":[{"embeddable":true,"href":"https:\/\/www.europesays.com\/fi\/wp-json\/wp\/v2\/users\/2"}],"replies":[{"embeddable":true,"href":"https:\/\/www.europesays.com\/fi\/wp-json\/wp\/v2\/comments?post=125170"}],"version-history":[{"count":0,"href":"https:\/\/www.europesays.com\/fi\/wp-json\/wp\/v2\/posts\/125170\/revisions"}],"wp:featuredmedia":[{"embeddable":true,"href":"https:\/\/www.europesays.com\/fi\/wp-json\/wp\/v2\/media\/125171"}],"wp:attachment":[{"href":"https:\/\/www.europesays.com\/fi\/wp-json\/wp\/v2\/media?parent=125170"}],"wp:term":[{"taxonomy":"category","embeddable":true,"href":"https:\/\/www.europesays.com\/fi\/wp-json\/wp\/v2\/categories?post=125170"},{"taxonomy":"post_tag","embeddable":true,"href":"https:\/\/www.europesays.com\/fi\/wp-json\/wp\/v2\/tags?post=125170"}],"curies":[{"name":"wp","href":"https:\/\/api.w.org\/{rel}","templated":true}]}}