{"id":125174,"date":"2025-12-25T00:39:08","date_gmt":"2025-12-25T00:39:08","guid":{"rendered":"https:\/\/www.europesays.com\/fi\/125174\/"},"modified":"2025-12-25T00:39:08","modified_gmt":"2025-12-25T00:39:08","slug":"pommi-rajahti-moskovassa-kaksi-poliisia-kuoli","status":"publish","type":"post","link":"https:\/\/www.europesays.com\/fi\/125174\/","title":{"rendered":"Pommi r\u00e4j\u00e4hti Moskovassa \u2013 Kaksi poliisia kuoli"},"content":{"rendered":"<p>T\u00e4h\u00e4n artikkeliin on koottu Ukrainan sodan keskeisimm\u00e4t tapahtumat jouluaatolta 24. joulukuuta 2025. Kyseess\u00e4 on sodan 1400. p\u00e4iv\u00e4.<\/p>\n<p><img decoding=\"async\" class=\"image image-show image-preview\" src=\"https:\/\/www.europesays.com\/fi\/wp-content\/uploads\/2025\/12\/adb13c9d7a5b1d529ca0bf97c3ef1734f9e891aee427b8a7838bfceb8b0d8233.jpg\" alt=\"\"\/><img decoding=\"async\" class=\"image image-show\" src=\"https:\/\/www.europesays.com\/fi\/wp-content\/uploads\/2025\/12\/1766623148_517_adb13c9d7a5b1d529ca0bf97c3ef1734f9e891aee427b8a7838bfceb8b0d8233.jpg\" alt=\"\"\/><\/p>\n<p>R\u00e4j\u00e4hdys tapahtui l\u00e4hell\u00e4 paikkaa, jossa ven\u00e4l\u00e4iskenraali tapettiin autopommi-iskussa maanantaina. Ven\u00e4j\u00e4 on syytt\u00e4nyt pommin asettamisesta Ukrainaa. Ramil Sitdikov, REUTERS <\/p>\n<ul>\n<li>Ukrainan presidentti Volodymyr Zelenskyi julkisti Ukrainan ehdotuksen rauhansuunnitelmaksi. <\/li>\n<li>Kaksi poliisia ja kolmas henkil\u00f6 kuolivat pommin r\u00e4j\u00e4ht\u00e4ess\u00e4 Moskovassa. <\/li>\n<li>Ukraina iski teollisuuslaitokseen Tulan alueella. <\/li>\n<\/ul>\n<p>Kyiv Post: Ukraina vastuussa Moskovan pommista<\/p>\n<p class=\"paragraph\">Ukrainan sotilastiedustelu on ottanut vastuun Moskovassa tapahtuneesta pommi-iskusta, kertoo ukrainalaislehti <a href=\"https:\/\/www.kyivpost.com\/post\/66858\" rel=\"noopener nofollow\" target=\"_blank\">Kyiv Post<\/a>.<\/p>\n<p class=\"paragraph\">Kyiv Postin l\u00e4hteet Ukrainan sotilastiedustelussa vahvistivat sen olevan hy\u00f6kk\u00e4yksen takana. Lehdelle puhuneen l\u00e4hteen mukaan kaksi iskussa kuollutta poliisia olivat taistelleet Ven\u00e4j\u00e4n joukoissa Ukrainassa ja kiduttaneet ukrainalaisia sotavankeja.<\/p>\n<p>Moskovan r\u00e4j\u00e4hdys: Kaksi poliisia kuoli<\/p>\n<p class=\"paragraph\">Kaksi liikennepoliisia kuoli Moskovan \u00f6isess\u00e4 r\u00e4j\u00e4hdyksess\u00e4, kun he yrittiv\u00e4t pys\u00e4ytt\u00e4\u00e4 ep\u00e4ilytt\u00e4v\u00e4\u00e4 henkil\u00f6\u00e4, Ven\u00e4j\u00e4n federaation tutkintakomitea tiedottaa.<\/p>\n<p class=\"paragraph\">Autossa ollut r\u00e4j\u00e4hde aktivoitui, kun poliisit l\u00e4hestyiv\u00e4t henkil\u00f6\u00e4, tutkintakomitea tiedottaa uutistoimisto AFP:n mukaan. R\u00e4j\u00e4hdys tapahtui l\u00e4hell\u00e4 paikkaa, jossa ven\u00e4l\u00e4inen kenraali <strong>Fanil Sarvarov<\/strong> tapettiin autopommi-iskussa maanantaina. Ven\u00e4j\u00e4 syytt\u00e4\u00e4 tapauksesta Ukrainaa.<\/p>\n<p class=\"paragraph\">Tapauksessa kuoli lis\u00e4ksi kolmas henkil\u00f6. Ven\u00e4j\u00e4n tutkintakomitea ei ole kertonut, kuka h\u00e4n on. Ven\u00e4j\u00e4n ep\u00e4virallisilla Telegram-kanavilla sanotaan, ett\u00e4 kolmas kuollut olisi ollut pommittaja, kertoo Reuters.<\/p>\n<p>Ven\u00e4j\u00e4n viranomaiset ty\u00f6skenteliv\u00e4t paikalla, jolla r\u00e4j\u00e4hdys tapahtui. Ramil Sitdikov<\/p>\n<p class=\"paragraph\">Sodan aikana on tapettu useita korkea-arvoisia Ven\u00e4j\u00e4n sotilashenkil\u00f6it\u00e4 ja sodan tukijoita. Ukrainan sotilastiedustelu on ottanut vastuun osasta tapauksia.<\/p>\n<p>Zelenskyi julkaisi 20-kohtaisen rauhansuunnitelman \u2013 N\u00e4in Ven\u00e4j\u00e4 kommentoi<\/p>\n<p class=\"paragraph\">Ven\u00e4j\u00e4 ilmoittaa muotoilevansa kantansa Yhdysvaltojen ja Ukrainan laatimaan rauhansuunnitelmaan aivan l\u00e4hitulevaisuudessa, uutistoimisto Reuters kertoo.<\/p>\n<p class=\"paragraph\">Kreml ei kommentoi suunnitelman yksityiskohtia. Se ilmoittaa pit\u00e4v\u00e4ns\u00e4 yll\u00e4 neuvottelukontakteja.<\/p>\n<p class=\"paragraph\">Ukrainan 20-kohtaisesta rauhansuunnitelmasta voit lukea lis\u00e4\u00e4 <a href=\"https:\/\/www.iltalehti.fi\/ulkomaat\/98f5f4be-75fa-4d6f-86cc-35d0ea17f526\" rel=\"nofollow noopener\" target=\"_blank\">t\u00e4\u00e4lt\u00e4<\/a>. Suunnitelma on Ukrainan ja Yhdysvaltojen viikkoja kest\u00e4neiden neuvotteluiden tulos. Jos Ven\u00e4j\u00e4 hyv\u00e4ksyisi suunnitelman, astuisi v\u00e4litt\u00f6m\u00e4sti voimaan tulitauko.<\/p>\n<p>Kuvern\u00f6\u00f6ri: Ukrainan isku sytytti palon teollisuuslaitoksessa<\/p>\n<p class=\"paragraph\">Alas pudotetun ukrainalaisen droonin j\u00e4\u00e4nteet sytyttiv\u00e4t tulipalon teollisuuslaitoksessa Ven\u00e4j\u00e4n Tulan alueella, alueen kuvern\u00f6\u00f6ri <strong>Dmitri Miljajev<\/strong> sanoo Telegram-viestisovelluksessa keskiviikkona.<\/p>\n<p class=\"paragraph\">Asiasta kertoo uutistoimisto Reuters.<\/p>\n<p class=\"paragraph\">Miljajev ei kerro yksityiskohtaisempia tietoja laitoksesta.<\/p>\n<p class=\"paragraph\">Kuvern\u00f6\u00f6rin mukaan Ven\u00e4j\u00e4n ilmatorjuntayksik\u00f6t tuhosivat 12 ukrainalaista droonia alueen yll\u00e4.<\/p>\n","protected":false},"excerpt":{"rendered":"T\u00e4h\u00e4n artikkeliin on koottu Ukrainan sodan keskeisimm\u00e4t tapahtumat jouluaatolta 24. joulukuuta 2025. Kyseess\u00e4 on sodan 1400. p\u00e4iv\u00e4. R\u00e4j\u00e4hdys&hellip;\n","protected":false},"author":2,"featured_media":125175,"comment_status":"","ping_status":"","sticky":false,"template":"","format":"standard","meta":{"footnotes":""},"categories":[14],"tags":[35,802,804,820,22,23,26,27,33,31,30,17,24,25,803,28,29,15,18,21,32,19,20,56,16,1262,59,60,61],"class_list":{"0":"post-125174","1":"post","2":"type-post","3":"status-publish","4":"format-standard","5":"has-post-thumbnail","7":"category-ulkomaat","8":"tag-24h","9":"tag-armeijat-ja-aseelliset-joukot","10":"tag-aseelliset-konfliktit","11":"tag-aseet","12":"tag-breaking-news","13":"tag-breakingnews","14":"tag-featured-news","15":"tag-featurednews","16":"tag-fi","17":"tag-finland","18":"tag-finnish","19":"tag-headlines","20":"tag-latest-news","21":"tag-latestnews","22":"tag-levottomuudet-ja-sodat","23":"tag-main-news","24":"tag-mainnews","25":"tag-news","26":"tag-otsikot","27":"tag-paauutiset","28":"tag-suomi","29":"tag-top-stories","30":"tag-topstories","31":"tag-ulkomaat","32":"tag-uutiset","33":"tag-venajan-politiikka","34":"tag-world","35":"tag-world-news","36":"tag-worldnews"},"share_on_mastodon":{"url":"https:\/\/pubeurope.com\/@fi\/115777422277812264","error":""},"_links":{"self":[{"href":"https:\/\/www.europesays.com\/fi\/wp-json\/wp\/v2\/posts\/125174","targetHints":{"allow":["GET"]}}],"collection":[{"href":"https:\/\/www.europesays.com\/fi\/wp-json\/wp\/v2\/posts"}],"about":[{"href":"https:\/\/www.europesays.com\/fi\/wp-json\/wp\/v2\/types\/post"}],"author":[{"embeddable":true,"href":"https:\/\/www.europesays.com\/fi\/wp-json\/wp\/v2\/users\/2"}],"replies":[{"embeddable":true,"href":"https:\/\/www.europesays.com\/fi\/wp-json\/wp\/v2\/comments?post=125174"}],"version-history":[{"count":0,"href":"https:\/\/www.europesays.com\/fi\/wp-json\/wp\/v2\/posts\/125174\/revisions"}],"wp:featuredmedia":[{"embeddable":true,"href":"https:\/\/www.europesays.com\/fi\/wp-json\/wp\/v2\/media\/125175"}],"wp:attachment":[{"href":"https:\/\/www.europesays.com\/fi\/wp-json\/wp\/v2\/media?parent=125174"}],"wp:term":[{"taxonomy":"category","embeddable":true,"href":"https:\/\/www.europesays.com\/fi\/wp-json\/wp\/v2\/categories?post=125174"},{"taxonomy":"post_tag","embeddable":true,"href":"https:\/\/www.europesays.com\/fi\/wp-json\/wp\/v2\/tags?post=125174"}],"curies":[{"name":"wp","href":"https:\/\/api.w.org\/{rel}","templated":true}]}}