{"id":125176,"date":"2025-12-25T00:40:08","date_gmt":"2025-12-25T00:40:08","guid":{"rendered":"https:\/\/www.europesays.com\/fi\/125176\/"},"modified":"2025-12-25T00:40:08","modified_gmt":"2025-12-25T00:40:08","slug":"14-tuntia-190-euroa-etelan-taksikuski-pettyi-lappiin","status":"publish","type":"post","link":"https:\/\/www.europesays.com\/fi\/125176\/","title":{"rendered":"14 tuntia, 190 euroa \u2013 Etel\u00e4n taksikuski pettyi Lappiin"},"content":{"rendered":"<p>He odottavat, he ovat valmiina. Etel\u00e4n kuskit tulivat Rovaniemelle vuolemaan kultaa, mutta pime\u00e4ss\u00e4 pohjoisen kaupungissa odotti pettymys. Heid\u00e4t ajetaan sivuun sielt\u00e4, miss\u00e4 raha kulkee.<\/p>\n<p class=\"article-body mb-nof-24 px-nof-16\">Sajid Al-Dulaimi odottaa y\u00f6junaa Helsingist\u00e4. On odottanut jo yli kaksi tuntia. Taivaalta putoilee m\u00e4rk\u00e4\u00e4 lunta, pyyhkij\u00e4t rasahtelevat ikkunaan.<\/p>\n<p class=\"article-body mb-nof-24 px-nof-16\">Al-Dulaimi on uponnut ison toppatakkinsa sis\u00e4\u00e4n. H\u00e4n t\u00e4risytt\u00e4\u00e4 jalkaansa.<\/p>\n<p class=\"article-body mb-nof-24 px-nof-16\">Mercedes Viton kyytiin mahtuisi kahdeksan matkustajaa. Al-Dulaimille riitt\u00e4isi yksi hyv\u00e4.<\/p>\n","protected":false},"excerpt":{"rendered":"He odottavat, he ovat valmiina. Etel\u00e4n kuskit tulivat Rovaniemelle vuolemaan kultaa, mutta pime\u00e4ss\u00e4 pohjoisen kaupungissa odotti pettymys. Heid\u00e4t&hellip;\n","protected":false},"author":2,"featured_media":125177,"comment_status":"","ping_status":"","sticky":false,"template":"","format":"standard","meta":{"footnotes":""},"categories":[12],"tags":[22,23,26,27,33,31,30,17,46,24,25,28,29,15,18,21,32,19,20,16],"class_list":{"0":"post-125176","1":"post","2":"type-post","3":"status-publish","4":"format-standard","5":"has-post-thumbnail","7":"category-suomi","8":"tag-breaking-news","9":"tag-breakingnews","10":"tag-featured-news","11":"tag-featurednews","12":"tag-fi","13":"tag-finland","14":"tag-finnish","15":"tag-headlines","16":"tag-helsingin-sanomat","17":"tag-latest-news","18":"tag-latestnews","19":"tag-main-news","20":"tag-mainnews","21":"tag-news","22":"tag-otsikot","23":"tag-paauutiset","24":"tag-suomi","25":"tag-top-stories","26":"tag-topstories","27":"tag-uutiset"},"share_on_mastodon":{"url":"https:\/\/pubeurope.com\/@fi\/115777426181739601","error":""},"_links":{"self":[{"href":"https:\/\/www.europesays.com\/fi\/wp-json\/wp\/v2\/posts\/125176","targetHints":{"allow":["GET"]}}],"collection":[{"href":"https:\/\/www.europesays.com\/fi\/wp-json\/wp\/v2\/posts"}],"about":[{"href":"https:\/\/www.europesays.com\/fi\/wp-json\/wp\/v2\/types\/post"}],"author":[{"embeddable":true,"href":"https:\/\/www.europesays.com\/fi\/wp-json\/wp\/v2\/users\/2"}],"replies":[{"embeddable":true,"href":"https:\/\/www.europesays.com\/fi\/wp-json\/wp\/v2\/comments?post=125176"}],"version-history":[{"count":0,"href":"https:\/\/www.europesays.com\/fi\/wp-json\/wp\/v2\/posts\/125176\/revisions"}],"wp:featuredmedia":[{"embeddable":true,"href":"https:\/\/www.europesays.com\/fi\/wp-json\/wp\/v2\/media\/125177"}],"wp:attachment":[{"href":"https:\/\/www.europesays.com\/fi\/wp-json\/wp\/v2\/media?parent=125176"}],"wp:term":[{"taxonomy":"category","embeddable":true,"href":"https:\/\/www.europesays.com\/fi\/wp-json\/wp\/v2\/categories?post=125176"},{"taxonomy":"post_tag","embeddable":true,"href":"https:\/\/www.europesays.com\/fi\/wp-json\/wp\/v2\/tags?post=125176"}],"curies":[{"name":"wp","href":"https:\/\/api.w.org\/{rel}","templated":true}]}}