{"id":125180,"date":"2025-12-25T00:53:14","date_gmt":"2025-12-25T00:53:14","guid":{"rendered":"https:\/\/www.europesays.com\/fi\/125180\/"},"modified":"2025-12-25T00:53:14","modified_gmt":"2025-12-25T00:53:14","slug":"minna-kuukan-aamuheratyksille-stoppi-viimeista-viedaan","status":"publish","type":"post","link":"https:\/\/www.europesays.com\/fi\/125180\/","title":{"rendered":"Minna Kuukan aamuher\u00e4tyksille stoppi: Viimeist\u00e4 vied\u00e4\u00e4n"},"content":{"rendered":"<p>Suomen lavlein radio\u00e4\u00e4ni ja ehdottomasti maailman ihanin minnakuukka, nimitt\u00e4in Minna Kuukka, on her\u00e4nnyt t\u00e4n\u00e4\u00e4n iloisena.<\/p>\n<p>Syyn\u00e4 on se, ett\u00e4 t\u00e4m\u00e4 on viimeinen aamuher\u00e4tys. Nyt tulee stoppi.<\/p>\n<p>Valvominen on luksusta<\/p>\n<p>\u00c4lk\u00e4\u00e4, opossumit, kuitenkaan olko huolissanne. <\/p>\n<p>Lue my\u00f6s: <a href=\"https:\/\/www.como.fi\/uutiset\/minna-kuukka-esittelee-erikoisen-tyylinsa-koristella-joulukuusi\/\" title=\"Minna Kuukka esittelee erikoisen tyylins\u00e4 koristella joulukuusi\" class=\"underline-custom !font-montserrat !font-bold !underline-offset-4 !decoration-4 !decoration-red-600 !text-md\" rel=\"nofollow noopener\" target=\"_blank\">Minna Kuukka esittelee erikoisen tyylins\u00e4 koristella joulukuusi<\/a><\/p>\n<p>Lue my\u00f6s: <a href=\"https:\/\/www.como.fi\/uutiset\/minna-kuukka-paljasti-syntinsa-monta-tuli\/\" title=\"Minna Kuukka paljasti syntins\u00e4 \u2013 \u201dMonta tuli\u201d\" class=\"underline-custom !font-montserrat !font-bold !underline-offset-4 !decoration-4 !decoration-red-600 !text-md\" rel=\"nofollow noopener\" target=\"_blank\">Minna Kuukka paljasti syntins\u00e4 \u2013 \u201dMonta tuli\u201d<\/a><\/p>\n<p>Lue my\u00f6s: <a href=\"https:\/\/www.como.fi\/uutiset\/minna-kuukka-paljasti-parsiilleen-meni\/\" title=\"Minna Kuukka paljasti: \u201dP\u00e4rsiilleen meni\u201d\" class=\"underline-custom !font-montserrat !font-bold !underline-offset-4 !decoration-4 !decoration-red-600 !text-md\" rel=\"nofollow noopener\" target=\"_blank\">Minna Kuukka paljasti: \u201dP\u00e4rsiilleen meni\u201d<\/a><\/p>\n<p>Ei Kuukka aamu\u00e4\u00e4nihommiaan lopeta, vaan niihin tulee ansaittu joulutauko. Ja siit\u00e4k\u00f6s Minna ottaa ilon irti. Koska: h\u00e4n rakastaa valvomista my\u00f6h\u00e4\u00e4n, eik\u00e4 se ole aamuty\u00f6ss\u00e4 mahdollista.<\/p>\n<p>-T\u00e4n\u00e4\u00e4n oli vuoden vika 4.30 her\u00e4tys. Takana taas vuosi aamuja, joina kylpp\u00e4rin peilist\u00e4 on takaisin katsonut her\u00e4\u00e4misharmaa p\u00f6rr\u00f6tukka. Ilman t\u00e4t\u00e4 ty\u00f6t\u00e4 tuskin naurattais heti aamukuudelta. T\u00e4ss\u00e4 hommassa usein k\u00e4y niin. Kiitos siit\u00e4 Kimmo Vehvil\u00e4inen. Ja viestit, joissa kerrotaan, ett\u00e4 joku muukin nauraa tai hymyilee, on siistein mahdollinen syy her\u00e4t\u00e4, Minna kertoo.<\/p>\n<p>Pimeiden aamu\u00f6iden startit ovat silti v\u00e4lill\u00e4 karuja. Siksi se, ettei kello hetkeen piippaa on Minnasta ihanaa.<\/p>\n<p>-Voi kukkuilla miten sattuu, koska valvoskelu on luksusta. Huhhailua ilman, ett\u00e4 takaraivossa laskee hupenevia tunteja aamustarttiin.<\/p>\n<p>Kaksikko palaa \u00e4\u00e4niaalloille 5. tammikuuta.<\/p>\n<p>Lue my\u00f6s: <a href=\"https:\/\/www.como.fi\/tilaa-comon-uutiskirje\/\" title=\"Tilaa Comon uutiskirje ja tied\u00e4t mist\u00e4 kahvitauolla puhutaan! Nappaa kotimaan tv-vinkit ja puheenaiheet suoraan s\u00e4hk\u00f6postiin t\u00e4st\u00e4.\" class=\"underline-custom !font-montserrat !font-bold !underline-offset-4 !decoration-4 !decoration-red-600 !text-md\" rel=\"nofollow noopener\" target=\"_blank\">Tilaa Comon uutiskirje ja tied\u00e4t mist\u00e4 kahvitauolla puhutaan! Nappaa kotimaan tv-vinkit ja puheenaiheet suoraan s\u00e4hk\u00f6postiin t\u00e4st\u00e4.<\/a><\/p>\n","protected":false},"excerpt":{"rendered":"Suomen lavlein radio\u00e4\u00e4ni ja ehdottomasti maailman ihanin minnakuukka, nimitt\u00e4in Minna Kuukka, on her\u00e4nnyt t\u00e4n\u00e4\u00e4n iloisena. Syyn\u00e4 on se,&hellip;\n","protected":false},"author":2,"featured_media":125181,"comment_status":"","ping_status":"","sticky":false,"template":"","format":"standard","meta":{"footnotes":""},"categories":[136],"tags":[407,137,33,31,30,408,3945,32,109],"class_list":{"0":"post-125180","1":"post","2":"type-post","3":"status-publish","4":"format-standard","5":"has-post-thumbnail","7":"category-julkkikset","8":"tag-celebrities","9":"tag-entertainment","10":"tag-fi","11":"tag-finland","12":"tag-finnish","13":"tag-julkkikset","14":"tag-minna-kuukka","15":"tag-suomi","16":"tag-viihde"},"share_on_mastodon":{"url":"https:\/\/pubeurope.com\/@fi\/115777477214705748","error":""},"_links":{"self":[{"href":"https:\/\/www.europesays.com\/fi\/wp-json\/wp\/v2\/posts\/125180","targetHints":{"allow":["GET"]}}],"collection":[{"href":"https:\/\/www.europesays.com\/fi\/wp-json\/wp\/v2\/posts"}],"about":[{"href":"https:\/\/www.europesays.com\/fi\/wp-json\/wp\/v2\/types\/post"}],"author":[{"embeddable":true,"href":"https:\/\/www.europesays.com\/fi\/wp-json\/wp\/v2\/users\/2"}],"replies":[{"embeddable":true,"href":"https:\/\/www.europesays.com\/fi\/wp-json\/wp\/v2\/comments?post=125180"}],"version-history":[{"count":0,"href":"https:\/\/www.europesays.com\/fi\/wp-json\/wp\/v2\/posts\/125180\/revisions"}],"wp:featuredmedia":[{"embeddable":true,"href":"https:\/\/www.europesays.com\/fi\/wp-json\/wp\/v2\/media\/125181"}],"wp:attachment":[{"href":"https:\/\/www.europesays.com\/fi\/wp-json\/wp\/v2\/media?parent=125180"}],"wp:term":[{"taxonomy":"category","embeddable":true,"href":"https:\/\/www.europesays.com\/fi\/wp-json\/wp\/v2\/categories?post=125180"},{"taxonomy":"post_tag","embeddable":true,"href":"https:\/\/www.europesays.com\/fi\/wp-json\/wp\/v2\/tags?post=125180"}],"curies":[{"name":"wp","href":"https:\/\/api.w.org\/{rel}","templated":true}]}}