{"id":125186,"date":"2025-12-25T01:04:21","date_gmt":"2025-12-25T01:04:21","guid":{"rendered":"https:\/\/www.europesays.com\/fi\/125186\/"},"modified":"2025-12-25T01:04:21","modified_gmt":"2025-12-25T01:04:21","slug":"fingrid-valittaa-markkinaoikeuden-paatoksesta-liittyen-valvontamenetelmiin","status":"publish","type":"post","link":"https:\/\/www.europesays.com\/fi\/125186\/","title":{"rendered":"Fingrid valittaa markkinaoikeuden p\u00e4\u00e4t\u00f6ksest\u00e4 liittyen valvontamenetelmiin"},"content":{"rendered":"<p><strong><\/p>\n<p>Markkinaoikeus hylk\u00e4si marraskuussa 2025 Fingridin valituksen Energiaviraston joulukuussa 2023 tekem\u00e4st\u00e4 p\u00e4\u00e4t\u00f6ksest\u00e4, joka koskee kantaverkkotoiminnan tuoton m\u00e4\u00e4ritt\u00e4mist\u00e4 koskevia valvontamenetelmi\u00e4 vuosille 2024\u20132031. Fingrid on j\u00e4tt\u00e4nyt valituksensa markkinaoikeuden p\u00e4\u00e4t\u00f6ksest\u00e4 korkeimpaan hallinto-oikeuteen 23.12.2025.<\/p>\n<p><\/strong><\/p>\n<p>Fingrid valittaa markkinaoikeuden p\u00e4\u00e4t\u00f6ksest\u00e4, sill\u00e4 nykyiset valvontamenetelm\u00e4t heikent\u00e4v\u00e4t yhti\u00f6n mahdollisuuksia kehitt\u00e4\u00e4 kantaverkkoa, toteuttaa heikentyneen turvallisuustilanteen edellytt\u00e4mi\u00e4 varautumistoimenpiteit\u00e4 sek\u00e4 turvata s\u00e4hk\u00f6markkinalain mukainen kohtuullinen tuotto nopeasti muuttuvassa energiaj\u00e4rjestelm\u00e4ss\u00e4.<\/p>\n<p>Kantaverkon kehitt\u00e4minen mahdollistaa merkitt\u00e4v\u00e4sti uusia teollisia investointeja ja s\u00e4hk\u00f6ntuotantohankkeita Suomessa sek\u00e4 edist\u00e4\u00e4 s\u00e4hk\u00f6markkinoiden toimintaa ja osaltaan varmistaa huoltovarmuutta. Fingridin n\u00e4kemyksen mukaan valvontamenetelmien tulisi vahvemmin tukea t\u00e4t\u00e4 kehityst\u00e4.<\/p>\n<p><strong>Lue lis\u00e4\u00e4 <br \/><\/strong><a href=\"https:\/\/www.fingrid.fi\/ajankohtaista\/tiedotteet\/2025\/markkinaoikeus-on-hylannyt-fingridin-valituksen-valvontamenetelmia-koskevassa-asiassa\/\" rel=\"nofollow noopener\" target=\"_blank\">Markkinaoikeus on hyl\u00e4nnyt Fingridin valituksen valvontamenetelmi\u00e4 koskevassa asiassa<\/a>, 21.11.2025<\/p>\n<p><strong>Lis\u00e4tietoja<br \/><\/strong><strong>Asta Sihvonen-Punkka<\/strong>, toimitusjohtaja, Fingrid Oyj, puh. +358 30 395 5235<br \/><strong>Jussi Pohjanpalo<\/strong>, talous- ja rahoitusjohtaja, Fingrid Oyj, +358 30 395 5176\u00a0<br \/>s\u00e4hk\u00f6postit ovat muotoa\u00a0<a href=\"https:\/\/www.sttinfo.fi\/tiedote\/71711470\/mailto:etunimi.sukunimi@fingrid.fi\" rel=\"nofollow noopener\" target=\"_blank\">etunimi.sukunimi@fingrid.fi<\/a><\/p>\n","protected":false},"excerpt":{"rendered":"Markkinaoikeus hylk\u00e4si marraskuussa 2025 Fingridin valituksen Energiaviraston joulukuussa 2023 tekem\u00e4st\u00e4 p\u00e4\u00e4t\u00f6ksest\u00e4, joka koskee kantaverkkotoiminnan tuoton m\u00e4\u00e4ritt\u00e4mist\u00e4 koskevia valvontamenetelmi\u00e4&hellip;\n","protected":false},"author":2,"featured_media":125187,"comment_status":"","ping_status":"","sticky":false,"template":"","format":"standard","meta":{"footnotes":""},"categories":[76],"tags":[79,77,33,31,30,32,78],"class_list":{"0":"post-125186","1":"post","2":"type-post","3":"status-publish","4":"format-standard","5":"has-post-thumbnail","7":"category-talous","8":"tag-business","9":"tag-economy","10":"tag-fi","11":"tag-finland","12":"tag-finnish","13":"tag-suomi","14":"tag-talous"},"share_on_mastodon":{"url":"https:\/\/pubeurope.com\/@fi\/115777520539762626","error":""},"_links":{"self":[{"href":"https:\/\/www.europesays.com\/fi\/wp-json\/wp\/v2\/posts\/125186","targetHints":{"allow":["GET"]}}],"collection":[{"href":"https:\/\/www.europesays.com\/fi\/wp-json\/wp\/v2\/posts"}],"about":[{"href":"https:\/\/www.europesays.com\/fi\/wp-json\/wp\/v2\/types\/post"}],"author":[{"embeddable":true,"href":"https:\/\/www.europesays.com\/fi\/wp-json\/wp\/v2\/users\/2"}],"replies":[{"embeddable":true,"href":"https:\/\/www.europesays.com\/fi\/wp-json\/wp\/v2\/comments?post=125186"}],"version-history":[{"count":0,"href":"https:\/\/www.europesays.com\/fi\/wp-json\/wp\/v2\/posts\/125186\/revisions"}],"wp:featuredmedia":[{"embeddable":true,"href":"https:\/\/www.europesays.com\/fi\/wp-json\/wp\/v2\/media\/125187"}],"wp:attachment":[{"href":"https:\/\/www.europesays.com\/fi\/wp-json\/wp\/v2\/media?parent=125186"}],"wp:term":[{"taxonomy":"category","embeddable":true,"href":"https:\/\/www.europesays.com\/fi\/wp-json\/wp\/v2\/categories?post=125186"},{"taxonomy":"post_tag","embeddable":true,"href":"https:\/\/www.europesays.com\/fi\/wp-json\/wp\/v2\/tags?post=125186"}],"curies":[{"name":"wp","href":"https:\/\/api.w.org\/{rel}","templated":true}]}}