{"id":125188,"date":"2025-12-25T01:05:08","date_gmt":"2025-12-25T01:05:08","guid":{"rendered":"https:\/\/www.europesays.com\/fi\/125188\/"},"modified":"2025-12-25T01:05:08","modified_gmt":"2025-12-25T01:05:08","slug":"paihtynyt-pukki-pysaytti-junaliikennetta-ruotsissa-veti-hatajarrusta-uutisia-lyhyesti","status":"publish","type":"post","link":"https:\/\/www.europesays.com\/fi\/125188\/","title":{"rendered":"P\u00e4ihtynyt pukki pys\u00e4ytti junaliikennett\u00e4 Ruotsissa \u2013 veti h\u00e4t\u00e4jarrusta | Uutisia lyhyesti"},"content":{"rendered":"<p class=\"aw-1gybjub aw-5vja16 kEtdKx kmuxyA yle__article__paragraph\">Ruotsin valtiollisen rautatieyhti\u00f6n mukaan humalainen pukki aiheutti noin puolen tunnin viiv\u00e4styksi\u00e4, mutta liikenne on palautunut normaaliksi.<\/p>\n<p class=\"aw-1gybjub aw-1p7kakr kEtdKx cEmitX yle__article__paragraph\">Junat Tukholman ja Malm\u00f6 v\u00e4lill\u00e4 Ruotsissa olivat t\u00e4n\u00e4\u00e4n jouluaattona my\u00f6h\u00e4ss\u00e4. Siin\u00e4 ei ole sin\u00e4ns\u00e4 mit\u00e4\u00e4n erikoista, mutta t\u00e4ll\u00e4 kertaa viiv\u00e4stymisen syy oli poikkeuksellinen.<\/p>\n<p class=\"aw-1gybjub aw-1p7kakr kEtdKx cEmitX yle__article__paragraph\">P\u00e4ihtynyt joulupukiksi pukeutunut henkil\u00f6 veti junan h\u00e4t\u00e4jarrusta, sanomalehti <a class=\"aw-iao6s4 iHOxEa yle__article__link\" href=\"https:\/\/www.aftonbladet.se\/nyheter\/a\/3pJmVd\/berusad-tomte-stoppade-tagtrafiken-drog-i-nodbromsen\" role=\"link\" rel=\"nofollow noopener\" target=\"_blank\">Aftonbladet<\/a> ja uutiskoostepalvelu <a class=\"aw-iao6s4 iHOxEa yle__article__link\" href=\"https:\/\/omni.se\/full-tomte-drog-i-nodbromsen-tagforseningar\/a\/BxRb69\" role=\"link\" rel=\"nofollow noopener\" target=\"_blank\">Omni <\/a>kertovat.<\/p>\n<p class=\"aw-1gybjub aw-1p7kakr kEtdKx cEmitX yle__article__paragraph\">\u2013 Sen j\u00e4lkeen h\u00e4n hypp\u00e4si ulos ja juoksi tiehens\u00e4, Ruotsin valtion rautatieyhti\u00f6n SJ:n viestint\u00e4p\u00e4\u00e4llikk\u00f6 <strong class=\"aw-ak79eh KyCXm yle__article__strong\">Leila Fogelholm<\/strong> sanoo Aftonbladetille.<\/p>\n<p class=\"aw-1gybjub aw-1p7kakr kEtdKx cEmitX yle__article__paragraph\">\u2013 Suuri mysteeri on, minne joulupukki katosi. T\u00e4m\u00e4 on todella outoa.<\/p>\n<p class=\"aw-1gybjub aw-1p7kakr kEtdKx cEmitX yle__article__paragraph\">Tapaus sattui huoltojunassa, jossa ei ollut matkustajia. Huoltojunan pys\u00e4ytt\u00e4minen raiteille vaikutti kuitenkin muuhun junaliikenteeseen.<\/p>\n<p class=\"aw-1gybjub aw-1p7kakr kEtdKx cEmitX yle__article__paragraph\">SJ:n mukaan humalainen pukki aiheutti noin puolen tunnin viiv\u00e4styksi\u00e4, mutta liikenne on palautunut normaaliksi.<\/p>\n","protected":false},"excerpt":{"rendered":"Ruotsin valtiollisen rautatieyhti\u00f6n mukaan humalainen pukki aiheutti noin puolen tunnin viiv\u00e4styksi\u00e4, mutta liikenne on palautunut normaaliksi. Junat Tukholman&hellip;\n","protected":false},"author":2,"featured_media":74,"comment_status":"","ping_status":"","sticky":false,"template":"","format":"standard","meta":{"footnotes":""},"categories":[14],"tags":[22,23,26,27,33,31,30,17,14472,564,24,25,28,29,15,18,21,22295,1711,110,32,19,20,56,16,59,60,61],"class_list":{"0":"post-125188","1":"post","2":"type-post","3":"status-publish","4":"format-standard","5":"has-post-thumbnail","7":"category-ulkomaat","8":"tag-breaking-news","9":"tag-breakingnews","10":"tag-featured-news","11":"tag-featurednews","12":"tag-fi","13":"tag-finland","14":"tag-finnish","15":"tag-headlines","16":"tag-joulupukki","17":"tag-juhlat","18":"tag-latest-news","19":"tag-latestnews","20":"tag-main-news","21":"tag-mainnews","22":"tag-news","23":"tag-otsikot","24":"tag-paauutiset","25":"tag-paihtymys","26":"tag-rautatieliikenne","27":"tag-ruotsi","28":"tag-suomi","29":"tag-top-stories","30":"tag-topstories","31":"tag-ulkomaat","32":"tag-uutiset","33":"tag-world","34":"tag-world-news","35":"tag-worldnews"},"share_on_mastodon":{"url":"https:\/\/pubeurope.com\/@fi\/115777524574661543","error":""},"_links":{"self":[{"href":"https:\/\/www.europesays.com\/fi\/wp-json\/wp\/v2\/posts\/125188","targetHints":{"allow":["GET"]}}],"collection":[{"href":"https:\/\/www.europesays.com\/fi\/wp-json\/wp\/v2\/posts"}],"about":[{"href":"https:\/\/www.europesays.com\/fi\/wp-json\/wp\/v2\/types\/post"}],"author":[{"embeddable":true,"href":"https:\/\/www.europesays.com\/fi\/wp-json\/wp\/v2\/users\/2"}],"replies":[{"embeddable":true,"href":"https:\/\/www.europesays.com\/fi\/wp-json\/wp\/v2\/comments?post=125188"}],"version-history":[{"count":0,"href":"https:\/\/www.europesays.com\/fi\/wp-json\/wp\/v2\/posts\/125188\/revisions"}],"wp:featuredmedia":[{"embeddable":true,"href":"https:\/\/www.europesays.com\/fi\/wp-json\/wp\/v2\/media\/74"}],"wp:attachment":[{"href":"https:\/\/www.europesays.com\/fi\/wp-json\/wp\/v2\/media?parent=125188"}],"wp:term":[{"taxonomy":"category","embeddable":true,"href":"https:\/\/www.europesays.com\/fi\/wp-json\/wp\/v2\/categories?post=125188"},{"taxonomy":"post_tag","embeddable":true,"href":"https:\/\/www.europesays.com\/fi\/wp-json\/wp\/v2\/tags?post=125188"}],"curies":[{"name":"wp","href":"https:\/\/api.w.org\/{rel}","templated":true}]}}