{"id":125194,"date":"2025-12-25T01:23:34","date_gmt":"2025-12-25T01:23:34","guid":{"rendered":"https:\/\/www.europesays.com\/fi\/125194\/"},"modified":"2025-12-25T01:23:34","modified_gmt":"2025-12-25T01:23:34","slug":"louvren-apollo-gallerian-ikkunoihin-asennettiin-kalterit-uutisia-lyhyesti","status":"publish","type":"post","link":"https:\/\/www.europesays.com\/fi\/125194\/","title":{"rendered":"Louvren Apollo-gallerian ikkunoihin asennettiin kalterit | Uutisia lyhyesti"},"content":{"rendered":"<p class=\"aw-1gybjub aw-5vja16 kEtdKx kmuxyA yle__article__paragraph\">Apollo-galleriassa, josta ry\u00f6st\u00e4j\u00e4t p\u00e4\u00e4siv\u00e4t sis\u00e4\u00e4n, olivat kalterit viel\u00e4 2000-luvun alussa, mutta ne poistettiin kunnostust\u00f6iden yhteydess\u00e4.<\/p>\n<p><img decoding=\"async\" alt=\"Kaltereita asennetaan Louvren ikkunaan.\" src=\"https:\/\/www.europesays.com\/fi\/wp-content\/uploads\/2025\/12\/1766625814_260_39-1574169694a8d965b03b.jpeg\" class=\"aw-1l9m598 hKVVvP\"\/><\/p>\n<p>Avaa kuvien katselu<\/p>\n<p>Kalterit asennettiin t\u00e4n\u00e4\u00e4n tiistaina. Kuva: Dimitar Dilkoff \/ AFP<\/p>\n<p class=\"aw-1gybjub aw-1p7kakr kEtdKx cEmitX yle__article__paragraph\">Louvren museo on asentanut metallikalterit Apollo-gallerian ikkunoihin.<\/p>\n<p class=\"aw-1gybjub aw-1p7kakr kEtdKx cEmitX yle__article__paragraph\">Museon apulaisjohtaja <strong class=\"aw-ak79eh KyCXm yle__article__strong\">Francis Steinbockin<\/strong> mukaan kalterit p\u00e4\u00e4tettiin asentaa ennen vuoden vaihdetta h\u00e4t\u00e4toimena murtojen est\u00e4miseksi.<\/p>\n<p class=\"aw-1gybjub aw-1p7kakr kEtdKx cEmitX yle__article__paragraph\">My\u00f6s Louvren muut ikkunat suojataan kaltereilla my\u00f6hemmin.<\/p>\n<p>Kalterit otettiin pois 2000-luvun alussa<\/p>\n<p class=\"aw-1gybjub aw-1p7kakr kEtdKx cEmitX yle__article__paragraph\">Lokakuussa ry\u00f6st\u00e4j\u00e4t murtautuivat Pariisin kuuluisimpaan museoon Apollo-gallerian ikkunoiden kautta.<\/p>\n<p class=\"aw-1gybjub aw-1p7kakr kEtdKx cEmitX yle__article__paragraph\">Ry\u00f6st\u00e4j\u00e4t k\u00e4yttiv\u00e4t mekaanisella nostimella varustettua ajoneuvoa.<\/p>\n<p class=\"aw-1gybjub aw-1p7kakr kEtdKx cEmitX yle__article__paragraph\">Nostimella ry\u00f6st\u00e4j\u00e4t nousivat toisen kerroksen parvekkeelle ja sielt\u00e4 Apollo-galleriaan leikkureilla rikkomastaan ikkunasta.<\/p>\n<p class=\"aw-1gybjub aw-1p7kakr kEtdKx cEmitX yle__article__paragraph\">Varkaat rikkoivat kaksi lasivitriini\u00e4 ja veiv\u00e4t yhdeks\u00e4n jalokivikorua, joiden arvo on yli 100 miljoonaa euroa.<\/p>\n<p class=\"aw-1gybjub aw-1p7kakr kEtdKx cEmitX yle__article__paragraph\">Apollo-galleriassa, josta ry\u00f6st\u00e4j\u00e4t p\u00e4\u00e4siv\u00e4t sis\u00e4\u00e4n, olivat kalterit viel\u00e4 2000-luvun alussa, mutta ne poistettiin vuosina 2003\u20132004 kunnostust\u00f6iden yhteydess\u00e4.<\/p>\n<p class=\"aw-1gybjub aw-1p7kakr kEtdKx cEmitX yle__article__paragraph\">Museon apulaisjohtajan mukaan Louvren turvallisuusstandardeja on arvioitu lokakuussa tapahtuneen ry\u00f6st\u00f6n j\u00e4lkeen.<\/p>\n<p class=\"aw-1gybjub aw-1p7kakr kEtdKx cEmitX yle__article__paragraph\">T\u00e4ll\u00e4 hetkell\u00e4 poliisin yksikk\u00f6 on sijoitettu museoon, ja Louvre aikoo lis\u00e4t\u00e4 videovalvontaa koko alueella. Lis\u00e4ksi museon ymp\u00e4rille on asennettu tunkeutumisen est\u00e4miseksi tarkoitettuja j\u00e4rjestelmi\u00e4.<\/p>\n<p class=\"aw-1gybjub aw-1p7kakr kEtdKx cEmitX yle__article__paragraph\">L\u00e4hde: AFP<\/p>\n","protected":false},"excerpt":{"rendered":"Apollo-galleriassa, josta ry\u00f6st\u00e4j\u00e4t p\u00e4\u00e4siv\u00e4t sis\u00e4\u00e4n, olivat kalterit viel\u00e4 2000-luvun alussa, mutta ne poistettiin kunnostust\u00f6iden yhteydess\u00e4. Avaa kuvien katselu&hellip;\n","protected":false},"author":2,"featured_media":124030,"comment_status":"","ping_status":"","sticky":false,"template":"","format":"standard","meta":{"footnotes":""},"categories":[135],"tags":[389,387,388,390,137,33,31,30,22155,15136,966,4680,1422,581,32,394,393,391,392,109],"class_list":{"0":"post-125194","1":"post","2":"type-post","3":"status-publish","4":"format-standard","5":"has-post-thumbnail","7":"category-taiteet-ja-suunnittelu","8":"tag-arts","9":"tag-arts-and-design","10":"tag-artsanddesign","11":"tag-design","12":"tag-entertainment","13":"tag-fi","14":"tag-finland","15":"tag-finnish","16":"tag-kameravalvonta","17":"tag-louvre","18":"tag-museot","19":"tag-omaisuusrikokset","20":"tag-ranska","21":"tag-rikokset","22":"tag-suomi","23":"tag-suunnittelu","24":"tag-taiteet","25":"tag-taiteet-ja-suunnittelu","26":"tag-taiteetsuunnittelu","27":"tag-viihde"},"share_on_mastodon":{"url":"https:\/\/pubeurope.com\/@fi\/115777596278830356","error":""},"_links":{"self":[{"href":"https:\/\/www.europesays.com\/fi\/wp-json\/wp\/v2\/posts\/125194","targetHints":{"allow":["GET"]}}],"collection":[{"href":"https:\/\/www.europesays.com\/fi\/wp-json\/wp\/v2\/posts"}],"about":[{"href":"https:\/\/www.europesays.com\/fi\/wp-json\/wp\/v2\/types\/post"}],"author":[{"embeddable":true,"href":"https:\/\/www.europesays.com\/fi\/wp-json\/wp\/v2\/users\/2"}],"replies":[{"embeddable":true,"href":"https:\/\/www.europesays.com\/fi\/wp-json\/wp\/v2\/comments?post=125194"}],"version-history":[{"count":0,"href":"https:\/\/www.europesays.com\/fi\/wp-json\/wp\/v2\/posts\/125194\/revisions"}],"wp:featuredmedia":[{"embeddable":true,"href":"https:\/\/www.europesays.com\/fi\/wp-json\/wp\/v2\/media\/124030"}],"wp:attachment":[{"href":"https:\/\/www.europesays.com\/fi\/wp-json\/wp\/v2\/media?parent=125194"}],"wp:term":[{"taxonomy":"category","embeddable":true,"href":"https:\/\/www.europesays.com\/fi\/wp-json\/wp\/v2\/categories?post=125194"},{"taxonomy":"post_tag","embeddable":true,"href":"https:\/\/www.europesays.com\/fi\/wp-json\/wp\/v2\/tags?post=125194"}],"curies":[{"name":"wp","href":"https:\/\/api.w.org\/{rel}","templated":true}]}}