{"id":125197,"date":"2025-12-25T01:32:37","date_gmt":"2025-12-25T01:32:37","guid":{"rendered":"https:\/\/www.europesays.com\/fi\/125197\/"},"modified":"2025-12-25T01:32:37","modified_gmt":"2025-12-25T01:32:37","slug":"pori-jazz-julkaisi-ensimmaiset-esiintyjat-stara-fi","status":"publish","type":"post","link":"https:\/\/www.europesays.com\/fi\/125197\/","title":{"rendered":"Pori Jazz julkaisi ensimm\u00e4iset esiintyj\u00e4t \u2013 Stara.fi"},"content":{"rendered":"<p>Kansainv\u00e4linen Pori Jazz j\u00e4rjestet\u00e4\u00e4n 59. kerran 10.-18. hein\u00e4kuuta 2026. Festivaalin p\u00e4\u00e4konsertit pidet\u00e4\u00e4n Kirjurinluodon konserttipuistossa torstaista 16.7. lauantaihin 18.7., ja ohjelmaan on luvassa tuttuun tapaan laaja kattaus kansainv\u00e4lisi\u00e4 huippuartisteja sek\u00e4 kotimaisia suosikkeja.<\/p>\n<p>MAINOS ALKAAMAINOS LOPPUU<\/p>\n<p>Torstain 16. hein\u00e4kuuta p\u00e4\u00e4konsertissa esiintyv\u00e4t italialainen kitaravirtuoosi Matteo Mancuso, yhdysvaltalainen vibrafonisti Sasha Berliner sek\u00e4 uransa alkuvaiheiden 50-vuotista taivalta juhlistava Mikko Kuustonen.<\/p>\n<p>Perjantaina 17. hein\u00e4kuuta Kirjurinluodon lavalle nousevat muun muassa yksi aikamme arvostetuimmista jazzlaulajista C\u00e9cile McLorin Salvant, soulia, funkia ja R&amp;B:t\u00e4 yhdist\u00e4v\u00e4 Jalen Ngonda sek\u00e4 salaper\u00e4inen soul-artisti Pale Jay. Lis\u00e4ksi esiintyv\u00e4t aasialaisia rytmej\u00e4 funkiin ja souliin yhdistelev\u00e4 rumpali Salin sek\u00e4 soolouralleen palaava Vesala.<\/p>\n<p>MAINOS ALKAAMAINOS LOPPUU<\/p>\n<p>Lauantain 18. p\u00e4iv\u00e4n p\u00e4\u00e4konsertin k\u00e4rkinimi on kolumbialainen latinot\u00e4hti Juanes. P\u00e4iv\u00e4n ohjelmassa kuullaan my\u00f6s jazzia ja rytmimusiikkia yhdist\u00e4v\u00e4 Victor Wooten &amp; The Wooten Brothers, newyorkilainen Say She She -yhtye sek\u00e4 p\u00e4ivitetyn kokoonpanon kanssa palaava Ricky-Tick Big Band &amp; Julkinen Sana.<\/p>\n<p>Festivaalin ohjelmaa t\u00e4ydennet\u00e4\u00e4n viel\u00e4 alkuvuodesta, jolloin julkaistaan muun muassa p\u00e4\u00e4konsertti-iltojen huipentavat artistit. Liput kes\u00e4n 2026 Pori Jazzeille ovat jo myynniss\u00e4 ennakkohintaan vuoden loppuun asti, mutta hinnat nousevat 1.1.2026. Avoimet p\u00e4iv\u00e4liput ovat saatavilla alkaen 115 eurosta ja kolmen p\u00e4iv\u00e4n liput alkaen 209 eurosta.<\/p>\n<p>MAINOS ALKAAMAINOS LOPPUU<\/p>\n<p>\n\t\t\t\tVoit halutessasi lukea Starassa my\u00f6s lis\u00e4\u00e4 juuri t\u00e4h\u00e4n artikkeliin liittyvist\u00e4 teemoista ja aiheista, kuten <a href=\"https:\/\/www.stara.fi\/asiasanat\/pori-jazz\/\" rel=\"tag nofollow noopener\" target=\"_blank\">Pori Jazz<\/a> tai laajemmin aihealueesta <a href=\"https:\/\/www.stara.fi\/category\/viihdeuutiset\/\" rel=\"category tag nofollow noopener\" target=\"_blank\">Viihdeuutiset<\/a>.\n\t\t\t<\/p>\n","protected":false},"excerpt":{"rendered":"Kansainv\u00e4linen Pori Jazz j\u00e4rjestet\u00e4\u00e4n 59. kerran 10.-18. hein\u00e4kuuta 2026. Festivaalin p\u00e4\u00e4konsertit pidet\u00e4\u00e4n Kirjurinluodon konserttipuistossa torstaista 16.7. lauantaihin 18.7.,&hellip;\n","protected":false},"author":2,"featured_media":125198,"comment_status":"","ping_status":"","sticky":false,"template":"","format":"standard","meta":{"footnotes":""},"categories":[130],"tags":[137,33,31,30,32,109],"class_list":{"0":"post-125197","1":"post","2":"type-post","3":"status-publish","4":"format-standard","5":"has-post-thumbnail","7":"category-viihde","8":"tag-entertainment","9":"tag-fi","10":"tag-finland","11":"tag-finnish","12":"tag-suomi","13":"tag-viihde"},"share_on_mastodon":{"url":"https:\/\/pubeurope.com\/@fi\/115777630624925831","error":""},"_links":{"self":[{"href":"https:\/\/www.europesays.com\/fi\/wp-json\/wp\/v2\/posts\/125197","targetHints":{"allow":["GET"]}}],"collection":[{"href":"https:\/\/www.europesays.com\/fi\/wp-json\/wp\/v2\/posts"}],"about":[{"href":"https:\/\/www.europesays.com\/fi\/wp-json\/wp\/v2\/types\/post"}],"author":[{"embeddable":true,"href":"https:\/\/www.europesays.com\/fi\/wp-json\/wp\/v2\/users\/2"}],"replies":[{"embeddable":true,"href":"https:\/\/www.europesays.com\/fi\/wp-json\/wp\/v2\/comments?post=125197"}],"version-history":[{"count":0,"href":"https:\/\/www.europesays.com\/fi\/wp-json\/wp\/v2\/posts\/125197\/revisions"}],"wp:featuredmedia":[{"embeddable":true,"href":"https:\/\/www.europesays.com\/fi\/wp-json\/wp\/v2\/media\/125198"}],"wp:attachment":[{"href":"https:\/\/www.europesays.com\/fi\/wp-json\/wp\/v2\/media?parent=125197"}],"wp:term":[{"taxonomy":"category","embeddable":true,"href":"https:\/\/www.europesays.com\/fi\/wp-json\/wp\/v2\/categories?post=125197"},{"taxonomy":"post_tag","embeddable":true,"href":"https:\/\/www.europesays.com\/fi\/wp-json\/wp\/v2\/tags?post=125197"}],"curies":[{"name":"wp","href":"https:\/\/api.w.org\/{rel}","templated":true}]}}