{"id":125207,"date":"2025-12-25T01:46:27","date_gmt":"2025-12-25T01:46:27","guid":{"rendered":"https:\/\/www.europesays.com\/fi\/125207\/"},"modified":"2025-12-25T01:46:27","modified_gmt":"2025-12-25T01:46:27","slug":"merenkurkussa-nakyy-tanaan-savua-valassaarilla-kulotetaan-nummea-jotta-luonto-ei-metsittyisi-pohjanmaa","status":"publish","type":"post","link":"https:\/\/www.europesays.com\/fi\/125207\/","title":{"rendered":"Merenkurkussa n\u00e4kyy t\u00e4n\u00e4\u00e4n savua \u2013 Valassaarilla kulotetaan nummea, jotta luonto ei metsittyisi | Pohjanmaa"},"content":{"rendered":"<p class=\"aw-1gybjub aw-5vja16 kEtdKx kmuxyA yle__article__paragraph\">Ilman toimenpiteit\u00e4 muun muassa matalakasvuiset nummet peittyv\u00e4t ensin katajalla, mink\u00e4 j\u00e4lkeen alue alkaa metsitty\u00e4 yleens\u00e4 m\u00e4nnyill\u00e4 ja lehtipuilla. <\/p>\n<p><img decoding=\"async\" alt=\"Kulotus levi\u00e4\u00e4 avonaisella alueella merenkurkun saaressa, liekkien ja savun t\u00e4ytt\u00e4ess\u00e4 taivaan.\" src=\"https:\/\/www.europesays.com\/fi\/wp-content\/uploads\/2025\/12\/39-1454312680795adab23a.jpeg\" class=\"aw-1l9m598 hKVVvP\"\/><\/p>\n<p>Avaa kuvien katselu<\/p>\n<p>L\u00e4hell\u00e4 Valassaaria kulotettiin Bj\u00f6rk\u00f6grundenilla saaren kasvillisuutta toukokuussa 2022. Kuva: Lise-Lotte Flemming \/ Mets\u00e4hallitus<\/p>\n<ul class=\"aw-1jjocuh iJTSwP yle__article__list yle__article__list--ul\">\n<li class=\"aw-1j7gwms gNYKfi\">Mets\u00e4hallitus ja talkoolaiset polttavat t\u00e4n\u00e4\u00e4n Valassaarilla nummea, jota ei ole kulotettu vuosikymmeniin.<\/li>\n<li class=\"aw-1j7gwms gNYKfi\">Kulotuksen avulla pyrit\u00e4\u00e4n est\u00e4m\u00e4\u00e4n metsittymist\u00e4.<\/li>\n<li class=\"aw-1j7gwms gNYKfi\">Alueella on rakennuksia ja muinaismuistoja, jotka vaikuttavat kulotuksen toteutukseen.<\/li>\n<li class=\"aw-1j7gwms gNYKfi\">Mets\u00e4hallitus aikoo jatkaa kulotust\u00f6it\u00e4 ensi vuonna tai mahdollisesti jo syksyll\u00e4.<\/li>\n<\/ul>\n<p class=\"aw-1gybjub aw-1p7kakr kEtdKx cEmitX yle__article__paragraph\">T\u00e4m\u00e4 on teko\u00e4lyn avulla tuotettu, toimittajan tarkistama tiivistelm\u00e4. <a class=\"aw-iao6s4 iHOxEa yle__article__link\" href=\"https:\/\/yle.fi\/a\/74-20128257\" role=\"link\" rel=\"nofollow noopener\" target=\"_blank\">Pid\u00e4tk\u00f6 tiivistelmist\u00e4? Anna palautetta<\/a>.<\/p>\n<p class=\"aw-1gybjub aw-1p7kakr kEtdKx cEmitX yle__article__paragraph\">Mets\u00e4hallitus ja vapaaehtoiset talkoolaiset polttavat t\u00e4n\u00e4\u00e4n keskiviikkona Valassaarilla Merenkurkussa nummea, jota ei ole kulotettu vuosikymmeniin.<\/p>\n<p class=\"aw-1gybjub aw-1p7kakr kEtdKx cEmitX yle__article__paragraph\">Kulotuksesta aiheutuva savu voi n\u00e4ky\u00e4 saaristossa kauas. Mets\u00e4hallitus pyyt\u00e4\u00e4 polttamisen aikaan alueella liikkuvia pysyttelem\u00e4\u00e4n turvallisuussyist\u00e4 v\u00e4hint\u00e4\u00e4n sadan metrin et\u00e4isyydell\u00e4 kulotettavasta alueesta.<\/p>\n<p class=\"aw-1gybjub aw-1p7kakr kEtdKx cEmitX yle__article__paragraph\">Tarkoituksena on est\u00e4\u00e4 sit\u00e4 kasvamasta umpeen. Ilman toimenpiteit\u00e4 matalakasvuiset nummet peittyv\u00e4t ensin katajalla, mink\u00e4 j\u00e4lkeen alue alkaa metsitty\u00e4.<\/p>\n<p class=\"aw-1gybjub aw-1p7kakr kEtdKx cEmitX yle__article__paragraph\">Kulottaminen oli ennen yleinen nummenhoitotapa. Viime vuosina sit\u00e4 on elvytetty muualla Bj\u00f6rk\u00f6byn saaristossa.<\/p>\n<p class=\"aw-1gybjub aw-1p7kakr kEtdKx cEmitX yle__article__paragraph\">Kulotuksessa kasvillisuuden sukkessio alkaa l\u00e4hes uudelleen alusta ja nummelle ominaiset kasvilajit saavat kasvutilaa. Nummilla kasvaa enimm\u00e4kseen variksenmarjaa, kanervaa, matalia varpuja ja hein\u00e4\u00e4.<\/p>\n<p class=\"aw-1gybjub aw-1p7kakr kEtdKx cEmitX yle__article__paragraph\">\u2013 On paljon lajeja, kuten hy\u00f6nteisi\u00e4 ja lintuja, jotka ovat riippuvaisia avoimista nummiymp\u00e4rist\u00f6ist\u00e4. Jos ymp\u00e4rist\u00f6t metsistyv\u00e4t, niin lajit k\u00e4yv\u00e4t yh\u00e4 harvalukuisemmiksi, sanoo luonnonsuojelun erityisasiantuntija <strong class=\"aw-ak79eh KyCXm yle__article__strong\">Aurelia R\u00e5dstr\u00f6m<\/strong> Mets\u00e4hallituksen luontopalveluista.<\/p>\n<p><img decoding=\"async\" alt=\"Muinaismuisto saaristossa: Kivist\u00e4 koottu, vuosisatojen takainen kalmisto, jota ymp\u00e4r\u00f6iv\u00e4t karu luonto ja matalat varvut.\" src=\"https:\/\/www.europesays.com\/fi\/wp-content\/uploads\/2025\/12\/39-14545476808a46009aa1.jpeg\" loading=\"lazy\" class=\"aw-1l9m598 hKVVvP\"\/><\/p>\n<p>Avaa kuvien katselu<\/p>\n<p>Muinaismuisto Valassaarilla. Niin kutsuttu \u201dtomtning\u201d eli kivinen suoja, jossa kalastajat tai hylkeenpyyt\u00e4j\u00e4t ovat suojautuneet s\u00e4\u00e4lt\u00e4.  Kuva: Aurelia R\u00e5dstr\u00f6m \/ Mets\u00e4hallitus<\/p>\n<p class=\"aw-1gybjub aw-1p7kakr kEtdKx cEmitX yle__article__paragraph\">Valassaaret kuuluvat Valassaarten\u2013Bj\u00f6rk\u00f6grundenin vuonna 1977 perustettuun luonnonsuojelualueeseen, jonka omistaa Bj\u00f6rk\u00f6n osakaskunta. Saarella laiduntaa nykyisin noin 150\u2013200 lammasta. My\u00f6s laiduntaminen auttaa yll\u00e4pit\u00e4m\u00e4\u00e4n nummikasvillisuutta.<\/p>\n<p class=\"aw-1gybjub aw-1p7kakr kEtdKx cEmitX yle__article__paragraph\">\u2013 Lampaat eiv\u00e4t yksist\u00e4\u00e4n riit\u00e4 pit\u00e4m\u00e4\u00e4n pois havupuita. Katajien sek\u00e4 puuston raivaaminen k\u00e4sin on kova puuhaa, ja kulotus on perinteinen tapa parantaa laidunmaita ja marjasatoa, kertoo R\u00e5dstr\u00f6m.<\/p>\n<p>Kulotuksessa paljon huomioitavaa<\/p>\n<p class=\"aw-1gybjub aw-1p7kakr kEtdKx cEmitX yle__article__paragraph\">Valassaarilla on my\u00f6s rakennuksia ja paljon muinaismuistoja, jotka tuovat oman haasteensa kulottamiseen. Siell\u00e4 on my\u00f6s jonkin verran tutkimukseen liittyv\u00e4\u00e4 infraa, sill\u00e4 Ostrobothnia Australis on tehnyt alueella lepakkotutkimusta ja luonnonvarakeskus Luke kalojen siirtymiseen liittyv\u00e4\u00e4 tutkimusta.<\/p>\n<p class=\"aw-1gybjub aw-1p7kakr kEtdKx cEmitX yle__article__paragraph\">\u2013 T\u00e4m\u00e4n vuoksi sit\u00e4 on pidetty v\u00e4h\u00e4n j\u00e4nnitt\u00e4v\u00e4n\u00e4 paikkana kulottaa. Siksi olemme aloittaneet saarilta, jotka ovat pienempi\u00e4 ja helposti hallittavia. Sit\u00e4 mit\u00e4 t\u00e4ll\u00e4 kertaa j\u00e4\u00e4 kulottamatta, jatketaan ensi vuonna tai mahdollisesti jo syksyll\u00e4, sill\u00e4 hoidettavaa aluetta on paljon, sanoo R\u00e5dstr\u00f6m.<\/p>\n","protected":false},"excerpt":{"rendered":"Ilman toimenpiteit\u00e4 muun muassa matalakasvuiset nummet peittyv\u00e4t ensin katajalla, mink\u00e4 j\u00e4lkeen alue alkaa metsitty\u00e4 yleens\u00e4 m\u00e4nnyill\u00e4 ja lehtipuilla.&hellip;\n","protected":false},"author":2,"featured_media":125208,"comment_status":"","ping_status":"","sticky":false,"template":"","format":"standard","meta":{"footnotes":""},"categories":[117],"tags":[22300,33,31,30,71,22297,72,1847,22299,6356,476,449,118,32,119,22296,22298,477],"class_list":{"0":"post-125207","1":"post","2":"type-post","3":"status-publish","4":"format-standard","5":"has-post-thumbnail","7":"category-luonto","8":"tag-bjorkoby","9":"tag-fi","10":"tag-finland","11":"tag-finnish","12":"tag-kotimaa","13":"tag-kulotus","14":"tag-luonto","15":"tag-metsahallitus","16":"tag-metsien-hallinta","17":"tag-mustasaari","18":"tag-nature","19":"tag-pohjanmaa","20":"tag-science","21":"tag-suomi","22":"tag-tiede","23":"tag-valassaaret","24":"tag-variksenmarja","25":"tag-wildlife"},"share_on_mastodon":{"url":"https:\/\/pubeurope.com\/@fi\/115777687023178294","error":""},"_links":{"self":[{"href":"https:\/\/www.europesays.com\/fi\/wp-json\/wp\/v2\/posts\/125207","targetHints":{"allow":["GET"]}}],"collection":[{"href":"https:\/\/www.europesays.com\/fi\/wp-json\/wp\/v2\/posts"}],"about":[{"href":"https:\/\/www.europesays.com\/fi\/wp-json\/wp\/v2\/types\/post"}],"author":[{"embeddable":true,"href":"https:\/\/www.europesays.com\/fi\/wp-json\/wp\/v2\/users\/2"}],"replies":[{"embeddable":true,"href":"https:\/\/www.europesays.com\/fi\/wp-json\/wp\/v2\/comments?post=125207"}],"version-history":[{"count":0,"href":"https:\/\/www.europesays.com\/fi\/wp-json\/wp\/v2\/posts\/125207\/revisions"}],"wp:featuredmedia":[{"embeddable":true,"href":"https:\/\/www.europesays.com\/fi\/wp-json\/wp\/v2\/media\/125208"}],"wp:attachment":[{"href":"https:\/\/www.europesays.com\/fi\/wp-json\/wp\/v2\/media?parent=125207"}],"wp:term":[{"taxonomy":"category","embeddable":true,"href":"https:\/\/www.europesays.com\/fi\/wp-json\/wp\/v2\/categories?post=125207"},{"taxonomy":"post_tag","embeddable":true,"href":"https:\/\/www.europesays.com\/fi\/wp-json\/wp\/v2\/tags?post=125207"}],"curies":[{"name":"wp","href":"https:\/\/api.w.org\/{rel}","templated":true}]}}