{"id":125209,"date":"2025-12-25T02:00:09","date_gmt":"2025-12-25T02:00:09","guid":{"rendered":"https:\/\/www.europesays.com\/fi\/125209\/"},"modified":"2025-12-25T02:00:09","modified_gmt":"2025-12-25T02:00:09","slug":"lahjoittiko-riley-keough-munasolujaan-john-travoltalle-oikeusasiakirjat-puhuttavat-stara-fi","status":"publish","type":"post","link":"https:\/\/www.europesays.com\/fi\/125209\/","title":{"rendered":"Lahjoittiko Riley Keough munasolujaan John Travoltalle? Oikeusasiakirjat puhuttavat \u2013 Stara.fi"},"content":{"rendered":"<p>N\u00e4yttelij\u00e4 Riley Keough on tullut monille tutuksi h\u00e4nen t\u00f6ist\u00e4\u00e4n elokuvien parissa. Moni muistaa my\u00f6s naisen sukujuuret, koska h\u00e4n on Lisa Maria Presleyn ja Danny Keoughin lapsi eli Elvis Presleyn ja Priscilla Presleyn vanhin lapsenlapsi. Nyt Riley Keoughin v\u00e4itet\u00e4\u00e4n lahjoittaneen munasolujaan <a href=\"https:\/\/www.stara.fi\/asiasanat\/John-Travolta\" title=\"Lue lis\u00e4\u00e4 aiheesta John Travolta\" class=\"nimilinkki nimilinkki-john-travolta\" rel=\"nofollow noopener\" target=\"_blank\"><strong>John Travolta<\/strong><\/a>lle ja h\u00e4nen edesmenneelle vaimolleen Kelly Prestonille, mink\u00e4 johdosta he ovat saaneet heid\u00e4n poikansa Benjaminin.<\/p>\n<p>MAINOS ALKAAMAINOS LOPPUU<\/p>\n<p>T\u00e4m\u00e4 k\u00e4vi <a href=\"https:\/\/people.com\/riley-keough-allegedly-donated-eggs-to-john-travolta-kelly-preston-for-son-ben-11871637\" rel=\"nofollow noopener\" target=\"_blank\">People<\/a>-sivuston mukaan ilmi oikeusasiakirjoista, jotka uutissivusto on saanut haltuunsa. V\u00e4ite sis\u00e4ltyy Priscilla Presleyn entisten liikekumppaneiden Brigitte Krusen ja Kevin Fialkon tekem\u00e4\u00e4n muokattuun valitukseen.<\/p>\n<p>Asiakirjojen mukaan 36-vuotias Keough olisi luovuttanut munasolujaan pariskunnalle noin vuonna 2010. Benjamin Travolta on nyt 15-vuotias. V\u00e4itteet esitet\u00e4\u00e4n oikeusjutussa, joka liittyy laajempaan kiistaan Lisa Marie Presleyn kuoleman j\u00e4lkeisist\u00e4 perint\u00f6- ja liiketoimintaj\u00e4rjestelyist\u00e4.<\/p>\n<p>MAINOS ALKAAMAINOS LOPPUU<\/p>\n<p>Valituksessa kerrotaan, ett\u00e4 Lisa Marien ex-puoliso Michael Lockwood olisi v\u00e4itt\u00e4nyt Kelly Prestonin olleen kykenem\u00e4t\u00f6n saamaan lapsia ja ett\u00e4 aiemmin olisi harkittu my\u00f6s Lisa Marien munasolujen k\u00e4ytt\u00f6\u00e4. Asiakirjoista ei k\u00e4y ilmi, ett\u00e4 johtiko juuri t\u00e4m\u00e4 yritys lapseen. My\u00f6hemmin Travoltan kerrotaan kuitenkin valinneen k\u00e4ytt\u00e4\u00e4 Keoughin munasoluja.<\/p>\n<p>Oikeusasiakirjojen mukaan Riley Keough olisi saanut munasolujen luovutuksesta korvauksena rahaa 10.000-20.000 dollarin verran sek\u00e4 vanhan Jaguar-auton. V\u00e4itteet perustuvat asioihin, joita Lockwood oli kertonut Kruselle ja Fialkolle, eik\u00e4 niit\u00e4 ole toistaiseksi vahvistettu oikeudessa.<\/p>\n<p>MAINOS ALKAAMAINOS LOPPUU<\/p>\n<p>Priscilla Presleyn <a href=\"https:\/\/www.stara.fi\/2010\/12\/31\/alma-media-havisi-etuovi-tavaramerkkiriidan-asianajaja-marja-tommila-edusti-yhtiota\/\" title=\"Lue lis\u00e4\u00e4 aiheesta asianajaja\" class=\"nimilinkki nimilinkki-asianajaja\" rel=\"nofollow noopener\" target=\"_blank\"><strong>asianajaja<\/strong><\/a>t ovat kiist\u00e4neet v\u00e4itteet jyrk\u00e4sti ja kutsuneet niit\u00e4 loukkaaviksi ja asiaankuulumattomiksi. My\u00f6s Riley Keough ja Priscilla Presley ovat aiemmin todenneet, ett\u00e4 he pit\u00e4v\u00e4t syyt\u00f6ksi\u00e4 per\u00e4tt\u00f6min\u00e4 ja vahingollisina heid\u00e4n perheelleen. Heid\u00e4n mukaansa perheen ensisijainen tavoite on kunnioittaa Lisa Marien muistoa ja suojella Elvis Presleyn perint\u00f6\u00e4.<\/p>\n<p>\n\t\t\t\tVoit halutessasi lukea Starassa my\u00f6s lis\u00e4\u00e4 juuri t\u00e4h\u00e4n artikkeliin liittyvist\u00e4 teemoista ja aiheista, kuten <a href=\"https:\/\/www.stara.fi\/asiasanat\/john-travolta\/\" rel=\"tag nofollow noopener\" target=\"_blank\">John Travolta<\/a>, <a href=\"https:\/\/www.stara.fi\/asiasanat\/kelly-preston\/\" rel=\"tag nofollow noopener\" target=\"_blank\">Kelly Preston<\/a>, <a href=\"https:\/\/www.stara.fi\/asiasanat\/riley-keough\/\" rel=\"tag nofollow noopener\" target=\"_blank\">Riley Keough<\/a> tai laajemmin t\u00e4st\u00e4 aihealueesta <a href=\"https:\/\/www.stara.fi\/category\/viihdeuutiset\/\" rel=\"category tag nofollow noopener\" target=\"_blank\">Viihdeuutiset<\/a> -osioistamme.\n\t\t\t<\/p>\n","protected":false},"excerpt":{"rendered":"N\u00e4yttelij\u00e4 Riley Keough on tullut monille tutuksi h\u00e4nen t\u00f6ist\u00e4\u00e4n elokuvien parissa. Moni muistaa my\u00f6s naisen sukujuuret, koska h\u00e4n&hellip;\n","protected":false},"author":2,"featured_media":125210,"comment_status":"","ping_status":"","sticky":false,"template":"","format":"standard","meta":{"footnotes":""},"categories":[136],"tags":[407,137,33,31,30,408,32,109],"class_list":{"0":"post-125209","1":"post","2":"type-post","3":"status-publish","4":"format-standard","5":"has-post-thumbnail","7":"category-julkkikset","8":"tag-celebrities","9":"tag-entertainment","10":"tag-fi","11":"tag-finland","12":"tag-finnish","13":"tag-julkkikset","14":"tag-suomi","15":"tag-viihde"},"share_on_mastodon":{"url":"https:\/\/pubeurope.com\/@fi\/115777740656559912","error":""},"_links":{"self":[{"href":"https:\/\/www.europesays.com\/fi\/wp-json\/wp\/v2\/posts\/125209","targetHints":{"allow":["GET"]}}],"collection":[{"href":"https:\/\/www.europesays.com\/fi\/wp-json\/wp\/v2\/posts"}],"about":[{"href":"https:\/\/www.europesays.com\/fi\/wp-json\/wp\/v2\/types\/post"}],"author":[{"embeddable":true,"href":"https:\/\/www.europesays.com\/fi\/wp-json\/wp\/v2\/users\/2"}],"replies":[{"embeddable":true,"href":"https:\/\/www.europesays.com\/fi\/wp-json\/wp\/v2\/comments?post=125209"}],"version-history":[{"count":0,"href":"https:\/\/www.europesays.com\/fi\/wp-json\/wp\/v2\/posts\/125209\/revisions"}],"wp:featuredmedia":[{"embeddable":true,"href":"https:\/\/www.europesays.com\/fi\/wp-json\/wp\/v2\/media\/125210"}],"wp:attachment":[{"href":"https:\/\/www.europesays.com\/fi\/wp-json\/wp\/v2\/media?parent=125209"}],"wp:term":[{"taxonomy":"category","embeddable":true,"href":"https:\/\/www.europesays.com\/fi\/wp-json\/wp\/v2\/categories?post=125209"},{"taxonomy":"post_tag","embeddable":true,"href":"https:\/\/www.europesays.com\/fi\/wp-json\/wp\/v2\/tags?post=125209"}],"curies":[{"name":"wp","href":"https:\/\/api.w.org\/{rel}","templated":true}]}}