{"id":125211,"date":"2025-12-25T02:07:17","date_gmt":"2025-12-25T02:07:17","guid":{"rendered":"https:\/\/www.europesays.com\/fi\/125211\/"},"modified":"2025-12-25T02:07:17","modified_gmt":"2025-12-25T02:07:17","slug":"justus-kunnas-osui-suomi-paidassa-valkeakosken-sanomat","status":"publish","type":"post","link":"https:\/\/www.europesays.com\/fi\/125211\/","title":{"rendered":"Justus Kunnas osui Suomi-paidassa &#8211; Valkeakosken Sanomat"},"content":{"rendered":"<p>Mad Maxin pelaajia oli mukana futsalin maajoukkueissa.<\/p>\n<p>24.12. 6:00<\/p>\n<p class=\"article-body mb-nof-24 px-nof-16\">Valkeakosken Mad Maxin t\u00e4htipelaaja <a class=\"article-personlink\" href=\"https:\/\/www.valkeakoskensanomat.fi\/haku\/?query=Justus%20Kunnas\" rel=\"nofollow noopener\" target=\"_blank\">Justus Kunnas<\/a> loistaa my\u00f6s Suomi-paita p\u00e4\u00e4ll\u00e4.<\/p>\n<p class=\"article-body mb-nof-24 px-nof-16\">Kunnas on johdattanut Mad Maxin miesten Futsal-liigassa sarjak\u00e4rkeen, kun vuosi vaihtuu uudeksi. Kunnas on p\u00e4\u00e4ssyt my\u00f6s miesten maajoukkueeseen ja ennen joulua h\u00e4n osui maaottelussa Italiaa vastaan.<\/p>\n","protected":false},"excerpt":{"rendered":"Mad Maxin pelaajia oli mukana futsalin maajoukkueissa. 24.12. 6:00 Valkeakosken Mad Maxin t\u00e4htipelaaja Justus Kunnas loistaa my\u00f6s Suomi-paita&hellip;\n","protected":false},"author":2,"featured_media":125212,"comment_status":"","ping_status":"","sticky":false,"template":"","format":"standard","meta":{"footnotes":""},"categories":[158],"tags":[33,31,30,159,32,160,3856],"class_list":{"0":"post-125211","1":"post","2":"type-post","3":"status-publish","4":"format-standard","5":"has-post-thumbnail","7":"category-urheilu","8":"tag-fi","9":"tag-finland","10":"tag-finnish","11":"tag-sports","12":"tag-suomi","13":"tag-urheilu","14":"tag-valkeakosken-sanomat"},"share_on_mastodon":{"url":"https:\/\/pubeurope.com\/@fi\/115777768301396420","error":""},"_links":{"self":[{"href":"https:\/\/www.europesays.com\/fi\/wp-json\/wp\/v2\/posts\/125211","targetHints":{"allow":["GET"]}}],"collection":[{"href":"https:\/\/www.europesays.com\/fi\/wp-json\/wp\/v2\/posts"}],"about":[{"href":"https:\/\/www.europesays.com\/fi\/wp-json\/wp\/v2\/types\/post"}],"author":[{"embeddable":true,"href":"https:\/\/www.europesays.com\/fi\/wp-json\/wp\/v2\/users\/2"}],"replies":[{"embeddable":true,"href":"https:\/\/www.europesays.com\/fi\/wp-json\/wp\/v2\/comments?post=125211"}],"version-history":[{"count":0,"href":"https:\/\/www.europesays.com\/fi\/wp-json\/wp\/v2\/posts\/125211\/revisions"}],"wp:featuredmedia":[{"embeddable":true,"href":"https:\/\/www.europesays.com\/fi\/wp-json\/wp\/v2\/media\/125212"}],"wp:attachment":[{"href":"https:\/\/www.europesays.com\/fi\/wp-json\/wp\/v2\/media?parent=125211"}],"wp:term":[{"taxonomy":"category","embeddable":true,"href":"https:\/\/www.europesays.com\/fi\/wp-json\/wp\/v2\/categories?post=125211"},{"taxonomy":"post_tag","embeddable":true,"href":"https:\/\/www.europesays.com\/fi\/wp-json\/wp\/v2\/tags?post=125211"}],"curies":[{"name":"wp","href":"https:\/\/api.w.org\/{rel}","templated":true}]}}