{"id":125215,"date":"2025-12-25T02:12:08","date_gmt":"2025-12-25T02:12:08","guid":{"rendered":"https:\/\/www.europesays.com\/fi\/125215\/"},"modified":"2025-12-25T02:12:08","modified_gmt":"2025-12-25T02:12:08","slug":"trumpin-tukema-oikeistolainen-nasry-asfura-voitti-hondurasin-vaalit-2","status":"publish","type":"post","link":"https:\/\/www.europesays.com\/fi\/125215\/","title":{"rendered":"Trumpin tukema oikeistolainen Nasry Asfura voitti Hondurasin vaalit"},"content":{"rendered":"<p>Valtapuolue Libren presidenttiehdokas syytti aiemmin Donald Trumpia maan vaaleihin sekaantumisesta.<\/p>\n<p>Lue tiivistelm\u00e4<\/p>\n<p class=\"article-body mb-nof-24 px-nof-16 sndp-summary-bullet-point-font\">Oikeistolainen Nasry Asfura on voittanut Hondurasin presidentinvaalit saaden hieman yli 40 prosenttia \u00e4\u00e4nist\u00e4.<\/p>\n<p class=\"article-body mb-nof-24 px-nof-16 sndp-summary-bullet-point-font\">Yhdysvaltain presidentti Donald Trump ilmoitti ennen vaaleja tukevansa Asfuraa ja uhkasi leikata Yhdysvaltojen tukea Hondurasille, jos Asfura h\u00e4vi\u00e4\u00e4.<\/p>\n<p class=\"article-body mb-nof-24 px-nof-16 sndp-summary-bullet-point-font\">67-vuotias Asfura aloittaa kautensa 27. tammikuuta, ja Yhdysvaltain ulkoministeri Marco Rubio sanoi odottavansa yhteisty\u00f6t\u00e4 muun muassa laittoman maahanmuuton lopettamiseksi.<\/p>\n<p class=\"article-body mb-nof-24 px-nof-16\">Oikeistolainen <a class=\"article-personlink\" href=\"https:\/\/www.is.fi\/haku\/?query=Nasry%20Asfura\" rel=\"nofollow noopener\" target=\"_blank\">Nasry Asfura<\/a> julistettiin keskiviikkona Hondurasin presidentinvaalien voittajaksi.<\/p>\n<p class=\"article-body mb-nof-24 px-nof-16\">Asfuran kerrotaan saaneen hieman yli 40 prosenttia \u00e4\u00e4nist\u00e4, kun toiseksi tullut niin ik\u00e4\u00e4n konservatiivi <a class=\"article-personlink\" href=\"https:\/\/www.is.fi\/haku\/?query=Salvador%20Nasralla\" rel=\"nofollow noopener\" target=\"_blank\">Salvador Nasralla<\/a> sai v\u00e4h\u00e4n yli 39 prosenttia \u00e4\u00e4nist\u00e4. Valtapuolue Libren presidenttiehdokas<a class=\"article-personlink\" href=\"https:\/\/www.is.fi\/haku\/?query=%20Rixi%20Moncada\" rel=\"nofollow noopener\" target=\"_blank\"> Rixi Moncada<\/a> ker\u00e4si noin 19 prosentin \u00e4\u00e4nisaaliin.<\/p>\n<p class=\"article-body mb-nof-24 px-nof-16\">\u2013 Honduras: Olen valmiina johtamaan, en pet\u00e4 luottamustanne, Asfura kirjoitti viestipalvelu X:ss\u00e4, kun h\u00e4nen voittonsa oli vahvistettu.<\/p>\n<p class=\"article-body mb-nof-24 px-nof-16\">Asfura 67-vuotias. H\u00e4nen vanhempansa ovat palestiinalaisia maahanmuuttajia.<\/p>\n<p class=\"article-body mb-nof-24 px-nof-16\">Ennen vaaleja Yhdysvaltain presidentti <a class=\"article-personlink\" href=\"https:\/\/www.is.fi\/haku\/?query=Donald%20Trump\" rel=\"nofollow noopener\" target=\"_blank\">Donald Trump<\/a> ilmoitti tukevansa konservatiivipuolueesta tulevaa Asfuraa. Trump my\u00f6s <a class=\"underline underline-offset-[0.12em] [text-decoration-thickness:var(--generic-link-underline-thickness)] [text-decoration-color:var(--generic-link-underline-color)] [text-decoration-skip-ink:var(--generic-link-underline-skip-ink)] break-words\" href=\"https:\/\/truthsocial.com\/@realDonaldTrump\/posts\/115629406693931908\" rel=\"nofollow noopener\" target=\"_blank\">uhkasi<\/a> lis\u00e4ksi leikata Yhdysvaltojen tukea Hondurasille, jos Asfura h\u00e4vi\u00e4\u00e4 vaalit.<\/p>\n<p class=\"article-body mb-nof-24 px-nof-16\">Moncada syytti marraskuussa Trumpia vaaleihin sekaantumisesta.<\/p>\n<p class=\"article-body mb-nof-24 px-nof-16\">Vaalit j\u00e4rjestettiin jo joulukuun alussa, mutta tulosten julkistaminen viiv\u00e4styi tahmeasti edenneen \u00e4\u00e4ntenlaskun vuoksi. Nasralla my\u00f6s syytti vaaleja kertaalleen vilpillisiksi ja vaati kaikkien \u00e4\u00e4nten uudelleenlaskentaa.<\/p>\n<p class=\"article-body mb-nof-24 px-nof-16\">Vain muutama minuutti tulosten julkistamisen j\u00e4lkeen Yhdysvallat onnitteli Asfuraa voitosta.<\/p>\n<p class=\"article-body mb-nof-24 px-nof-16\">Ulkoministeri <a class=\"article-personlink\" href=\"https:\/\/www.is.fi\/haku\/?query=Marco%20Rubio\" rel=\"nofollow noopener\" target=\"_blank\">Marco Rubio<\/a> sanoi lausunnossa, ett\u00e4 Yhdysvallat odottaa Asfuran kanssa ty\u00f6skentely\u00e4 kahdenv\u00e4listen suhteiden edist\u00e4miseksi ja yhteisty\u00f6t\u00e4 alueellisen turvallisuuden takaamiseksi ja taloudellisten siteiden vahvistamiseksi.<\/p>\n<p class=\"article-body mb-nof-24 px-nof-16\">Lis\u00e4ksi lausunnossa toivotaan ponnisteluja Yhdysvaltoihin suuntautuvan laittoman maahanmuuton lopettamiseksi.<\/p>\n<p class=\"article-body mb-nof-24 px-nof-16\">Asfuran kausi alkaa 27. tammikuuta.<\/p>\n<p class=\"article-body mb-nof-24 px-nof-16\">Vaalien alla Trump armahti Hondurasin entisen presidentin <a class=\"article-personlink article-strong\" href=\"https:\/\/www.is.fi\/haku\/?query=Juan%20Orlando%20Hern%C3%A1ndezin\" rel=\"nofollow noopener\" target=\"_blank\">Juan Orlando Hern\u00e1ndezin<\/a>, joka istui vankilassa Yhdysvalloissa huumerikoksista. H\u00e4net oli tuomittu rikoksista 45 vuoden vankeuteen viime vuonna.<\/p>\n<p class=\"article-body mb-nof-24 px-nof-16\">Liittovaltion tuomioistuin New Yorkissa piti syytt\u00e4j\u00e4n n\u00e4ytt\u00f6\u00e4 vahvana siit\u00e4, ett\u00e4 presidenttin\u00e4 vuosina 2014\u20132022 Hern\u00e1ndez kietoi Hondurasin hallinnon yhteen j\u00e4rjest\u00e4ytyneen rikollisuuden kanssa ja oli avainroolissa 500 kokaiinitonnin toimittamisessa Yhdysvaltoihin.<\/p>\n<p class=\"article-body mb-nof-24 px-nof-16\">Trumpin p\u00e4\u00e4t\u00f6s her\u00e4tti ainakin h\u00e4nen vastustajissaan arvostelua, sill\u00e4 se vaikuttaa olevan suuressa ristiriidassa Yhdysvaltojen muihin toimiin Karibialla ja etenkin Venezuelaa kohtaan.<\/p>\n<p class=\"article-body mb-nof-24 px-nof-16\">Trump on uhannut Venezuelaa ilmaiskuilla ja m\u00e4\u00e4r\u00e4nnyt maalle taloudellisia pakotteita. Lis\u00e4ksi Yhdysvallat on tehnyt kymmeni\u00e4 iskuja Karibianmerell\u00e4 ja Tyynell\u00e4merell\u00e4 seilanneisiin aluksiin, joiden Valkoinen talo on v\u00e4itt\u00e4nyt salakuljettaneen huumeita.<\/p>\n<p class=\"article-body mb-nof-24 px-nof-16\">Vaalien tuloksista uutisoivat muun muassa uutistoimistot Reuters ja AFP.<\/p>\n","protected":false},"excerpt":{"rendered":"Valtapuolue Libren presidenttiehdokas syytti aiemmin Donald Trumpia maan vaaleihin sekaantumisesta. Lue tiivistelm\u00e4 Oikeistolainen Nasry Asfura on voittanut Hondurasin&hellip;\n","protected":false},"author":2,"featured_media":125216,"comment_status":"","ping_status":"","sticky":false,"template":"","format":"standard","meta":{"footnotes":""},"categories":[14],"tags":[22,23,26,27,33,31,30,17,34,24,25,28,29,15,18,21,32,19,20,56,16,59,60,61],"class_list":{"0":"post-125215","1":"post","2":"type-post","3":"status-publish","4":"format-standard","5":"has-post-thumbnail","7":"category-ulkomaat","8":"tag-breaking-news","9":"tag-breakingnews","10":"tag-featured-news","11":"tag-featurednews","12":"tag-fi","13":"tag-finland","14":"tag-finnish","15":"tag-headlines","16":"tag-ilta-sanomat","17":"tag-latest-news","18":"tag-latestnews","19":"tag-main-news","20":"tag-mainnews","21":"tag-news","22":"tag-otsikot","23":"tag-paauutiset","24":"tag-suomi","25":"tag-top-stories","26":"tag-topstories","27":"tag-ulkomaat","28":"tag-uutiset","29":"tag-world","30":"tag-world-news","31":"tag-worldnews"},"share_on_mastodon":{"url":"https:\/\/pubeurope.com\/@fi\/115777787958541811","error":""},"_links":{"self":[{"href":"https:\/\/www.europesays.com\/fi\/wp-json\/wp\/v2\/posts\/125215","targetHints":{"allow":["GET"]}}],"collection":[{"href":"https:\/\/www.europesays.com\/fi\/wp-json\/wp\/v2\/posts"}],"about":[{"href":"https:\/\/www.europesays.com\/fi\/wp-json\/wp\/v2\/types\/post"}],"author":[{"embeddable":true,"href":"https:\/\/www.europesays.com\/fi\/wp-json\/wp\/v2\/users\/2"}],"replies":[{"embeddable":true,"href":"https:\/\/www.europesays.com\/fi\/wp-json\/wp\/v2\/comments?post=125215"}],"version-history":[{"count":0,"href":"https:\/\/www.europesays.com\/fi\/wp-json\/wp\/v2\/posts\/125215\/revisions"}],"wp:featuredmedia":[{"embeddable":true,"href":"https:\/\/www.europesays.com\/fi\/wp-json\/wp\/v2\/media\/125216"}],"wp:attachment":[{"href":"https:\/\/www.europesays.com\/fi\/wp-json\/wp\/v2\/media?parent=125215"}],"wp:term":[{"taxonomy":"category","embeddable":true,"href":"https:\/\/www.europesays.com\/fi\/wp-json\/wp\/v2\/categories?post=125215"},{"taxonomy":"post_tag","embeddable":true,"href":"https:\/\/www.europesays.com\/fi\/wp-json\/wp\/v2\/tags?post=125215"}],"curies":[{"name":"wp","href":"https:\/\/api.w.org\/{rel}","templated":true}]}}