{"id":125217,"date":"2025-12-25T02:13:08","date_gmt":"2025-12-25T02:13:08","guid":{"rendered":"https:\/\/www.europesays.com\/fi\/125217\/"},"modified":"2025-12-25T02:13:08","modified_gmt":"2025-12-25T02:13:08","slug":"evijarvella-kokoontui-kymmenia-ihmisia-jottei-tarvitsisi-olla-jouluaattona-yksin","status":"publish","type":"post","link":"https:\/\/www.europesays.com\/fi\/125217\/","title":{"rendered":"Evij\u00e4rvell\u00e4 kokoontui kymmeni\u00e4 ihmisi\u00e4, jottei tarvitsisi olla jouluaattona yksin"},"content":{"rendered":"<p>Evij\u00e4rvell\u00e4 vietettiin kaikille avointa jouluaaton juhlaa. Yhdess\u00e4olo toi monille iloa ja kaivattua piristyst\u00e4 jouluun.<\/p>\n<p><img decoding=\"async\" class=\"image image-show image-preview\" src=\"https:\/\/www.europesays.com\/fi\/wp-content\/uploads\/2025\/12\/85a4189f5461d56a28a07c3299a95bf843a62292d002ef16dc40c42c8fe0ec0b.jpg\" alt=\"\"\/><img decoding=\"async\" class=\"image image-show\" src=\"https:\/\/www.europesays.com\/fi\/wp-content\/uploads\/2025\/12\/1766628788_390_85a4189f5461d56a28a07c3299a95bf843a62292d002ef16dc40c42c8fe0ec0b.jpg\" alt=\"\"\/><\/p>\n<p>Evij\u00e4rven joulujuhlassa nautittiin jouluruoasta l\u00e4mpim\u00e4ss\u00e4 ilmapiiriss\u00e4. Tomi Olli<\/p>\n<p class=\"paragraph\">Evij\u00e4rven Inankyl\u00e4n nuorisoseura t\u00e4yttyi l\u00e4mpim\u00e4st\u00e4 joulutunnelmasta, kun SPR:n Evij\u00e4rven osaston, kunnan, seurakunnan ja Lions Clubin j\u00e4rjest\u00e4m\u00e4 joulujuhla ker\u00e4si yhteen eri-ik\u00e4isi\u00e4 ja erilaisissa el\u00e4m\u00e4ntilanteessa el\u00e4vi\u00e4.<\/p>\n<p class=\"paragraph\">Kaikkiaan paikalle saapui kuutisenkymment\u00e4 henke\u00e4 nauttimaan jouluateriasta, ohjelmasta sek\u00e4 tapaamaan toisia. Muiden tapaaminen ja yhdess\u00e4olo olikin monelle t\u00e4rke\u00e4 vaikutin, sill\u00e4 muutoin joulu sujuisi yksin kotona. <strong>Virva M\u00e4kinen<\/strong> saapui paikalle sosiaalisista syist\u00e4.<\/p>\n<p class=\"paragraph\">\u2013 Olisin viett\u00e4nyt joulun yksin ilman t\u00e4t\u00e4 tapahtumaa. On todella l\u00e4mmitt\u00e4v\u00e4\u00e4, ett\u00e4 t\u00e4llainen j\u00e4rjestettiin. Olen ollut monta joulua yksin, ja se ei ole mukavaa. Silloin ei oikein voi tehd\u00e4 muuta kuin katsoa haikealla mielell\u00e4 televisiosta jouluohjelmia ja t\u00e4ytt\u00e4\u00e4 ristisanoja.<\/p>\n<p class=\"paragraph\">Yksin\u00e4isyys on nostanut toisinaan M\u00e4kisess\u00e4 pintaan voimakkaita tunteita.<\/p>\n<p class=\"paragraph\">\u2013 Itkukin on tullut useita kertoja. Kun tuntuu oikein pahalta, k\u00e4\u00e4nn\u00e4n ajatukset hyviin ja mukaviin tapahtumiin el\u00e4m\u00e4n varrelta, se helpottaa ja pirist\u00e4\u00e4 mielt\u00e4.<\/p>\n<p class=\"paragraph\">H\u00e4n toivoo ihmisen huomioivan ja v\u00e4litt\u00e4v\u00e4n ylip\u00e4\u00e4t\u00e4\u00e4n enemm\u00e4n toisistaan.<\/p>\n<p class=\"paragraph\">\u2013 Yksin\u00e4isyys on yhteiskunnassamme suuri ongelma, monet kaipaavat toisen ihmisen seuraa. Monelle olisi suuri asia pelk\u00e4st\u00e4\u00e4n se, ett\u00e4 vaikkapa naapurit vaihtaisivat muutaman sanan.<\/p>\n<p class=\"paragraph\">Kysytt\u00e4ess\u00e4 erikoista joulumuistoa, nostaa M\u00e4kinen esiin lapsuuden joulun Tampereella. H\u00e4n oli silloin viisivuotias.<\/p>\n<p class=\"paragraph\">\u2013 Tapasin joulupukin ja poron. P\u00e4\u00e4sin ajamaankin poroa reest\u00e4 k\u00e4sin. Poro my\u00f6s nuoli kasvojani, mik\u00e4 j\u00e4i mieleeni. Toivoin pukilta viel\u00e4 poroa joululahjaksi, mutta sit\u00e4 en kuitenkaan saanut, M\u00e4kinen nauraa.<\/p>\n<p>Virva M\u00e4kinen ja muut osallistujat saivat pienen joululahjan. Tomi Olli<\/p>\n<p>Enemm\u00e4n v\u00e4litt\u00e4mist\u00e4<\/p>\n<p class=\"paragraph\"><strong>Martti Joensuu<\/strong> l\u00e4hti my\u00f6s mukaan sosiaalisista syist\u00e4, joulu olisi sujunut muutoin yksin.<\/p>\n<p class=\"paragraph\">\u2013 Kun t\u00e4llainen tilaisuus j\u00e4rjestettiin, tunsin jopa velvollisuudekseni l\u00e4hte\u00e4 paikalle. Kun t\u00e4\u00e4ll\u00e4 saa tavata monia ihmisi\u00e4, on sill\u00e4 suuri merkitys, sellainen j\u00e4\u00e4 mieleen. Koen t\u00e4llaisen vapaamuotoisen juhlan mielt\u00e4 l\u00e4mmitt\u00e4v\u00e4n\u00e4.<\/p>\n<p class=\"paragraph\">H\u00e4n toivoo M\u00e4kisen tavoin ihmisten huomioivan toisiaan.<\/p>\n<p class=\"paragraph\">\u2013 Yksin\u00e4isyys on suuri ongelma. Maaseudulla onneksi k\u00e4yd\u00e4\u00e4n kaupunkeja helpommin kysym\u00e4ss\u00e4, miten naapurissa menee. Toivonkin yhteiskuntaan enemm\u00e4n v\u00e4litt\u00e4mist\u00e4, monille olisi iso asia, jos joku kysyy, tarvitaanko apua.<\/p>\n<p class=\"paragraph\">87-vuotias Joensuu haluaa muutoinkin pysy\u00e4 liikkeell\u00e4, pelkk\u00e4 kotona olo ei innosta.<\/p>\n<p class=\"paragraph\">\u2013 Jos j\u00e4\u00e4n kiikkustuoliin, ei mist\u00e4\u00e4n tule mit\u00e4\u00e4n, on hyv\u00e4 olla aktiivinen voimien mukaan.<\/p>\n<p class=\"paragraph\"><strong>Susanne<\/strong> ja <strong>Tuomas Holma<\/strong> olivat mukana osallistujina ja talkoolaisina. Mukana oli viidest\u00e4 lapsesta nelj\u00e4.<\/p>\n<p class=\"paragraph\">\u2013 On hienoa olla mukana talkoohommissa, se tuo hyv\u00e4n mielen. Olemme muutoinkin olleet molemmat vapaaehtoisty\u00f6ss\u00e4. Olemme my\u00f6s itse saaneet ruoka-apua isolle perheellemme, eli tied\u00e4n, miten hyv\u00e4lt\u00e4 se tuntuu, Susanne toteaa.<\/p>\n<p class=\"paragraph\">Tuomas toivoo yhteiskuntaan lis\u00e4\u00e4 v\u00e4litt\u00e4mist\u00e4.<\/p>\n<p class=\"paragraph\">\u2013 Kun pys\u00e4htyy vain kuuntelemaan toista ihmist\u00e4, on jo sill\u00e4 iso merkitys.<\/p>\n<p>Martti Joensuu toivoo ihmisten v\u00e4litt\u00e4v\u00e4n enemm\u00e4n toisistaan. Tomi Olli<\/p>\n<p>Susanne ja Tuomas Holma olivat paikalla nelj\u00e4n lapsensa kanssa. Tomi Olli<\/p>\n<p>Idea yksin\u00e4isyydest\u00e4<\/p>\n<p class=\"paragraph\">Tapahtuman alkukipin\u00e4 syttyi viime jouluna, kun SPR:n Evij\u00e4rven osastoon kuuluva <strong>Kaisu Huhtala<\/strong> sai idean jouluaaton tapahtumasta. T\u00e4rke\u00e4 vaikutin oli h\u00e4nen oma el\u00e4m\u00e4ntilanteensa.<\/p>\n<p class=\"paragraph\">\u2013 Minulla oli ollut jo pitk\u00e4\u00e4n haave toteuttaa t\u00e4llainen tapahtuma, sill\u00e4 kuulun itse jouluyksin\u00e4isiin. Vaikka seuraa on muulloin paljon, olen jouluna yksin.<\/p>\n<p class=\"paragraph\">\u2013 P\u00e4\u00e4tin vuosi sitten jouluaattona kirjoittaa Evij\u00e4rven Facebook-ryhm\u00e4\u00e4n joulujuhlapohdintaa, ja siit\u00e4 asia l\u00e4hti etenem\u00e4\u00e4n SPR:n j\u00e4senten otettua kopin asiasta. Sen j\u00e4lkeen l\u00e4hestyin asialla muita j\u00e4rjest\u00e4j\u00e4tahoja. Olenkin hyvin iloinen, ett\u00e4 t\u00e4llainen tapahtuma saatiin toteutumaan.<\/p>\n<p class=\"paragraph\">Huhtala pit\u00e4\u00e4 yksin\u00e4isyytt\u00e4 surullisena ongelmana.<\/p>\n<p class=\"paragraph\">\u2013 Monet ovat ik\u00e4v\u00e4 kyll\u00e4 yksin\u00e4isi\u00e4 ymp\u00e4ri vuoden. Yksin\u00e4isyyden syit\u00e4 on monia, ne voivat olla niin fyysisi\u00e4 kuin henkisi\u00e4.<\/p>\n<p class=\"paragraph\">H\u00e4n on huolissaan nykyisest\u00e4 el\u00e4m\u00e4nrytmist\u00e4, miss\u00e4 toisten huomioiminen j\u00e4\u00e4 kiireen vuoksi usein v\u00e4hiin.<\/p>\n<p class=\"paragraph\">\u2013 T\u00e4n\u00e4 p\u00e4iv\u00e4n\u00e4 kiireen oravanpy\u00f6r\u00e4ss\u00e4 juokseminen vie monien voimat. Uskon kuitenkin, ett\u00e4 ihmisiss\u00e4 on luontainen halu auttaa toisia kun vain omat voimavarat antavat my\u00f6den.<\/p>\n<p class=\"paragraph\">Uskalla hakea apua! Mielenterveysongelmiin ja itsetuhoisiin ajatuksiin <a href=\"https:\/\/www.iltalehti.fi\/terveysuutiset\/201806102200998639\" rel=\"nofollow noopener\" target=\"_blank\">on saatavilla kattavasti tukea<\/a>.<\/p>\n<p>Kaisu Huhtala (vas.) ja Marjaana Hinkka touhusivat keitti\u00f6ss\u00e4. Tomi Olli<\/p>\n","protected":false},"excerpt":{"rendered":"Evij\u00e4rvell\u00e4 vietettiin kaikille avointa jouluaaton juhlaa. Yhdess\u00e4olo toi monille iloa ja kaivattua piristyst\u00e4 jouluun. Evij\u00e4rven joulujuhlassa nautittiin jouluruoasta&hellip;\n","protected":false},"author":2,"featured_media":125218,"comment_status":"","ping_status":"","sticky":false,"template":"","format":"standard","meta":{"footnotes":""},"categories":[12],"tags":[35,22,23,26,27,33,31,30,17,101,3674,99,100,24,25,28,29,15,18,21,98,32,19,20,16],"class_list":{"0":"post-125217","1":"post","2":"type-post","3":"status-publish","4":"format-standard","5":"has-post-thumbnail","7":"category-suomi","8":"tag-24h","9":"tag-breaking-news","10":"tag-breakingnews","11":"tag-featured-news","12":"tag-featurednews","13":"tag-fi","14":"tag-finland","15":"tag-finnish","16":"tag-headlines","17":"tag-ihmissuhteet","18":"tag-juhla-ja-vapaapaivat","19":"tag-lapset","20":"tag-lapset-ja-nuoret","21":"tag-latest-news","22":"tag-latestnews","23":"tag-main-news","24":"tag-mainnews","25":"tag-news","26":"tag-otsikot","27":"tag-paauutiset","28":"tag-perhe","29":"tag-suomi","30":"tag-top-stories","31":"tag-topstories","32":"tag-uutiset"},"share_on_mastodon":{"url":"https:\/\/pubeurope.com\/@fi\/115777792504496126","error":""},"_links":{"self":[{"href":"https:\/\/www.europesays.com\/fi\/wp-json\/wp\/v2\/posts\/125217","targetHints":{"allow":["GET"]}}],"collection":[{"href":"https:\/\/www.europesays.com\/fi\/wp-json\/wp\/v2\/posts"}],"about":[{"href":"https:\/\/www.europesays.com\/fi\/wp-json\/wp\/v2\/types\/post"}],"author":[{"embeddable":true,"href":"https:\/\/www.europesays.com\/fi\/wp-json\/wp\/v2\/users\/2"}],"replies":[{"embeddable":true,"href":"https:\/\/www.europesays.com\/fi\/wp-json\/wp\/v2\/comments?post=125217"}],"version-history":[{"count":0,"href":"https:\/\/www.europesays.com\/fi\/wp-json\/wp\/v2\/posts\/125217\/revisions"}],"wp:featuredmedia":[{"embeddable":true,"href":"https:\/\/www.europesays.com\/fi\/wp-json\/wp\/v2\/media\/125218"}],"wp:attachment":[{"href":"https:\/\/www.europesays.com\/fi\/wp-json\/wp\/v2\/media?parent=125217"}],"wp:term":[{"taxonomy":"category","embeddable":true,"href":"https:\/\/www.europesays.com\/fi\/wp-json\/wp\/v2\/categories?post=125217"},{"taxonomy":"post_tag","embeddable":true,"href":"https:\/\/www.europesays.com\/fi\/wp-json\/wp\/v2\/tags?post=125217"}],"curies":[{"name":"wp","href":"https:\/\/api.w.org\/{rel}","templated":true}]}}